{"id":3554,"date":"2017-12-11T11:46:37","date_gmt":"2017-12-11T11:46:37","guid":{"rendered":"http:\/\/vasasbasket.hu\/?p=3554"},"modified":"2017-12-12T11:47:47","modified_gmt":"2017-12-12T11:47:47","slug":"regionalis-junior-bajnoksag-alapszakasz-rajatszas-2","status":"publish","type":"post","link":"https:\/\/vasasbasket.hu\/index.php\/regionalis-junior-bajnoksag-alapszakasz-rajatszas-2\/","title":{"rendered":"Region\u00e1lis Junior Bajnoks\u00e1g &#8211; Alapszakasz &#8211; R\u00e1j\u00e1tsz\u00e1s"},"content":{"rendered":"<p><u>2017.12.09. szombat 10:00\u00a0 (Bp. IX. Kinizsi u.))<\/u><\/p>\n<h2><strong>KLKS &#8211;\u00a0Vasas Akad\u00e9mia \/B\u00a0 51\u00a0&#8211; 107 <\/strong><\/h2>\n<p><strong>(12-27, 8-21, 16-24, 15-35)<\/strong><\/p>\n<p>&nbsp;<\/p>\n<p>Pontszerz\u0151k:<strong>KLKS: <\/strong>Ign\u00e1cz B. 10, T\u00fcske A. 12, Kov\u00e1cs L. 14, Ozsv\u00e1rt K. 4, T\u00fcske F. 4, Hamzi V. 2, Rojas-Azary M. 3, Horv\u00e1th A. 2<\/p>\n<p><strong>Vasas Akad\u00e9mia \/B:\u00a0<\/strong>\u00a0M\u00e1tyus Zo\u00e9 14, Mudra Viola 12, D\u00fal Terka 8, Altmann Anna 18\/3, Szerencs\u00e9s Tamara 10, V\u00edgh Bernadett 8, M\u00e1nyoky R\u00e9ka 10, Kuncz Petra (Pepe) 19, Pintye Petra, Kun Rita 4, Sikl\u00f3s Dorottya 4<\/p>\n<p>&nbsp;<\/p>\n<p>Nehezen hangol\u00f3dtunk a m\u00e9rk\u0151z\u00e9sre, \u00e9s el\u00e9g hull\u00e1mz\u00f3 teljes\u00edtm\u00e9nyt ny\u00fajtottunk, m\u00e9gis j\u00f3 lehet\u0151s\u00e9g volt k\u00fcl\u00f6nb\u00f6z\u0151 feladatok gyakorl\u00e1s\u00e1ra. Rem\u00e9lem profit\u00e1lunk bel\u0151le, \u00e9s m\u00e9rk\u0151z\u00e9sr\u0151l m\u00e9rk\u0151z\u00e9sre kevesebb hib\u00e1t v\u00e9t\u00fcnk.<\/p>\n","protected":false},"excerpt":{"rendered":"<p>2017.12.09. szombat 10:00\u00a0 (Bp. IX. Kinizsi u.)) KLKS &#8211;\u00a0Vasas Akad\u00e9mia \/B\u00a0 51\u00a0&#8211; 107 (12-27, 8-21, 16-24, 15-35) &nbsp; Pontszerz\u0151k:KLKS: Ign\u00e1cz B. 10, T\u00fcske A. 12, Kov\u00e1cs L. 14, Ozsv\u00e1rt K. 4, T\u00fcske F. 4, Hamzi V. 2, Rojas-Azary M. 3, Horv\u00e1th A. 2 Vasas Akad\u00e9mia \/B:\u00a0\u00a0M\u00e1tyus Zo\u00e9 14, Mudra Viola 12, D\u00fal Terka 8, Altmann&#8230;<\/p>\n","protected":false},"author":1,"featured_media":3287,"comment_status":"closed","ping_status":"open","sticky":false,"template":"","format":"standard","meta":{"footnotes":""},"categories":[50,92],"tags":[],"class_list":["post-3554","post","type-post","status-publish","format-standard","has-post-thumbnail","hentry","category-junior","category-hirek"],"yoast_head":"<!-- This site is optimized with the Yoast SEO plugin v26.0 - https:\/\/yoast.com\/wordpress\/plugins\/seo\/ -->\n<title>Region\u00e1lis Junior Bajnoks\u00e1g - Alapszakasz - R\u00e1j\u00e1tsz\u00e1s - Vasas n\u0151i kos\u00e1rlabda<\/title>\n<meta name=\"robots\" content=\"index, follow, max-snippet:-1, max-image-preview:large, max-video-preview:-1\" \/>\n<link rel=\"canonical\" href=\"https:\/\/vasasbasket.hu\/index.php\/regionalis-junior-bajnoksag-alapszakasz-rajatszas-2\/\" \/>\n<meta property=\"og:locale\" content=\"hu_HU\" \/>\n<meta property=\"og:type\" content=\"article\" \/>\n<meta property=\"og:title\" content=\"Region\u00e1lis Junior Bajnoks\u00e1g - Alapszakasz - R\u00e1j\u00e1tsz\u00e1s - Vasas n\u0151i kos\u00e1rlabda\" \/>\n<meta property=\"og:description\" content=\"2017.12.09. szombat 10:00\u00a0 (Bp. IX. Kinizsi u.)) KLKS &#8211;\u00a0Vasas Akad\u00e9mia \/B\u00a0 51\u00a0&#8211; 107 (12-27, 8-21, 16-24, 15-35) &nbsp; Pontszerz\u0151k:KLKS: Ign\u00e1cz B. 10, T\u00fcske A. 12, Kov\u00e1cs L. 14, Ozsv\u00e1rt K. 4, T\u00fcske F. 4, Hamzi V. 2, Rojas-Azary M. 3, Horv\u00e1th A. 2 Vasas Akad\u00e9mia \/B:\u00a0\u00a0M\u00e1tyus Zo\u00e9 14, Mudra Viola 12, D\u00fal Terka 8, Altmann...\" \/>\n<meta property=\"og:url\" content=\"https:\/\/vasasbasket.hu\/index.php\/regionalis-junior-bajnoksag-alapszakasz-rajatszas-2\/\" \/>\n<meta property=\"og:site_name\" content=\"Vasas n\u0151i kos\u00e1rlabda\" \/>\n<meta property=\"article:publisher\" content=\"https:\/\/www.facebook.com\/vasaswbasket\/\" \/>\n<meta property=\"article:published_time\" content=\"2017-12-11T11:46:37+00:00\" \/>\n<meta property=\"article:modified_time\" content=\"2017-12-12T11:47:47+00:00\" \/>\n<meta property=\"og:image\" content=\"https:\/\/vasasbasket.hu\/wp-content\/uploads\/2017\/03\/kadett-scaled.jpg\" \/>\n\t<meta property=\"og:image:width\" content=\"2560\" \/>\n\t<meta property=\"og:image:height\" content=\"1920\" \/>\n\t<meta property=\"og:image:type\" content=\"image\/jpeg\" \/>\n<meta name=\"author\" content=\"admin\" \/>\n<meta name=\"twitter:card\" content=\"summary_large_image\" \/>\n<meta name=\"twitter:label1\" content=\"Szerz\u0151:\" \/>\n\t<meta name=\"twitter:data1\" content=\"admin\" \/>\n\t<meta name=\"twitter:label2\" content=\"Becs\u00fclt olvas\u00e1si id\u0151\" \/>\n\t<meta name=\"twitter:data2\" content=\"1 perc\" \/>\n<script type=\"application\/ld+json\" class=\"yoast-schema-graph\">{\"@context\":\"https:\/\/schema.org\",\"@graph\":[{\"@type\":\"Article\",\"@id\":\"https:\/\/vasasbasket.hu\/index.php\/regionalis-junior-bajnoksag-alapszakasz-rajatszas-2\/#article\",\"isPartOf\":{\"@id\":\"https:\/\/vasasbasket.hu\/index.php\/regionalis-junior-bajnoksag-alapszakasz-rajatszas-2\/\"},\"author\":{\"name\":\"admin\",\"@id\":\"https:\/\/vasasbasket.hu\/#\/schema\/person\/f1085f4d2c6582d8d0f977e92de2edee\"},\"headline\":\"Region\u00e1lis Junior Bajnoks\u00e1g &#8211; Alapszakasz &#8211; R\u00e1j\u00e1tsz\u00e1s\",\"datePublished\":\"2017-12-11T11:46:37+00:00\",\"dateModified\":\"2017-12-12T11:47:47+00:00\",\"mainEntityOfPage\":{\"@id\":\"https:\/\/vasasbasket.hu\/index.php\/regionalis-junior-bajnoksag-alapszakasz-rajatszas-2\/\"},\"wordCount\":144,\"publisher\":{\"@id\":\"https:\/\/vasasbasket.hu\/#organization\"},\"image\":{\"@id\":\"https:\/\/vasasbasket.hu\/index.php\/regionalis-junior-bajnoksag-alapszakasz-rajatszas-2\/#primaryimage\"},\"thumbnailUrl\":\"https:\/\/vasasbasket.hu\/wp-content\/uploads\/2017\/03\/kadett-scaled.jpg\",\"articleSection\":[\"Junior\",\"\u00d6sszes H\u00edr\"],\"inLanguage\":\"hu\"},{\"@type\":\"WebPage\",\"@id\":\"https:\/\/vasasbasket.hu\/index.php\/regionalis-junior-bajnoksag-alapszakasz-rajatszas-2\/\",\"url\":\"https:\/\/vasasbasket.hu\/index.php\/regionalis-junior-bajnoksag-alapszakasz-rajatszas-2\/\",\"name\":\"Region\u00e1lis Junior Bajnoks\u00e1g - Alapszakasz - R\u00e1j\u00e1tsz\u00e1s - Vasas n\u0151i kos\u00e1rlabda\",\"isPartOf\":{\"@id\":\"https:\/\/vasasbasket.hu\/#website\"},\"primaryImageOfPage\":{\"@id\":\"https:\/\/vasasbasket.hu\/index.php\/regionalis-junior-bajnoksag-alapszakasz-rajatszas-2\/#primaryimage\"},\"image\":{\"@id\":\"https:\/\/vasasbasket.hu\/index.php\/regionalis-junior-bajnoksag-alapszakasz-rajatszas-2\/#primaryimage\"},\"thumbnailUrl\":\"https:\/\/vasasbasket.hu\/wp-content\/uploads\/2017\/03\/kadett-scaled.jpg\",\"datePublished\":\"2017-12-11T11:46:37+00:00\",\"dateModified\":\"2017-12-12T11:47:47+00:00\",\"breadcrumb\":{\"@id\":\"https:\/\/vasasbasket.hu\/index.php\/regionalis-junior-bajnoksag-alapszakasz-rajatszas-2\/#breadcrumb\"},\"inLanguage\":\"hu\",\"potentialAction\":[{\"@type\":\"ReadAction\",\"target\":[\"https:\/\/vasasbasket.hu\/index.php\/regionalis-junior-bajnoksag-alapszakasz-rajatszas-2\/\"]}]},{\"@type\":\"ImageObject\",\"inLanguage\":\"hu\",\"@id\":\"https:\/\/vasasbasket.hu\/index.php\/regionalis-junior-bajnoksag-alapszakasz-rajatszas-2\/#primaryimage\",\"url\":\"https:\/\/vasasbasket.hu\/wp-content\/uploads\/2017\/03\/kadett-scaled.jpg\",\"contentUrl\":\"https:\/\/vasasbasket.hu\/wp-content\/uploads\/2017\/03\/kadett-scaled.jpg\",\"width\":2560,\"height\":1920},{\"@type\":\"BreadcrumbList\",\"@id\":\"https:\/\/vasasbasket.hu\/index.php\/regionalis-junior-bajnoksag-alapszakasz-rajatszas-2\/#breadcrumb\",\"itemListElement\":[{\"@type\":\"ListItem\",\"position\":1,\"name\":\"Kezd\u0151lap\",\"item\":\"https:\/\/vasasbasket.hu\/\"},{\"@type\":\"ListItem\",\"position\":2,\"name\":\"Region\u00e1lis Junior Bajnoks\u00e1g &#8211; Alapszakasz &#8211; R\u00e1j\u00e1tsz\u00e1s\"}]},{\"@type\":\"WebSite\",\"@id\":\"https:\/\/vasasbasket.hu\/#website\",\"url\":\"https:\/\/vasasbasket.hu\/\",\"name\":\"Vasas n\u0151i kos\u00e1rlabda\",\"description\":\"Vasas Basket N\u0151i\",\"publisher\":{\"@id\":\"https:\/\/vasasbasket.hu\/#organization\"},\"potentialAction\":[{\"@type\":\"SearchAction\",\"target\":{\"@type\":\"EntryPoint\",\"urlTemplate\":\"https:\/\/vasasbasket.hu\/?s={search_term_string}\"},\"query-input\":{\"@type\":\"PropertyValueSpecification\",\"valueRequired\":true,\"valueName\":\"search_term_string\"}}],\"inLanguage\":\"hu\"},{\"@type\":\"Organization\",\"@id\":\"https:\/\/vasasbasket.hu\/#organization\",\"name\":\"Vasas n\u0151i kos\u00e1rlabda\",\"url\":\"https:\/\/vasasbasket.hu\/\",\"logo\":{\"@type\":\"ImageObject\",\"inLanguage\":\"hu\",\"@id\":\"https:\/\/vasasbasket.hu\/#\/schema\/logo\/image\/\",\"url\":\"https:\/\/vasasbasket.hu\/wp-content\/uploads\/2017\/03\/vasas_cimer_1200.jpg\",\"contentUrl\":\"https:\/\/vasasbasket.hu\/wp-content\/uploads\/2017\/03\/vasas_cimer_1200.jpg\",\"width\":1200,\"height\":1200,\"caption\":\"Vasas n\u0151i kos\u00e1rlabda\"},\"image\":{\"@id\":\"https:\/\/vasasbasket.hu\/#\/schema\/logo\/image\/\"},\"sameAs\":[\"https:\/\/www.facebook.com\/vasaswbasket\/\"]},{\"@type\":\"Person\",\"@id\":\"https:\/\/vasasbasket.hu\/#\/schema\/person\/f1085f4d2c6582d8d0f977e92de2edee\",\"name\":\"admin\",\"image\":{\"@type\":\"ImageObject\",\"inLanguage\":\"hu\",\"@id\":\"https:\/\/vasasbasket.hu\/#\/schema\/person\/image\/\",\"url\":\"https:\/\/secure.gravatar.com\/avatar\/645c92f7d9cfe02bd93ce2d1cfa11cd3a268bdfe65486552ff04b193cea07634?s=96&d=mm&r=g\",\"contentUrl\":\"https:\/\/secure.gravatar.com\/avatar\/645c92f7d9cfe02bd93ce2d1cfa11cd3a268bdfe65486552ff04b193cea07634?s=96&d=mm&r=g\",\"caption\":\"admin\"},\"url\":\"https:\/\/vasasbasket.hu\/index.php\/author\/admin\/\"}]}<\/script>\n<!-- \/ Yoast SEO plugin. -->","yoast_head_json":{"title":"Region\u00e1lis Junior Bajnoks\u00e1g - Alapszakasz - R\u00e1j\u00e1tsz\u00e1s - Vasas n\u0151i kos\u00e1rlabda","robots":{"index":"index","follow":"follow","max-snippet":"max-snippet:-1","max-image-preview":"max-image-preview:large","max-video-preview":"max-video-preview:-1"},"canonical":"https:\/\/vasasbasket.hu\/index.php\/regionalis-junior-bajnoksag-alapszakasz-rajatszas-2\/","og_locale":"hu_HU","og_type":"article","og_title":"Region\u00e1lis Junior Bajnoks\u00e1g - Alapszakasz - R\u00e1j\u00e1tsz\u00e1s - Vasas n\u0151i kos\u00e1rlabda","og_description":"2017.12.09. szombat 10:00\u00a0 (Bp. IX. Kinizsi u.)) KLKS &#8211;\u00a0Vasas Akad\u00e9mia \/B\u00a0 51\u00a0&#8211; 107 (12-27, 8-21, 16-24, 15-35) &nbsp; Pontszerz\u0151k:KLKS: Ign\u00e1cz B. 10, T\u00fcske A. 12, Kov\u00e1cs L. 14, Ozsv\u00e1rt K. 4, T\u00fcske F. 4, Hamzi V. 2, Rojas-Azary M. 3, Horv\u00e1th A. 2 Vasas Akad\u00e9mia \/B:\u00a0\u00a0M\u00e1tyus Zo\u00e9 14, Mudra Viola 12, D\u00fal Terka 8, Altmann...","og_url":"https:\/\/vasasbasket.hu\/index.php\/regionalis-junior-bajnoksag-alapszakasz-rajatszas-2\/","og_site_name":"Vasas n\u0151i kos\u00e1rlabda","article_publisher":"https:\/\/www.facebook.com\/vasaswbasket\/","article_published_time":"2017-12-11T11:46:37+00:00","article_modified_time":"2017-12-12T11:47:47+00:00","og_image":[{"width":2560,"height":1920,"url":"https:\/\/vasasbasket.hu\/wp-content\/uploads\/2017\/03\/kadett-scaled.jpg","type":"image\/jpeg"}],"author":"admin","twitter_card":"summary_large_image","twitter_misc":{"Szerz\u0151:":"admin","Becs\u00fclt olvas\u00e1si id\u0151":"1 perc"},"schema":{"@context":"https:\/\/schema.org","@graph":[{"@type":"Article","@id":"https:\/\/vasasbasket.hu\/index.php\/regionalis-junior-bajnoksag-alapszakasz-rajatszas-2\/#article","isPartOf":{"@id":"https:\/\/vasasbasket.hu\/index.php\/regionalis-junior-bajnoksag-alapszakasz-rajatszas-2\/"},"author":{"name":"admin","@id":"https:\/\/vasasbasket.hu\/#\/schema\/person\/f1085f4d2c6582d8d0f977e92de2edee"},"headline":"Region\u00e1lis Junior Bajnoks\u00e1g &#8211; Alapszakasz &#8211; R\u00e1j\u00e1tsz\u00e1s","datePublished":"2017-12-11T11:46:37+00:00","dateModified":"2017-12-12T11:47:47+00:00","mainEntityOfPage":{"@id":"https:\/\/vasasbasket.hu\/index.php\/regionalis-junior-bajnoksag-alapszakasz-rajatszas-2\/"},"wordCount":144,"publisher":{"@id":"https:\/\/vasasbasket.hu\/#organization"},"image":{"@id":"https:\/\/vasasbasket.hu\/index.php\/regionalis-junior-bajnoksag-alapszakasz-rajatszas-2\/#primaryimage"},"thumbnailUrl":"https:\/\/vasasbasket.hu\/wp-content\/uploads\/2017\/03\/kadett-scaled.jpg","articleSection":["Junior","\u00d6sszes H\u00edr"],"inLanguage":"hu"},{"@type":"WebPage","@id":"https:\/\/vasasbasket.hu\/index.php\/regionalis-junior-bajnoksag-alapszakasz-rajatszas-2\/","url":"https:\/\/vasasbasket.hu\/index.php\/regionalis-junior-bajnoksag-alapszakasz-rajatszas-2\/","name":"Region\u00e1lis Junior Bajnoks\u00e1g - Alapszakasz - R\u00e1j\u00e1tsz\u00e1s - Vasas n\u0151i kos\u00e1rlabda","isPartOf":{"@id":"https:\/\/vasasbasket.hu\/#website"},"primaryImageOfPage":{"@id":"https:\/\/vasasbasket.hu\/index.php\/regionalis-junior-bajnoksag-alapszakasz-rajatszas-2\/#primaryimage"},"image":{"@id":"https:\/\/vasasbasket.hu\/index.php\/regionalis-junior-bajnoksag-alapszakasz-rajatszas-2\/#primaryimage"},"thumbnailUrl":"https:\/\/vasasbasket.hu\/wp-content\/uploads\/2017\/03\/kadett-scaled.jpg","datePublished":"2017-12-11T11:46:37+00:00","dateModified":"2017-12-12T11:47:47+00:00","breadcrumb":{"@id":"https:\/\/vasasbasket.hu\/index.php\/regionalis-junior-bajnoksag-alapszakasz-rajatszas-2\/#breadcrumb"},"inLanguage":"hu","potentialAction":[{"@type":"ReadAction","target":["https:\/\/vasasbasket.hu\/index.php\/regionalis-junior-bajnoksag-alapszakasz-rajatszas-2\/"]}]},{"@type":"ImageObject","inLanguage":"hu","@id":"https:\/\/vasasbasket.hu\/index.php\/regionalis-junior-bajnoksag-alapszakasz-rajatszas-2\/#primaryimage","url":"https:\/\/vasasbasket.hu\/wp-content\/uploads\/2017\/03\/kadett-scaled.jpg","contentUrl":"https:\/\/vasasbasket.hu\/wp-content\/uploads\/2017\/03\/kadett-scaled.jpg","width":2560,"height":1920},{"@type":"BreadcrumbList","@id":"https:\/\/vasasbasket.hu\/index.php\/regionalis-junior-bajnoksag-alapszakasz-rajatszas-2\/#breadcrumb","itemListElement":[{"@type":"ListItem","position":1,"name":"Kezd\u0151lap","item":"https:\/\/vasasbasket.hu\/"},{"@type":"ListItem","position":2,"name":"Region\u00e1lis Junior Bajnoks\u00e1g &#8211; Alapszakasz &#8211; R\u00e1j\u00e1tsz\u00e1s"}]},{"@type":"WebSite","@id":"https:\/\/vasasbasket.hu\/#website","url":"https:\/\/vasasbasket.hu\/","name":"Vasas n\u0151i kos\u00e1rlabda","description":"Vasas Basket N\u0151i","publisher":{"@id":"https:\/\/vasasbasket.hu\/#organization"},"potentialAction":[{"@type":"SearchAction","target":{"@type":"EntryPoint","urlTemplate":"https:\/\/vasasbasket.hu\/?s={search_term_string}"},"query-input":{"@type":"PropertyValueSpecification","valueRequired":true,"valueName":"search_term_string"}}],"inLanguage":"hu"},{"@type":"Organization","@id":"https:\/\/vasasbasket.hu\/#organization","name":"Vasas n\u0151i kos\u00e1rlabda","url":"https:\/\/vasasbasket.hu\/","logo":{"@type":"ImageObject","inLanguage":"hu","@id":"https:\/\/vasasbasket.hu\/#\/schema\/logo\/image\/","url":"https:\/\/vasasbasket.hu\/wp-content\/uploads\/2017\/03\/vasas_cimer_1200.jpg","contentUrl":"https:\/\/vasasbasket.hu\/wp-content\/uploads\/2017\/03\/vasas_cimer_1200.jpg","width":1200,"height":1200,"caption":"Vasas n\u0151i kos\u00e1rlabda"},"image":{"@id":"https:\/\/vasasbasket.hu\/#\/schema\/logo\/image\/"},"sameAs":["https:\/\/www.facebook.com\/vasaswbasket\/"]},{"@type":"Person","@id":"https:\/\/vasasbasket.hu\/#\/schema\/person\/f1085f4d2c6582d8d0f977e92de2edee","name":"admin","image":{"@type":"ImageObject","inLanguage":"hu","@id":"https:\/\/vasasbasket.hu\/#\/schema\/person\/image\/","url":"https:\/\/secure.gravatar.com\/avatar\/645c92f7d9cfe02bd93ce2d1cfa11cd3a268bdfe65486552ff04b193cea07634?s=96&d=mm&r=g","contentUrl":"https:\/\/secure.gravatar.com\/avatar\/645c92f7d9cfe02bd93ce2d1cfa11cd3a268bdfe65486552ff04b193cea07634?s=96&d=mm&r=g","caption":"admin"},"url":"https:\/\/vasasbasket.hu\/index.php\/author\/admin\/"}]}},"_links":{"self":[{"href":"https:\/\/vasasbasket.hu\/index.php\/wp-json\/wp\/v2\/posts\/3554","targetHints":{"allow":["GET"]}}],"collection":[{"href":"https:\/\/vasasbasket.hu\/index.php\/wp-json\/wp\/v2\/posts"}],"about":[{"href":"https:\/\/vasasbasket.hu\/index.php\/wp-json\/wp\/v2\/types\/post"}],"author":[{"embeddable":true,"href":"https:\/\/vasasbasket.hu\/index.php\/wp-json\/wp\/v2\/users\/1"}],"replies":[{"embeddable":true,"href":"https:\/\/vasasbasket.hu\/index.php\/wp-json\/wp\/v2\/comments?post=3554"}],"version-history":[{"count":1,"href":"https:\/\/vasasbasket.hu\/index.php\/wp-json\/wp\/v2\/posts\/3554\/revisions"}],"predecessor-version":[{"id":3555,"href":"https:\/\/vasasbasket.hu\/index.php\/wp-json\/wp\/v2\/posts\/3554\/revisions\/3555"}],"wp:featuredmedia":[{"embeddable":true,"href":"https:\/\/vasasbasket.hu\/index.php\/wp-json\/wp\/v2\/media\/3287"}],"wp:attachment":[{"href":"https:\/\/vasasbasket.hu\/index.php\/wp-json\/wp\/v2\/media?parent=3554"}],"wp:term":[{"taxonomy":"category","embeddable":true,"href":"https:\/\/vasasbasket.hu\/index.php\/wp-json\/wp\/v2\/categories?post=3554"},{"taxonomy":"post_tag","embeddable":true,"href":"https:\/\/vasasbasket.hu\/index.php\/wp-json\/wp\/v2\/tags?post=3554"}],"curies":[{"name":"wp","href":"https:\/\/api.w.org\/{rel}","templated":true}]}}