{"id":3499,"date":"2017-11-27T10:26:33","date_gmt":"2017-11-27T10:26:33","guid":{"rendered":"http:\/\/vasasbasket.hu\/?p=3499"},"modified":"2017-11-27T10:26:33","modified_gmt":"2017-11-27T10:26:33","slug":"regionalis-junior-bajnoksag-alapszakasz-rajatszas","status":"publish","type":"post","link":"https:\/\/vasasbasket.hu\/index.php\/regionalis-junior-bajnoksag-alapszakasz-rajatszas\/","title":{"rendered":"Region\u00e1lis Junior Bajnoks\u00e1g &#8211; Alapszakasz &#8211; R\u00e1j\u00e1tsz\u00e1s"},"content":{"rendered":"<p><u>2017.11.23. cs\u00fct\u00f6rt\u00f6k 17:30\u00a0 (Sz\u00e1zhalombatta)<\/u><\/p>\n<h2><strong>Sz\u00e1zhalombattai KSE &#8211;\u00a0Vasas Akad\u00e9mia \/B\u00a0 28\u00a0&#8211; 89 <\/strong><\/h2>\n<p><strong>(11-17, 9-29, 3-25, 5-18)<\/strong><\/p>\n<p>&nbsp;<\/p>\n<p>Pontszerz\u0151k:\u00a0<strong>Sz\u00e1zhalombattai KSE: <\/strong>Nagy A. 10, Nov\u00e1k A. 14, Pribelszki K. 2, Fekete N. 5, P\u00e1l F. 5<strong>\u00a0<\/strong><\/p>\n<p><strong>Vasas Akad\u00e9mia \/B:\u00a0<\/strong>\u00a0Kiss M\u00e1rta 6, M\u00e9sz\u00e1ros Szonja 4, Mudra Viola 8, D\u00fal Terka 7\/3, Altmann Anna, Szerencs\u00e9s Tamara 8, Keszy-Harmath S\u00e1ra 14\/3, T\u00f3th Fruzsina 2, V\u00edgh Bernadett 20, M\u00e1nyoky R\u00e9ka 8, Kuncz Petra (Pepe) 8, Pintye Petra 4<\/p>\n<p>&nbsp;<\/p>\n<p>A m\u00e9rk\u0151z\u00e9s els\u0151 15 perce k\u00eds\u00e9rtetiesen hasonl\u00edtott a vas\u00e1rnapi m\u00e9rk\u0151z\u00e9s\u00fcnk els\u0151 f\u00e9lidej\u00e9re, azzal a k\u00fcl\u00f6nbs\u00e9ggel, hogy egy gyeng\u00e9bb ellenf\u00e9llel ker\u00fclt\u00fcnk szembe. Ezut\u00e1n szerencs\u00e9re siker\u00fclt el\u00e9rni, hogy \u00e9rdekelje a l\u00e1nyokat a v\u00e9dekez\u00e9s. Kezdtek a hely\u00e9re ker\u00fclni a t\u00e1mad\u00e1saink is, \u00e9s volt \u00e9rtelme a gyakorl\u00e1snak v\u00e9dekez\u00e9sben, valamint az emberfog\u00e1s \u00e9s a z\u00f3na v\u00e9dekez\u00e9s elleni t\u00e1mad\u00f3j\u00e1t\u00e9kban is.<\/p>\n","protected":false},"excerpt":{"rendered":"<p>2017.11.23. cs\u00fct\u00f6rt\u00f6k 17:30\u00a0 (Sz\u00e1zhalombatta) Sz\u00e1zhalombattai KSE &#8211;\u00a0Vasas Akad\u00e9mia \/B\u00a0 28\u00a0&#8211; 89 (11-17, 9-29, 3-25, 5-18) &nbsp; Pontszerz\u0151k:\u00a0Sz\u00e1zhalombattai KSE: Nagy A. 10, Nov\u00e1k A. 14, Pribelszki K. 2, Fekete N. 5, P\u00e1l F. 5\u00a0 Vasas Akad\u00e9mia \/B:\u00a0\u00a0Kiss M\u00e1rta 6, M\u00e9sz\u00e1ros Szonja 4, Mudra Viola 8, D\u00fal Terka 7\/3, Altmann Anna, Szerencs\u00e9s Tamara 8, Keszy-Harmath S\u00e1ra 14\/3,&#8230;<\/p>\n","protected":false},"author":1,"featured_media":3287,"comment_status":"closed","ping_status":"open","sticky":false,"template":"","format":"standard","meta":{"footnotes":""},"categories":[50,92],"tags":[],"class_list":["post-3499","post","type-post","status-publish","format-standard","has-post-thumbnail","hentry","category-junior","category-hirek"],"yoast_head":"<!-- This site is optimized with the Yoast SEO plugin v26.0 - https:\/\/yoast.com\/wordpress\/plugins\/seo\/ -->\n<title>Region\u00e1lis Junior Bajnoks\u00e1g - Alapszakasz - R\u00e1j\u00e1tsz\u00e1s - Vasas n\u0151i kos\u00e1rlabda<\/title>\n<meta name=\"robots\" content=\"index, follow, max-snippet:-1, max-image-preview:large, max-video-preview:-1\" \/>\n<link rel=\"canonical\" href=\"https:\/\/vasasbasket.hu\/index.php\/regionalis-junior-bajnoksag-alapszakasz-rajatszas\/\" \/>\n<meta property=\"og:locale\" content=\"hu_HU\" \/>\n<meta property=\"og:type\" content=\"article\" \/>\n<meta property=\"og:title\" content=\"Region\u00e1lis Junior Bajnoks\u00e1g - Alapszakasz - R\u00e1j\u00e1tsz\u00e1s - Vasas n\u0151i kos\u00e1rlabda\" \/>\n<meta property=\"og:description\" content=\"2017.11.23. cs\u00fct\u00f6rt\u00f6k 17:30\u00a0 (Sz\u00e1zhalombatta) Sz\u00e1zhalombattai KSE &#8211;\u00a0Vasas Akad\u00e9mia \/B\u00a0 28\u00a0&#8211; 89 (11-17, 9-29, 3-25, 5-18) &nbsp; Pontszerz\u0151k:\u00a0Sz\u00e1zhalombattai KSE: Nagy A. 10, Nov\u00e1k A. 14, Pribelszki K. 2, Fekete N. 5, P\u00e1l F. 5\u00a0 Vasas Akad\u00e9mia \/B:\u00a0\u00a0Kiss M\u00e1rta 6, M\u00e9sz\u00e1ros Szonja 4, Mudra Viola 8, D\u00fal Terka 7\/3, Altmann Anna, Szerencs\u00e9s Tamara 8, Keszy-Harmath S\u00e1ra 14\/3,...\" \/>\n<meta property=\"og:url\" content=\"https:\/\/vasasbasket.hu\/index.php\/regionalis-junior-bajnoksag-alapszakasz-rajatszas\/\" \/>\n<meta property=\"og:site_name\" content=\"Vasas n\u0151i kos\u00e1rlabda\" \/>\n<meta property=\"article:publisher\" content=\"https:\/\/www.facebook.com\/vasaswbasket\/\" \/>\n<meta property=\"article:published_time\" content=\"2017-11-27T10:26:33+00:00\" \/>\n<meta property=\"og:image\" content=\"https:\/\/vasasbasket.hu\/wp-content\/uploads\/2017\/03\/kadett-scaled.jpg\" \/>\n\t<meta property=\"og:image:width\" content=\"2560\" \/>\n\t<meta property=\"og:image:height\" content=\"1920\" \/>\n\t<meta property=\"og:image:type\" content=\"image\/jpeg\" \/>\n<meta name=\"author\" content=\"admin\" \/>\n<meta name=\"twitter:card\" content=\"summary_large_image\" \/>\n<meta name=\"twitter:label1\" content=\"Szerz\u0151:\" \/>\n\t<meta name=\"twitter:data1\" content=\"admin\" \/>\n\t<meta name=\"twitter:label2\" content=\"Becs\u00fclt olvas\u00e1si id\u0151\" \/>\n\t<meta name=\"twitter:data2\" content=\"1 perc\" \/>\n<script type=\"application\/ld+json\" class=\"yoast-schema-graph\">{\"@context\":\"https:\/\/schema.org\",\"@graph\":[{\"@type\":\"Article\",\"@id\":\"https:\/\/vasasbasket.hu\/index.php\/regionalis-junior-bajnoksag-alapszakasz-rajatszas\/#article\",\"isPartOf\":{\"@id\":\"https:\/\/vasasbasket.hu\/index.php\/regionalis-junior-bajnoksag-alapszakasz-rajatszas\/\"},\"author\":{\"name\":\"admin\",\"@id\":\"https:\/\/vasasbasket.hu\/#\/schema\/person\/f1085f4d2c6582d8d0f977e92de2edee\"},\"headline\":\"Region\u00e1lis Junior Bajnoks\u00e1g &#8211; Alapszakasz &#8211; R\u00e1j\u00e1tsz\u00e1s\",\"datePublished\":\"2017-11-27T10:26:33+00:00\",\"mainEntityOfPage\":{\"@id\":\"https:\/\/vasasbasket.hu\/index.php\/regionalis-junior-bajnoksag-alapszakasz-rajatszas\/\"},\"wordCount\":184,\"publisher\":{\"@id\":\"https:\/\/vasasbasket.hu\/#organization\"},\"image\":{\"@id\":\"https:\/\/vasasbasket.hu\/index.php\/regionalis-junior-bajnoksag-alapszakasz-rajatszas\/#primaryimage\"},\"thumbnailUrl\":\"https:\/\/vasasbasket.hu\/wp-content\/uploads\/2017\/03\/kadett-scaled.jpg\",\"articleSection\":[\"Junior\",\"\u00d6sszes H\u00edr\"],\"inLanguage\":\"hu\"},{\"@type\":\"WebPage\",\"@id\":\"https:\/\/vasasbasket.hu\/index.php\/regionalis-junior-bajnoksag-alapszakasz-rajatszas\/\",\"url\":\"https:\/\/vasasbasket.hu\/index.php\/regionalis-junior-bajnoksag-alapszakasz-rajatszas\/\",\"name\":\"Region\u00e1lis Junior Bajnoks\u00e1g - Alapszakasz - R\u00e1j\u00e1tsz\u00e1s - Vasas n\u0151i kos\u00e1rlabda\",\"isPartOf\":{\"@id\":\"https:\/\/vasasbasket.hu\/#website\"},\"primaryImageOfPage\":{\"@id\":\"https:\/\/vasasbasket.hu\/index.php\/regionalis-junior-bajnoksag-alapszakasz-rajatszas\/#primaryimage\"},\"image\":{\"@id\":\"https:\/\/vasasbasket.hu\/index.php\/regionalis-junior-bajnoksag-alapszakasz-rajatszas\/#primaryimage\"},\"thumbnailUrl\":\"https:\/\/vasasbasket.hu\/wp-content\/uploads\/2017\/03\/kadett-scaled.jpg\",\"datePublished\":\"2017-11-27T10:26:33+00:00\",\"breadcrumb\":{\"@id\":\"https:\/\/vasasbasket.hu\/index.php\/regionalis-junior-bajnoksag-alapszakasz-rajatszas\/#breadcrumb\"},\"inLanguage\":\"hu\",\"potentialAction\":[{\"@type\":\"ReadAction\",\"target\":[\"https:\/\/vasasbasket.hu\/index.php\/regionalis-junior-bajnoksag-alapszakasz-rajatszas\/\"]}]},{\"@type\":\"ImageObject\",\"inLanguage\":\"hu\",\"@id\":\"https:\/\/vasasbasket.hu\/index.php\/regionalis-junior-bajnoksag-alapszakasz-rajatszas\/#primaryimage\",\"url\":\"https:\/\/vasasbasket.hu\/wp-content\/uploads\/2017\/03\/kadett-scaled.jpg\",\"contentUrl\":\"https:\/\/vasasbasket.hu\/wp-content\/uploads\/2017\/03\/kadett-scaled.jpg\",\"width\":2560,\"height\":1920},{\"@type\":\"BreadcrumbList\",\"@id\":\"https:\/\/vasasbasket.hu\/index.php\/regionalis-junior-bajnoksag-alapszakasz-rajatszas\/#breadcrumb\",\"itemListElement\":[{\"@type\":\"ListItem\",\"position\":1,\"name\":\"Kezd\u0151lap\",\"item\":\"https:\/\/vasasbasket.hu\/\"},{\"@type\":\"ListItem\",\"position\":2,\"name\":\"Region\u00e1lis Junior Bajnoks\u00e1g &#8211; Alapszakasz &#8211; R\u00e1j\u00e1tsz\u00e1s\"}]},{\"@type\":\"WebSite\",\"@id\":\"https:\/\/vasasbasket.hu\/#website\",\"url\":\"https:\/\/vasasbasket.hu\/\",\"name\":\"Vasas n\u0151i kos\u00e1rlabda\",\"description\":\"Vasas Basket N\u0151i\",\"publisher\":{\"@id\":\"https:\/\/vasasbasket.hu\/#organization\"},\"potentialAction\":[{\"@type\":\"SearchAction\",\"target\":{\"@type\":\"EntryPoint\",\"urlTemplate\":\"https:\/\/vasasbasket.hu\/?s={search_term_string}\"},\"query-input\":{\"@type\":\"PropertyValueSpecification\",\"valueRequired\":true,\"valueName\":\"search_term_string\"}}],\"inLanguage\":\"hu\"},{\"@type\":\"Organization\",\"@id\":\"https:\/\/vasasbasket.hu\/#organization\",\"name\":\"Vasas n\u0151i kos\u00e1rlabda\",\"url\":\"https:\/\/vasasbasket.hu\/\",\"logo\":{\"@type\":\"ImageObject\",\"inLanguage\":\"hu\",\"@id\":\"https:\/\/vasasbasket.hu\/#\/schema\/logo\/image\/\",\"url\":\"https:\/\/vasasbasket.hu\/wp-content\/uploads\/2017\/03\/vasas_cimer_1200.jpg\",\"contentUrl\":\"https:\/\/vasasbasket.hu\/wp-content\/uploads\/2017\/03\/vasas_cimer_1200.jpg\",\"width\":1200,\"height\":1200,\"caption\":\"Vasas n\u0151i kos\u00e1rlabda\"},\"image\":{\"@id\":\"https:\/\/vasasbasket.hu\/#\/schema\/logo\/image\/\"},\"sameAs\":[\"https:\/\/www.facebook.com\/vasaswbasket\/\"]},{\"@type\":\"Person\",\"@id\":\"https:\/\/vasasbasket.hu\/#\/schema\/person\/f1085f4d2c6582d8d0f977e92de2edee\",\"name\":\"admin\",\"image\":{\"@type\":\"ImageObject\",\"inLanguage\":\"hu\",\"@id\":\"https:\/\/vasasbasket.hu\/#\/schema\/person\/image\/\",\"url\":\"https:\/\/secure.gravatar.com\/avatar\/645c92f7d9cfe02bd93ce2d1cfa11cd3a268bdfe65486552ff04b193cea07634?s=96&d=mm&r=g\",\"contentUrl\":\"https:\/\/secure.gravatar.com\/avatar\/645c92f7d9cfe02bd93ce2d1cfa11cd3a268bdfe65486552ff04b193cea07634?s=96&d=mm&r=g\",\"caption\":\"admin\"},\"url\":\"https:\/\/vasasbasket.hu\/index.php\/author\/admin\/\"}]}<\/script>\n<!-- \/ Yoast SEO plugin. -->","yoast_head_json":{"title":"Region\u00e1lis Junior Bajnoks\u00e1g - Alapszakasz - R\u00e1j\u00e1tsz\u00e1s - Vasas n\u0151i kos\u00e1rlabda","robots":{"index":"index","follow":"follow","max-snippet":"max-snippet:-1","max-image-preview":"max-image-preview:large","max-video-preview":"max-video-preview:-1"},"canonical":"https:\/\/vasasbasket.hu\/index.php\/regionalis-junior-bajnoksag-alapszakasz-rajatszas\/","og_locale":"hu_HU","og_type":"article","og_title":"Region\u00e1lis Junior Bajnoks\u00e1g - Alapszakasz - R\u00e1j\u00e1tsz\u00e1s - Vasas n\u0151i kos\u00e1rlabda","og_description":"2017.11.23. cs\u00fct\u00f6rt\u00f6k 17:30\u00a0 (Sz\u00e1zhalombatta) Sz\u00e1zhalombattai KSE &#8211;\u00a0Vasas Akad\u00e9mia \/B\u00a0 28\u00a0&#8211; 89 (11-17, 9-29, 3-25, 5-18) &nbsp; Pontszerz\u0151k:\u00a0Sz\u00e1zhalombattai KSE: Nagy A. 10, Nov\u00e1k A. 14, Pribelszki K. 2, Fekete N. 5, P\u00e1l F. 5\u00a0 Vasas Akad\u00e9mia \/B:\u00a0\u00a0Kiss M\u00e1rta 6, M\u00e9sz\u00e1ros Szonja 4, Mudra Viola 8, D\u00fal Terka 7\/3, Altmann Anna, Szerencs\u00e9s Tamara 8, Keszy-Harmath S\u00e1ra 14\/3,...","og_url":"https:\/\/vasasbasket.hu\/index.php\/regionalis-junior-bajnoksag-alapszakasz-rajatszas\/","og_site_name":"Vasas n\u0151i kos\u00e1rlabda","article_publisher":"https:\/\/www.facebook.com\/vasaswbasket\/","article_published_time":"2017-11-27T10:26:33+00:00","og_image":[{"width":2560,"height":1920,"url":"https:\/\/vasasbasket.hu\/wp-content\/uploads\/2017\/03\/kadett-scaled.jpg","type":"image\/jpeg"}],"author":"admin","twitter_card":"summary_large_image","twitter_misc":{"Szerz\u0151:":"admin","Becs\u00fclt olvas\u00e1si id\u0151":"1 perc"},"schema":{"@context":"https:\/\/schema.org","@graph":[{"@type":"Article","@id":"https:\/\/vasasbasket.hu\/index.php\/regionalis-junior-bajnoksag-alapszakasz-rajatszas\/#article","isPartOf":{"@id":"https:\/\/vasasbasket.hu\/index.php\/regionalis-junior-bajnoksag-alapszakasz-rajatszas\/"},"author":{"name":"admin","@id":"https:\/\/vasasbasket.hu\/#\/schema\/person\/f1085f4d2c6582d8d0f977e92de2edee"},"headline":"Region\u00e1lis Junior Bajnoks\u00e1g &#8211; Alapszakasz &#8211; R\u00e1j\u00e1tsz\u00e1s","datePublished":"2017-11-27T10:26:33+00:00","mainEntityOfPage":{"@id":"https:\/\/vasasbasket.hu\/index.php\/regionalis-junior-bajnoksag-alapszakasz-rajatszas\/"},"wordCount":184,"publisher":{"@id":"https:\/\/vasasbasket.hu\/#organization"},"image":{"@id":"https:\/\/vasasbasket.hu\/index.php\/regionalis-junior-bajnoksag-alapszakasz-rajatszas\/#primaryimage"},"thumbnailUrl":"https:\/\/vasasbasket.hu\/wp-content\/uploads\/2017\/03\/kadett-scaled.jpg","articleSection":["Junior","\u00d6sszes H\u00edr"],"inLanguage":"hu"},{"@type":"WebPage","@id":"https:\/\/vasasbasket.hu\/index.php\/regionalis-junior-bajnoksag-alapszakasz-rajatszas\/","url":"https:\/\/vasasbasket.hu\/index.php\/regionalis-junior-bajnoksag-alapszakasz-rajatszas\/","name":"Region\u00e1lis Junior Bajnoks\u00e1g - Alapszakasz - R\u00e1j\u00e1tsz\u00e1s - Vasas n\u0151i kos\u00e1rlabda","isPartOf":{"@id":"https:\/\/vasasbasket.hu\/#website"},"primaryImageOfPage":{"@id":"https:\/\/vasasbasket.hu\/index.php\/regionalis-junior-bajnoksag-alapszakasz-rajatszas\/#primaryimage"},"image":{"@id":"https:\/\/vasasbasket.hu\/index.php\/regionalis-junior-bajnoksag-alapszakasz-rajatszas\/#primaryimage"},"thumbnailUrl":"https:\/\/vasasbasket.hu\/wp-content\/uploads\/2017\/03\/kadett-scaled.jpg","datePublished":"2017-11-27T10:26:33+00:00","breadcrumb":{"@id":"https:\/\/vasasbasket.hu\/index.php\/regionalis-junior-bajnoksag-alapszakasz-rajatszas\/#breadcrumb"},"inLanguage":"hu","potentialAction":[{"@type":"ReadAction","target":["https:\/\/vasasbasket.hu\/index.php\/regionalis-junior-bajnoksag-alapszakasz-rajatszas\/"]}]},{"@type":"ImageObject","inLanguage":"hu","@id":"https:\/\/vasasbasket.hu\/index.php\/regionalis-junior-bajnoksag-alapszakasz-rajatszas\/#primaryimage","url":"https:\/\/vasasbasket.hu\/wp-content\/uploads\/2017\/03\/kadett-scaled.jpg","contentUrl":"https:\/\/vasasbasket.hu\/wp-content\/uploads\/2017\/03\/kadett-scaled.jpg","width":2560,"height":1920},{"@type":"BreadcrumbList","@id":"https:\/\/vasasbasket.hu\/index.php\/regionalis-junior-bajnoksag-alapszakasz-rajatszas\/#breadcrumb","itemListElement":[{"@type":"ListItem","position":1,"name":"Kezd\u0151lap","item":"https:\/\/vasasbasket.hu\/"},{"@type":"ListItem","position":2,"name":"Region\u00e1lis Junior Bajnoks\u00e1g &#8211; Alapszakasz &#8211; R\u00e1j\u00e1tsz\u00e1s"}]},{"@type":"WebSite","@id":"https:\/\/vasasbasket.hu\/#website","url":"https:\/\/vasasbasket.hu\/","name":"Vasas n\u0151i kos\u00e1rlabda","description":"Vasas Basket N\u0151i","publisher":{"@id":"https:\/\/vasasbasket.hu\/#organization"},"potentialAction":[{"@type":"SearchAction","target":{"@type":"EntryPoint","urlTemplate":"https:\/\/vasasbasket.hu\/?s={search_term_string}"},"query-input":{"@type":"PropertyValueSpecification","valueRequired":true,"valueName":"search_term_string"}}],"inLanguage":"hu"},{"@type":"Organization","@id":"https:\/\/vasasbasket.hu\/#organization","name":"Vasas n\u0151i kos\u00e1rlabda","url":"https:\/\/vasasbasket.hu\/","logo":{"@type":"ImageObject","inLanguage":"hu","@id":"https:\/\/vasasbasket.hu\/#\/schema\/logo\/image\/","url":"https:\/\/vasasbasket.hu\/wp-content\/uploads\/2017\/03\/vasas_cimer_1200.jpg","contentUrl":"https:\/\/vasasbasket.hu\/wp-content\/uploads\/2017\/03\/vasas_cimer_1200.jpg","width":1200,"height":1200,"caption":"Vasas n\u0151i kos\u00e1rlabda"},"image":{"@id":"https:\/\/vasasbasket.hu\/#\/schema\/logo\/image\/"},"sameAs":["https:\/\/www.facebook.com\/vasaswbasket\/"]},{"@type":"Person","@id":"https:\/\/vasasbasket.hu\/#\/schema\/person\/f1085f4d2c6582d8d0f977e92de2edee","name":"admin","image":{"@type":"ImageObject","inLanguage":"hu","@id":"https:\/\/vasasbasket.hu\/#\/schema\/person\/image\/","url":"https:\/\/secure.gravatar.com\/avatar\/645c92f7d9cfe02bd93ce2d1cfa11cd3a268bdfe65486552ff04b193cea07634?s=96&d=mm&r=g","contentUrl":"https:\/\/secure.gravatar.com\/avatar\/645c92f7d9cfe02bd93ce2d1cfa11cd3a268bdfe65486552ff04b193cea07634?s=96&d=mm&r=g","caption":"admin"},"url":"https:\/\/vasasbasket.hu\/index.php\/author\/admin\/"}]}},"_links":{"self":[{"href":"https:\/\/vasasbasket.hu\/index.php\/wp-json\/wp\/v2\/posts\/3499","targetHints":{"allow":["GET"]}}],"collection":[{"href":"https:\/\/vasasbasket.hu\/index.php\/wp-json\/wp\/v2\/posts"}],"about":[{"href":"https:\/\/vasasbasket.hu\/index.php\/wp-json\/wp\/v2\/types\/post"}],"author":[{"embeddable":true,"href":"https:\/\/vasasbasket.hu\/index.php\/wp-json\/wp\/v2\/users\/1"}],"replies":[{"embeddable":true,"href":"https:\/\/vasasbasket.hu\/index.php\/wp-json\/wp\/v2\/comments?post=3499"}],"version-history":[{"count":1,"href":"https:\/\/vasasbasket.hu\/index.php\/wp-json\/wp\/v2\/posts\/3499\/revisions"}],"predecessor-version":[{"id":3500,"href":"https:\/\/vasasbasket.hu\/index.php\/wp-json\/wp\/v2\/posts\/3499\/revisions\/3500"}],"wp:featuredmedia":[{"embeddable":true,"href":"https:\/\/vasasbasket.hu\/index.php\/wp-json\/wp\/v2\/media\/3287"}],"wp:attachment":[{"href":"https:\/\/vasasbasket.hu\/index.php\/wp-json\/wp\/v2\/media?parent=3499"}],"wp:term":[{"taxonomy":"category","embeddable":true,"href":"https:\/\/vasasbasket.hu\/index.php\/wp-json\/wp\/v2\/categories?post=3499"},{"taxonomy":"post_tag","embeddable":true,"href":"https:\/\/vasasbasket.hu\/index.php\/wp-json\/wp\/v2\/tags?post=3499"}],"curies":[{"name":"wp","href":"https:\/\/api.w.org\/{rel}","templated":true}]}}