{"id":3486,"date":"2017-11-22T15:09:49","date_gmt":"2017-11-22T15:09:49","guid":{"rendered":"http:\/\/vasasbasket.hu\/?p=3486"},"modified":"2017-11-22T15:09:49","modified_gmt":"2017-11-22T15:09:49","slug":"penzugyor-se-vasas-akademia-b-70-75-regionalis-junior","status":"publish","type":"post","link":"https:\/\/vasasbasket.hu\/index.php\/penzugyor-se-vasas-akademia-b-70-75-regionalis-junior\/","title":{"rendered":"P\u00e9nz\u00fcgy\u0151r SE &#8211; Vasas Akad\u00e9mia \/B  70 &#8211; 75 \/ Region\u00e1lis Junior"},"content":{"rendered":"<p><u>2017.11.19. vas\u00e1rnap 10:00\u00a0 (Bp.IV.T\u00f3th Alad\u00e1r u.16.-18.)<\/u><\/p>\n<h2><strong>P\u00e9nz\u00fcgy\u0151r SE &#8211;\u00a0Vasas Akad\u00e9mia \/B\u00a0 70\u00a0&#8211; 75 <\/strong><\/h2>\n<p><strong>(20-6, 24-17, 20-30, 6-22)<\/strong><\/p>\n<p>&nbsp;<\/p>\n<p>Pontszerz\u0151k:<\/p>\n<p><strong>P\u00e9nz\u00fcgy\u0151r SE:<\/strong>\u00a0Zeml\u00e9nyi D. 23\/6, Jambrik B. 28\/9, Herjeczki P. 8, Kov\u00e1cs R. 6, Morvai Zs. 5<\/p>\n<p><strong>Vasas Akad\u00e9mia \/B:\u00a0<\/strong>\u00a0Mudra Viola 6, D\u00fal Terka 6\/3, Altmann Anna 4, Szerencs\u00e9s Tamara 2, Keszy-Harmath S\u00e1ra 13, T\u00f3th Fruzsina, V\u00edgh Bernadett 8, M\u00e1nyoky R\u00e9ka 16, Kuncz Petra (Pepe) 14, Pintye Petra 8, Sikl\u00f3s Dorottya<\/p>\n<p>&nbsp;<\/p>\n<p>Az els\u0151 f\u00e9lidei j\u00e1t\u00e9kunk a sport\u00e1g minden param\u00e9ter\u00e9ben \u00e9rt\u00e9kelhetetlennek volt min\u0151s\u00edthet\u0151.<\/p>\n<p>Nagy \u00f6r\u00f6m\u00f6mre a f\u00e9lid\u0151ben fel\u00e9bredtek a l\u00e1nyok, \u00e9s \u00fagy d\u00f6nt\u00f6ttek, hogy j\u00f3l szeretn\u00e9nek j\u00e1tszani.<\/p>\n<p>Minden j\u00e1t\u00e9kos remek\u00fcl teljes\u00edtett, de ki szeretn\u00e9m emelni a 3. negyed kezd\u0151 \u00f6t\u00f6s\u00e9t &#8211; Mudra Viola, D\u00fal Terka. Keszy-Harmath S\u00e1ra. M\u00e1nyoky R\u00e9ka, Kuncz Petra (Pepe) -, akik megadt\u00e1k a l\u00f6k\u00e9st a csapatnak a f\u00e9lid\u0151 elej\u00e9n, amire a t\u00f6bbiek r\u00e1 tudtak csatlakozni. \ud83d\ude42<\/p>\n<p>&nbsp;<\/p>\n","protected":false},"excerpt":{"rendered":"<p>2017.11.19. vas\u00e1rnap 10:00\u00a0 (Bp.IV.T\u00f3th Alad\u00e1r u.16.-18.) P\u00e9nz\u00fcgy\u0151r SE &#8211;\u00a0Vasas Akad\u00e9mia \/B\u00a0 70\u00a0&#8211; 75 (20-6, 24-17, 20-30, 6-22) &nbsp; Pontszerz\u0151k: P\u00e9nz\u00fcgy\u0151r SE:\u00a0Zeml\u00e9nyi D. 23\/6, Jambrik B. 28\/9, Herjeczki P. 8, Kov\u00e1cs R. 6, Morvai Zs. 5 Vasas Akad\u00e9mia \/B:\u00a0\u00a0Mudra Viola 6, D\u00fal Terka 6\/3, Altmann Anna 4, Szerencs\u00e9s Tamara 2, Keszy-Harmath S\u00e1ra 13, T\u00f3th Fruzsina, V\u00edgh&#8230;<\/p>\n","protected":false},"author":1,"featured_media":3287,"comment_status":"closed","ping_status":"open","sticky":false,"template":"","format":"standard","meta":{"footnotes":""},"categories":[50,92],"tags":[],"class_list":["post-3486","post","type-post","status-publish","format-standard","has-post-thumbnail","hentry","category-junior","category-hirek"],"yoast_head":"<!-- This site is optimized with the Yoast SEO plugin v26.0 - https:\/\/yoast.com\/wordpress\/plugins\/seo\/ -->\n<title>P\u00e9nz\u00fcgy\u0151r SE - Vasas Akad\u00e9mia \/B 70 - 75 \/ Region\u00e1lis Junior - Vasas n\u0151i kos\u00e1rlabda<\/title>\n<meta name=\"robots\" content=\"index, follow, max-snippet:-1, max-image-preview:large, max-video-preview:-1\" \/>\n<link rel=\"canonical\" href=\"https:\/\/vasasbasket.hu\/index.php\/penzugyor-se-vasas-akademia-b-70-75-regionalis-junior\/\" \/>\n<meta property=\"og:locale\" content=\"hu_HU\" \/>\n<meta property=\"og:type\" content=\"article\" \/>\n<meta property=\"og:title\" content=\"P\u00e9nz\u00fcgy\u0151r SE - Vasas Akad\u00e9mia \/B 70 - 75 \/ Region\u00e1lis Junior - Vasas n\u0151i kos\u00e1rlabda\" \/>\n<meta property=\"og:description\" content=\"2017.11.19. vas\u00e1rnap 10:00\u00a0 (Bp.IV.T\u00f3th Alad\u00e1r u.16.-18.) P\u00e9nz\u00fcgy\u0151r SE &#8211;\u00a0Vasas Akad\u00e9mia \/B\u00a0 70\u00a0&#8211; 75 (20-6, 24-17, 20-30, 6-22) &nbsp; Pontszerz\u0151k: P\u00e9nz\u00fcgy\u0151r SE:\u00a0Zeml\u00e9nyi D. 23\/6, Jambrik B. 28\/9, Herjeczki P. 8, Kov\u00e1cs R. 6, Morvai Zs. 5 Vasas Akad\u00e9mia \/B:\u00a0\u00a0Mudra Viola 6, D\u00fal Terka 6\/3, Altmann Anna 4, Szerencs\u00e9s Tamara 2, Keszy-Harmath S\u00e1ra 13, T\u00f3th Fruzsina, V\u00edgh...\" \/>\n<meta property=\"og:url\" content=\"https:\/\/vasasbasket.hu\/index.php\/penzugyor-se-vasas-akademia-b-70-75-regionalis-junior\/\" \/>\n<meta property=\"og:site_name\" content=\"Vasas n\u0151i kos\u00e1rlabda\" \/>\n<meta property=\"article:publisher\" content=\"https:\/\/www.facebook.com\/vasaswbasket\/\" \/>\n<meta property=\"article:published_time\" content=\"2017-11-22T15:09:49+00:00\" \/>\n<meta property=\"og:image\" content=\"https:\/\/vasasbasket.hu\/wp-content\/uploads\/2017\/03\/kadett-scaled.jpg\" \/>\n\t<meta property=\"og:image:width\" content=\"2560\" \/>\n\t<meta property=\"og:image:height\" content=\"1920\" \/>\n\t<meta property=\"og:image:type\" content=\"image\/jpeg\" \/>\n<meta name=\"author\" content=\"admin\" \/>\n<meta name=\"twitter:card\" content=\"summary_large_image\" \/>\n<meta name=\"twitter:label1\" content=\"Szerz\u0151:\" \/>\n\t<meta name=\"twitter:data1\" content=\"admin\" \/>\n\t<meta name=\"twitter:label2\" content=\"Becs\u00fclt olvas\u00e1si id\u0151\" \/>\n\t<meta name=\"twitter:data2\" content=\"1 perc\" \/>\n<script type=\"application\/ld+json\" class=\"yoast-schema-graph\">{\"@context\":\"https:\/\/schema.org\",\"@graph\":[{\"@type\":\"Article\",\"@id\":\"https:\/\/vasasbasket.hu\/index.php\/penzugyor-se-vasas-akademia-b-70-75-regionalis-junior\/#article\",\"isPartOf\":{\"@id\":\"https:\/\/vasasbasket.hu\/index.php\/penzugyor-se-vasas-akademia-b-70-75-regionalis-junior\/\"},\"author\":{\"name\":\"admin\",\"@id\":\"https:\/\/vasasbasket.hu\/#\/schema\/person\/f1085f4d2c6582d8d0f977e92de2edee\"},\"headline\":\"P\u00e9nz\u00fcgy\u0151r SE &#8211; Vasas Akad\u00e9mia \/B 70 &#8211; 75 \/ Region\u00e1lis Junior\",\"datePublished\":\"2017-11-22T15:09:49+00:00\",\"mainEntityOfPage\":{\"@id\":\"https:\/\/vasasbasket.hu\/index.php\/penzugyor-se-vasas-akademia-b-70-75-regionalis-junior\/\"},\"wordCount\":198,\"publisher\":{\"@id\":\"https:\/\/vasasbasket.hu\/#organization\"},\"image\":{\"@id\":\"https:\/\/vasasbasket.hu\/index.php\/penzugyor-se-vasas-akademia-b-70-75-regionalis-junior\/#primaryimage\"},\"thumbnailUrl\":\"https:\/\/vasasbasket.hu\/wp-content\/uploads\/2017\/03\/kadett-scaled.jpg\",\"articleSection\":[\"Junior\",\"\u00d6sszes H\u00edr\"],\"inLanguage\":\"hu\"},{\"@type\":\"WebPage\",\"@id\":\"https:\/\/vasasbasket.hu\/index.php\/penzugyor-se-vasas-akademia-b-70-75-regionalis-junior\/\",\"url\":\"https:\/\/vasasbasket.hu\/index.php\/penzugyor-se-vasas-akademia-b-70-75-regionalis-junior\/\",\"name\":\"P\u00e9nz\u00fcgy\u0151r SE - Vasas Akad\u00e9mia \/B 70 - 75 \/ Region\u00e1lis Junior - Vasas n\u0151i kos\u00e1rlabda\",\"isPartOf\":{\"@id\":\"https:\/\/vasasbasket.hu\/#website\"},\"primaryImageOfPage\":{\"@id\":\"https:\/\/vasasbasket.hu\/index.php\/penzugyor-se-vasas-akademia-b-70-75-regionalis-junior\/#primaryimage\"},\"image\":{\"@id\":\"https:\/\/vasasbasket.hu\/index.php\/penzugyor-se-vasas-akademia-b-70-75-regionalis-junior\/#primaryimage\"},\"thumbnailUrl\":\"https:\/\/vasasbasket.hu\/wp-content\/uploads\/2017\/03\/kadett-scaled.jpg\",\"datePublished\":\"2017-11-22T15:09:49+00:00\",\"breadcrumb\":{\"@id\":\"https:\/\/vasasbasket.hu\/index.php\/penzugyor-se-vasas-akademia-b-70-75-regionalis-junior\/#breadcrumb\"},\"inLanguage\":\"hu\",\"potentialAction\":[{\"@type\":\"ReadAction\",\"target\":[\"https:\/\/vasasbasket.hu\/index.php\/penzugyor-se-vasas-akademia-b-70-75-regionalis-junior\/\"]}]},{\"@type\":\"ImageObject\",\"inLanguage\":\"hu\",\"@id\":\"https:\/\/vasasbasket.hu\/index.php\/penzugyor-se-vasas-akademia-b-70-75-regionalis-junior\/#primaryimage\",\"url\":\"https:\/\/vasasbasket.hu\/wp-content\/uploads\/2017\/03\/kadett-scaled.jpg\",\"contentUrl\":\"https:\/\/vasasbasket.hu\/wp-content\/uploads\/2017\/03\/kadett-scaled.jpg\",\"width\":2560,\"height\":1920},{\"@type\":\"BreadcrumbList\",\"@id\":\"https:\/\/vasasbasket.hu\/index.php\/penzugyor-se-vasas-akademia-b-70-75-regionalis-junior\/#breadcrumb\",\"itemListElement\":[{\"@type\":\"ListItem\",\"position\":1,\"name\":\"Kezd\u0151lap\",\"item\":\"https:\/\/vasasbasket.hu\/\"},{\"@type\":\"ListItem\",\"position\":2,\"name\":\"P\u00e9nz\u00fcgy\u0151r SE &#8211; Vasas Akad\u00e9mia \/B 70 &#8211; 75 \/ Region\u00e1lis Junior\"}]},{\"@type\":\"WebSite\",\"@id\":\"https:\/\/vasasbasket.hu\/#website\",\"url\":\"https:\/\/vasasbasket.hu\/\",\"name\":\"Vasas n\u0151i kos\u00e1rlabda\",\"description\":\"Vasas Basket N\u0151i\",\"publisher\":{\"@id\":\"https:\/\/vasasbasket.hu\/#organization\"},\"potentialAction\":[{\"@type\":\"SearchAction\",\"target\":{\"@type\":\"EntryPoint\",\"urlTemplate\":\"https:\/\/vasasbasket.hu\/?s={search_term_string}\"},\"query-input\":{\"@type\":\"PropertyValueSpecification\",\"valueRequired\":true,\"valueName\":\"search_term_string\"}}],\"inLanguage\":\"hu\"},{\"@type\":\"Organization\",\"@id\":\"https:\/\/vasasbasket.hu\/#organization\",\"name\":\"Vasas n\u0151i kos\u00e1rlabda\",\"url\":\"https:\/\/vasasbasket.hu\/\",\"logo\":{\"@type\":\"ImageObject\",\"inLanguage\":\"hu\",\"@id\":\"https:\/\/vasasbasket.hu\/#\/schema\/logo\/image\/\",\"url\":\"https:\/\/vasasbasket.hu\/wp-content\/uploads\/2017\/03\/vasas_cimer_1200.jpg\",\"contentUrl\":\"https:\/\/vasasbasket.hu\/wp-content\/uploads\/2017\/03\/vasas_cimer_1200.jpg\",\"width\":1200,\"height\":1200,\"caption\":\"Vasas n\u0151i kos\u00e1rlabda\"},\"image\":{\"@id\":\"https:\/\/vasasbasket.hu\/#\/schema\/logo\/image\/\"},\"sameAs\":[\"https:\/\/www.facebook.com\/vasaswbasket\/\"]},{\"@type\":\"Person\",\"@id\":\"https:\/\/vasasbasket.hu\/#\/schema\/person\/f1085f4d2c6582d8d0f977e92de2edee\",\"name\":\"admin\",\"image\":{\"@type\":\"ImageObject\",\"inLanguage\":\"hu\",\"@id\":\"https:\/\/vasasbasket.hu\/#\/schema\/person\/image\/\",\"url\":\"https:\/\/secure.gravatar.com\/avatar\/645c92f7d9cfe02bd93ce2d1cfa11cd3a268bdfe65486552ff04b193cea07634?s=96&d=mm&r=g\",\"contentUrl\":\"https:\/\/secure.gravatar.com\/avatar\/645c92f7d9cfe02bd93ce2d1cfa11cd3a268bdfe65486552ff04b193cea07634?s=96&d=mm&r=g\",\"caption\":\"admin\"},\"url\":\"https:\/\/vasasbasket.hu\/index.php\/author\/admin\/\"}]}<\/script>\n<!-- \/ Yoast SEO plugin. -->","yoast_head_json":{"title":"P\u00e9nz\u00fcgy\u0151r SE - Vasas Akad\u00e9mia \/B 70 - 75 \/ Region\u00e1lis Junior - Vasas n\u0151i kos\u00e1rlabda","robots":{"index":"index","follow":"follow","max-snippet":"max-snippet:-1","max-image-preview":"max-image-preview:large","max-video-preview":"max-video-preview:-1"},"canonical":"https:\/\/vasasbasket.hu\/index.php\/penzugyor-se-vasas-akademia-b-70-75-regionalis-junior\/","og_locale":"hu_HU","og_type":"article","og_title":"P\u00e9nz\u00fcgy\u0151r SE - Vasas Akad\u00e9mia \/B 70 - 75 \/ Region\u00e1lis Junior - Vasas n\u0151i kos\u00e1rlabda","og_description":"2017.11.19. vas\u00e1rnap 10:00\u00a0 (Bp.IV.T\u00f3th Alad\u00e1r u.16.-18.) P\u00e9nz\u00fcgy\u0151r SE &#8211;\u00a0Vasas Akad\u00e9mia \/B\u00a0 70\u00a0&#8211; 75 (20-6, 24-17, 20-30, 6-22) &nbsp; Pontszerz\u0151k: P\u00e9nz\u00fcgy\u0151r SE:\u00a0Zeml\u00e9nyi D. 23\/6, Jambrik B. 28\/9, Herjeczki P. 8, Kov\u00e1cs R. 6, Morvai Zs. 5 Vasas Akad\u00e9mia \/B:\u00a0\u00a0Mudra Viola 6, D\u00fal Terka 6\/3, Altmann Anna 4, Szerencs\u00e9s Tamara 2, Keszy-Harmath S\u00e1ra 13, T\u00f3th Fruzsina, V\u00edgh...","og_url":"https:\/\/vasasbasket.hu\/index.php\/penzugyor-se-vasas-akademia-b-70-75-regionalis-junior\/","og_site_name":"Vasas n\u0151i kos\u00e1rlabda","article_publisher":"https:\/\/www.facebook.com\/vasaswbasket\/","article_published_time":"2017-11-22T15:09:49+00:00","og_image":[{"width":2560,"height":1920,"url":"https:\/\/vasasbasket.hu\/wp-content\/uploads\/2017\/03\/kadett-scaled.jpg","type":"image\/jpeg"}],"author":"admin","twitter_card":"summary_large_image","twitter_misc":{"Szerz\u0151:":"admin","Becs\u00fclt olvas\u00e1si id\u0151":"1 perc"},"schema":{"@context":"https:\/\/schema.org","@graph":[{"@type":"Article","@id":"https:\/\/vasasbasket.hu\/index.php\/penzugyor-se-vasas-akademia-b-70-75-regionalis-junior\/#article","isPartOf":{"@id":"https:\/\/vasasbasket.hu\/index.php\/penzugyor-se-vasas-akademia-b-70-75-regionalis-junior\/"},"author":{"name":"admin","@id":"https:\/\/vasasbasket.hu\/#\/schema\/person\/f1085f4d2c6582d8d0f977e92de2edee"},"headline":"P\u00e9nz\u00fcgy\u0151r SE &#8211; Vasas Akad\u00e9mia \/B 70 &#8211; 75 \/ Region\u00e1lis Junior","datePublished":"2017-11-22T15:09:49+00:00","mainEntityOfPage":{"@id":"https:\/\/vasasbasket.hu\/index.php\/penzugyor-se-vasas-akademia-b-70-75-regionalis-junior\/"},"wordCount":198,"publisher":{"@id":"https:\/\/vasasbasket.hu\/#organization"},"image":{"@id":"https:\/\/vasasbasket.hu\/index.php\/penzugyor-se-vasas-akademia-b-70-75-regionalis-junior\/#primaryimage"},"thumbnailUrl":"https:\/\/vasasbasket.hu\/wp-content\/uploads\/2017\/03\/kadett-scaled.jpg","articleSection":["Junior","\u00d6sszes H\u00edr"],"inLanguage":"hu"},{"@type":"WebPage","@id":"https:\/\/vasasbasket.hu\/index.php\/penzugyor-se-vasas-akademia-b-70-75-regionalis-junior\/","url":"https:\/\/vasasbasket.hu\/index.php\/penzugyor-se-vasas-akademia-b-70-75-regionalis-junior\/","name":"P\u00e9nz\u00fcgy\u0151r SE - Vasas Akad\u00e9mia \/B 70 - 75 \/ Region\u00e1lis Junior - Vasas n\u0151i kos\u00e1rlabda","isPartOf":{"@id":"https:\/\/vasasbasket.hu\/#website"},"primaryImageOfPage":{"@id":"https:\/\/vasasbasket.hu\/index.php\/penzugyor-se-vasas-akademia-b-70-75-regionalis-junior\/#primaryimage"},"image":{"@id":"https:\/\/vasasbasket.hu\/index.php\/penzugyor-se-vasas-akademia-b-70-75-regionalis-junior\/#primaryimage"},"thumbnailUrl":"https:\/\/vasasbasket.hu\/wp-content\/uploads\/2017\/03\/kadett-scaled.jpg","datePublished":"2017-11-22T15:09:49+00:00","breadcrumb":{"@id":"https:\/\/vasasbasket.hu\/index.php\/penzugyor-se-vasas-akademia-b-70-75-regionalis-junior\/#breadcrumb"},"inLanguage":"hu","potentialAction":[{"@type":"ReadAction","target":["https:\/\/vasasbasket.hu\/index.php\/penzugyor-se-vasas-akademia-b-70-75-regionalis-junior\/"]}]},{"@type":"ImageObject","inLanguage":"hu","@id":"https:\/\/vasasbasket.hu\/index.php\/penzugyor-se-vasas-akademia-b-70-75-regionalis-junior\/#primaryimage","url":"https:\/\/vasasbasket.hu\/wp-content\/uploads\/2017\/03\/kadett-scaled.jpg","contentUrl":"https:\/\/vasasbasket.hu\/wp-content\/uploads\/2017\/03\/kadett-scaled.jpg","width":2560,"height":1920},{"@type":"BreadcrumbList","@id":"https:\/\/vasasbasket.hu\/index.php\/penzugyor-se-vasas-akademia-b-70-75-regionalis-junior\/#breadcrumb","itemListElement":[{"@type":"ListItem","position":1,"name":"Kezd\u0151lap","item":"https:\/\/vasasbasket.hu\/"},{"@type":"ListItem","position":2,"name":"P\u00e9nz\u00fcgy\u0151r SE &#8211; Vasas Akad\u00e9mia \/B 70 &#8211; 75 \/ Region\u00e1lis Junior"}]},{"@type":"WebSite","@id":"https:\/\/vasasbasket.hu\/#website","url":"https:\/\/vasasbasket.hu\/","name":"Vasas n\u0151i kos\u00e1rlabda","description":"Vasas Basket N\u0151i","publisher":{"@id":"https:\/\/vasasbasket.hu\/#organization"},"potentialAction":[{"@type":"SearchAction","target":{"@type":"EntryPoint","urlTemplate":"https:\/\/vasasbasket.hu\/?s={search_term_string}"},"query-input":{"@type":"PropertyValueSpecification","valueRequired":true,"valueName":"search_term_string"}}],"inLanguage":"hu"},{"@type":"Organization","@id":"https:\/\/vasasbasket.hu\/#organization","name":"Vasas n\u0151i kos\u00e1rlabda","url":"https:\/\/vasasbasket.hu\/","logo":{"@type":"ImageObject","inLanguage":"hu","@id":"https:\/\/vasasbasket.hu\/#\/schema\/logo\/image\/","url":"https:\/\/vasasbasket.hu\/wp-content\/uploads\/2017\/03\/vasas_cimer_1200.jpg","contentUrl":"https:\/\/vasasbasket.hu\/wp-content\/uploads\/2017\/03\/vasas_cimer_1200.jpg","width":1200,"height":1200,"caption":"Vasas n\u0151i kos\u00e1rlabda"},"image":{"@id":"https:\/\/vasasbasket.hu\/#\/schema\/logo\/image\/"},"sameAs":["https:\/\/www.facebook.com\/vasaswbasket\/"]},{"@type":"Person","@id":"https:\/\/vasasbasket.hu\/#\/schema\/person\/f1085f4d2c6582d8d0f977e92de2edee","name":"admin","image":{"@type":"ImageObject","inLanguage":"hu","@id":"https:\/\/vasasbasket.hu\/#\/schema\/person\/image\/","url":"https:\/\/secure.gravatar.com\/avatar\/645c92f7d9cfe02bd93ce2d1cfa11cd3a268bdfe65486552ff04b193cea07634?s=96&d=mm&r=g","contentUrl":"https:\/\/secure.gravatar.com\/avatar\/645c92f7d9cfe02bd93ce2d1cfa11cd3a268bdfe65486552ff04b193cea07634?s=96&d=mm&r=g","caption":"admin"},"url":"https:\/\/vasasbasket.hu\/index.php\/author\/admin\/"}]}},"_links":{"self":[{"href":"https:\/\/vasasbasket.hu\/index.php\/wp-json\/wp\/v2\/posts\/3486","targetHints":{"allow":["GET"]}}],"collection":[{"href":"https:\/\/vasasbasket.hu\/index.php\/wp-json\/wp\/v2\/posts"}],"about":[{"href":"https:\/\/vasasbasket.hu\/index.php\/wp-json\/wp\/v2\/types\/post"}],"author":[{"embeddable":true,"href":"https:\/\/vasasbasket.hu\/index.php\/wp-json\/wp\/v2\/users\/1"}],"replies":[{"embeddable":true,"href":"https:\/\/vasasbasket.hu\/index.php\/wp-json\/wp\/v2\/comments?post=3486"}],"version-history":[{"count":1,"href":"https:\/\/vasasbasket.hu\/index.php\/wp-json\/wp\/v2\/posts\/3486\/revisions"}],"predecessor-version":[{"id":3487,"href":"https:\/\/vasasbasket.hu\/index.php\/wp-json\/wp\/v2\/posts\/3486\/revisions\/3487"}],"wp:featuredmedia":[{"embeddable":true,"href":"https:\/\/vasasbasket.hu\/index.php\/wp-json\/wp\/v2\/media\/3287"}],"wp:attachment":[{"href":"https:\/\/vasasbasket.hu\/index.php\/wp-json\/wp\/v2\/media?parent=3486"}],"wp:term":[{"taxonomy":"category","embeddable":true,"href":"https:\/\/vasasbasket.hu\/index.php\/wp-json\/wp\/v2\/categories?post=3486"},{"taxonomy":"post_tag","embeddable":true,"href":"https:\/\/vasasbasket.hu\/index.php\/wp-json\/wp\/v2\/tags?post=3486"}],"curies":[{"name":"wp","href":"https:\/\/api.w.org\/{rel}","templated":true}]}}