{"id":3368,"date":"2017-11-13T08:27:44","date_gmt":"2017-11-13T08:27:44","guid":{"rendered":"http:\/\/vasasbasket.hu\/?p=3368"},"modified":"2017-11-13T08:31:15","modified_gmt":"2017-11-13T08:31:15","slug":"vasas-akademia-a-ksc-szekszard-87-39-junior-kiemelt","status":"publish","type":"post","link":"https:\/\/vasasbasket.hu\/index.php\/vasas-akademia-a-ksc-szekszard-87-39-junior-kiemelt\/","title":{"rendered":"Vasas Akad\u00e9mia \/A &#8211; KSC Szeksz\u00e1rd  87 &#8211; 39 \/ Junior kiemelt"},"content":{"rendered":"<h3><strong>Vasas Akad\u00e9mia \/A &#8211; KSC Szeksz\u00e1rd\u00a0 87\u00a0&#8211; 39 <\/strong><\/h3>\n<p><strong>(36-7, 18-8, 24-11, 8-13)<\/strong><\/p>\n<p><u>2017.11.11. szombat 11:00 \u00a0(Pasar\u00e9t)<\/u><\/p>\n<p>Pontszerz\u0151k:\u00a0<strong>Vasas Akad\u00e9mia \/A:\u00a0<\/strong>\u00a0Bud\u00e1csik D. \u00a09, Schiesz J. 2, Smailbegovic N . 2, Boros B. 2, Dul P. 15, Schiroky Sz. 2,Sagat D. 2, Dombai R. 21, Kara H. 8, Toth O. 6, Eszt\u00e1ri T, Toth F. 11<\/p>\n<p><strong>KSC SZEKSZARD:\u00a0<\/strong>V\u00f6r\u00f6s F. , Anndi H., Liszk\u00e1i R. 6, M\u00e1rsai D. 2, Renczes R. 2, B\u00e1kos B ,MIklos M. 19, Temesi E. 6, Haag P., Antoni Cs. 11, Viszmeg M.4, Sinka N.,<\/p>\n<p>A k\u00e9t csapat k\u00f6zt nagy k\u00fcl\u00f6nbs\u00e9g volt technikailag \u00e9s er\u0151nl\u00e9tben is. Els\u0151 negyedben nagyon sz\u00e9p j\u00e1t\u00e9kot produk\u00e1lt a csapot, ahol egym\u00e1s\u00e9rt mindenki k\u00fczd\u00f6tt. A sz\u00e9p gyors ind\u00edt\u00e1sokat \u00e9s befejez\u00e9seket meg kell\u00a0 dics\u00e9rni. M\u00e1sodik negyedbe ellenf\u00e9l z\u00f3na v\u00e9dekez\u00e9ssel lelass\u00edtotta csapatunkat, de csak az\u00e9rt is mert \u00fcres dob\u00e1s helyzetekb\u0151l nem volt kos\u00e1r. M\u00e1sodik f\u00e9lid\u0151ben ellenf\u00e9l folytatta a z\u00f3na v\u00e9dekez\u00e9st ami seg\u00edtett nek\u00fcnk, hogy gyakoroljunk de hull\u00e1mz\u00f3 volt a teljes\u00edtm\u00e9ny. Minden j\u00e1t\u00e9kosn\u00e1l lehetett l\u00e1tni a hozz\u00e1\u00e1ll\u00e1s\u00e1n az akaratot.<\/p>\n<p>&nbsp;<\/p>\n<p>Igor<\/p>\n<p>Junior csapat edz\u0151<\/p>\n","protected":false},"excerpt":{"rendered":"<p>Vasas Akad\u00e9mia \/A &#8211; KSC Szeksz\u00e1rd\u00a0 87\u00a0&#8211; 39 (36-7, 18-8, 24-11, 8-13) 2017.11.11. szombat 11:00 \u00a0(Pasar\u00e9t) Pontszerz\u0151k:\u00a0Vasas Akad\u00e9mia \/A:\u00a0\u00a0Bud\u00e1csik D. \u00a09, Schiesz J. 2, Smailbegovic N . 2, Boros B. 2, Dul P. 15, Schiroky Sz. 2,Sagat D. 2, Dombai R. 21, Kara H. 8, Toth O. 6, Eszt\u00e1ri T, Toth F. 11 KSC SZEKSZARD:\u00a0V\u00f6r\u00f6s&#8230;<\/p>\n","protected":false},"author":1,"featured_media":3109,"comment_status":"closed","ping_status":"open","sticky":false,"template":"","format":"standard","meta":{"footnotes":""},"categories":[50,92],"tags":[],"class_list":["post-3368","post","type-post","status-publish","format-standard","has-post-thumbnail","hentry","category-junior","category-hirek"],"yoast_head":"<!-- This site is optimized with the Yoast SEO plugin v26.0 - https:\/\/yoast.com\/wordpress\/plugins\/seo\/ -->\n<title>Vasas Akad\u00e9mia \/A - KSC Szeksz\u00e1rd 87 - 39 \/ Junior kiemelt - Vasas n\u0151i kos\u00e1rlabda<\/title>\n<meta name=\"robots\" content=\"index, follow, max-snippet:-1, max-image-preview:large, max-video-preview:-1\" \/>\n<link rel=\"canonical\" href=\"https:\/\/vasasbasket.hu\/index.php\/vasas-akademia-a-ksc-szekszard-87-39-junior-kiemelt\/\" \/>\n<meta property=\"og:locale\" content=\"hu_HU\" \/>\n<meta property=\"og:type\" content=\"article\" \/>\n<meta property=\"og:title\" content=\"Vasas Akad\u00e9mia \/A - KSC Szeksz\u00e1rd 87 - 39 \/ Junior kiemelt - Vasas n\u0151i kos\u00e1rlabda\" \/>\n<meta property=\"og:description\" content=\"Vasas Akad\u00e9mia \/A &#8211; KSC Szeksz\u00e1rd\u00a0 87\u00a0&#8211; 39 (36-7, 18-8, 24-11, 8-13) 2017.11.11. szombat 11:00 \u00a0(Pasar\u00e9t) Pontszerz\u0151k:\u00a0Vasas Akad\u00e9mia \/A:\u00a0\u00a0Bud\u00e1csik D. \u00a09, Schiesz J. 2, Smailbegovic N . 2, Boros B. 2, Dul P. 15, Schiroky Sz. 2,Sagat D. 2, Dombai R. 21, Kara H. 8, Toth O. 6, Eszt\u00e1ri T, Toth F. 11 KSC SZEKSZARD:\u00a0V\u00f6r\u00f6s...\" \/>\n<meta property=\"og:url\" content=\"https:\/\/vasasbasket.hu\/index.php\/vasas-akademia-a-ksc-szekszard-87-39-junior-kiemelt\/\" \/>\n<meta property=\"og:site_name\" content=\"Vasas n\u0151i kos\u00e1rlabda\" \/>\n<meta property=\"article:publisher\" content=\"https:\/\/www.facebook.com\/vasaswbasket\/\" \/>\n<meta property=\"article:published_time\" content=\"2017-11-13T08:27:44+00:00\" \/>\n<meta property=\"article:modified_time\" content=\"2017-11-13T08:31:15+00:00\" \/>\n<meta property=\"og:image\" content=\"https:\/\/vasasbasket.hu\/wp-content\/uploads\/2017\/03\/vasas-akademia-junior-2-scaled.jpg\" \/>\n\t<meta property=\"og:image:width\" content=\"2560\" \/>\n\t<meta property=\"og:image:height\" content=\"1920\" \/>\n\t<meta property=\"og:image:type\" content=\"image\/jpeg\" \/>\n<meta name=\"author\" content=\"admin\" \/>\n<meta name=\"twitter:card\" content=\"summary_large_image\" \/>\n<meta name=\"twitter:label1\" content=\"Szerz\u0151:\" \/>\n\t<meta name=\"twitter:data1\" content=\"admin\" \/>\n\t<meta name=\"twitter:label2\" content=\"Becs\u00fclt olvas\u00e1si id\u0151\" \/>\n\t<meta name=\"twitter:data2\" content=\"1 perc\" \/>\n<script type=\"application\/ld+json\" class=\"yoast-schema-graph\">{\"@context\":\"https:\/\/schema.org\",\"@graph\":[{\"@type\":\"Article\",\"@id\":\"https:\/\/vasasbasket.hu\/index.php\/vasas-akademia-a-ksc-szekszard-87-39-junior-kiemelt\/#article\",\"isPartOf\":{\"@id\":\"https:\/\/vasasbasket.hu\/index.php\/vasas-akademia-a-ksc-szekszard-87-39-junior-kiemelt\/\"},\"author\":{\"name\":\"admin\",\"@id\":\"https:\/\/vasasbasket.hu\/#\/schema\/person\/f1085f4d2c6582d8d0f977e92de2edee\"},\"headline\":\"Vasas Akad\u00e9mia \/A &#8211; KSC Szeksz\u00e1rd 87 &#8211; 39 \/ Junior kiemelt\",\"datePublished\":\"2017-11-13T08:27:44+00:00\",\"dateModified\":\"2017-11-13T08:31:15+00:00\",\"mainEntityOfPage\":{\"@id\":\"https:\/\/vasasbasket.hu\/index.php\/vasas-akademia-a-ksc-szekszard-87-39-junior-kiemelt\/\"},\"wordCount\":219,\"publisher\":{\"@id\":\"https:\/\/vasasbasket.hu\/#organization\"},\"image\":{\"@id\":\"https:\/\/vasasbasket.hu\/index.php\/vasas-akademia-a-ksc-szekszard-87-39-junior-kiemelt\/#primaryimage\"},\"thumbnailUrl\":\"https:\/\/vasasbasket.hu\/wp-content\/uploads\/2017\/03\/vasas-akademia-junior-2-scaled.jpg\",\"articleSection\":[\"Junior\",\"\u00d6sszes H\u00edr\"],\"inLanguage\":\"hu\"},{\"@type\":\"WebPage\",\"@id\":\"https:\/\/vasasbasket.hu\/index.php\/vasas-akademia-a-ksc-szekszard-87-39-junior-kiemelt\/\",\"url\":\"https:\/\/vasasbasket.hu\/index.php\/vasas-akademia-a-ksc-szekszard-87-39-junior-kiemelt\/\",\"name\":\"Vasas Akad\u00e9mia \/A - KSC Szeksz\u00e1rd 87 - 39 \/ Junior kiemelt - Vasas n\u0151i kos\u00e1rlabda\",\"isPartOf\":{\"@id\":\"https:\/\/vasasbasket.hu\/#website\"},\"primaryImageOfPage\":{\"@id\":\"https:\/\/vasasbasket.hu\/index.php\/vasas-akademia-a-ksc-szekszard-87-39-junior-kiemelt\/#primaryimage\"},\"image\":{\"@id\":\"https:\/\/vasasbasket.hu\/index.php\/vasas-akademia-a-ksc-szekszard-87-39-junior-kiemelt\/#primaryimage\"},\"thumbnailUrl\":\"https:\/\/vasasbasket.hu\/wp-content\/uploads\/2017\/03\/vasas-akademia-junior-2-scaled.jpg\",\"datePublished\":\"2017-11-13T08:27:44+00:00\",\"dateModified\":\"2017-11-13T08:31:15+00:00\",\"breadcrumb\":{\"@id\":\"https:\/\/vasasbasket.hu\/index.php\/vasas-akademia-a-ksc-szekszard-87-39-junior-kiemelt\/#breadcrumb\"},\"inLanguage\":\"hu\",\"potentialAction\":[{\"@type\":\"ReadAction\",\"target\":[\"https:\/\/vasasbasket.hu\/index.php\/vasas-akademia-a-ksc-szekszard-87-39-junior-kiemelt\/\"]}]},{\"@type\":\"ImageObject\",\"inLanguage\":\"hu\",\"@id\":\"https:\/\/vasasbasket.hu\/index.php\/vasas-akademia-a-ksc-szekszard-87-39-junior-kiemelt\/#primaryimage\",\"url\":\"https:\/\/vasasbasket.hu\/wp-content\/uploads\/2017\/03\/vasas-akademia-junior-2-scaled.jpg\",\"contentUrl\":\"https:\/\/vasasbasket.hu\/wp-content\/uploads\/2017\/03\/vasas-akademia-junior-2-scaled.jpg\",\"width\":2560,\"height\":1920},{\"@type\":\"BreadcrumbList\",\"@id\":\"https:\/\/vasasbasket.hu\/index.php\/vasas-akademia-a-ksc-szekszard-87-39-junior-kiemelt\/#breadcrumb\",\"itemListElement\":[{\"@type\":\"ListItem\",\"position\":1,\"name\":\"Kezd\u0151lap\",\"item\":\"https:\/\/vasasbasket.hu\/\"},{\"@type\":\"ListItem\",\"position\":2,\"name\":\"Vasas Akad\u00e9mia \/A &#8211; KSC Szeksz\u00e1rd 87 &#8211; 39 \/ Junior kiemelt\"}]},{\"@type\":\"WebSite\",\"@id\":\"https:\/\/vasasbasket.hu\/#website\",\"url\":\"https:\/\/vasasbasket.hu\/\",\"name\":\"Vasas n\u0151i kos\u00e1rlabda\",\"description\":\"Vasas Basket N\u0151i\",\"publisher\":{\"@id\":\"https:\/\/vasasbasket.hu\/#organization\"},\"potentialAction\":[{\"@type\":\"SearchAction\",\"target\":{\"@type\":\"EntryPoint\",\"urlTemplate\":\"https:\/\/vasasbasket.hu\/?s={search_term_string}\"},\"query-input\":{\"@type\":\"PropertyValueSpecification\",\"valueRequired\":true,\"valueName\":\"search_term_string\"}}],\"inLanguage\":\"hu\"},{\"@type\":\"Organization\",\"@id\":\"https:\/\/vasasbasket.hu\/#organization\",\"name\":\"Vasas n\u0151i kos\u00e1rlabda\",\"url\":\"https:\/\/vasasbasket.hu\/\",\"logo\":{\"@type\":\"ImageObject\",\"inLanguage\":\"hu\",\"@id\":\"https:\/\/vasasbasket.hu\/#\/schema\/logo\/image\/\",\"url\":\"https:\/\/vasasbasket.hu\/wp-content\/uploads\/2017\/03\/vasas_cimer_1200.jpg\",\"contentUrl\":\"https:\/\/vasasbasket.hu\/wp-content\/uploads\/2017\/03\/vasas_cimer_1200.jpg\",\"width\":1200,\"height\":1200,\"caption\":\"Vasas n\u0151i kos\u00e1rlabda\"},\"image\":{\"@id\":\"https:\/\/vasasbasket.hu\/#\/schema\/logo\/image\/\"},\"sameAs\":[\"https:\/\/www.facebook.com\/vasaswbasket\/\"]},{\"@type\":\"Person\",\"@id\":\"https:\/\/vasasbasket.hu\/#\/schema\/person\/f1085f4d2c6582d8d0f977e92de2edee\",\"name\":\"admin\",\"image\":{\"@type\":\"ImageObject\",\"inLanguage\":\"hu\",\"@id\":\"https:\/\/vasasbasket.hu\/#\/schema\/person\/image\/\",\"url\":\"https:\/\/secure.gravatar.com\/avatar\/645c92f7d9cfe02bd93ce2d1cfa11cd3a268bdfe65486552ff04b193cea07634?s=96&d=mm&r=g\",\"contentUrl\":\"https:\/\/secure.gravatar.com\/avatar\/645c92f7d9cfe02bd93ce2d1cfa11cd3a268bdfe65486552ff04b193cea07634?s=96&d=mm&r=g\",\"caption\":\"admin\"},\"url\":\"https:\/\/vasasbasket.hu\/index.php\/author\/admin\/\"}]}<\/script>\n<!-- \/ Yoast SEO plugin. -->","yoast_head_json":{"title":"Vasas Akad\u00e9mia \/A - KSC Szeksz\u00e1rd 87 - 39 \/ Junior kiemelt - Vasas n\u0151i kos\u00e1rlabda","robots":{"index":"index","follow":"follow","max-snippet":"max-snippet:-1","max-image-preview":"max-image-preview:large","max-video-preview":"max-video-preview:-1"},"canonical":"https:\/\/vasasbasket.hu\/index.php\/vasas-akademia-a-ksc-szekszard-87-39-junior-kiemelt\/","og_locale":"hu_HU","og_type":"article","og_title":"Vasas Akad\u00e9mia \/A - KSC Szeksz\u00e1rd 87 - 39 \/ Junior kiemelt - Vasas n\u0151i kos\u00e1rlabda","og_description":"Vasas Akad\u00e9mia \/A &#8211; KSC Szeksz\u00e1rd\u00a0 87\u00a0&#8211; 39 (36-7, 18-8, 24-11, 8-13) 2017.11.11. szombat 11:00 \u00a0(Pasar\u00e9t) Pontszerz\u0151k:\u00a0Vasas Akad\u00e9mia \/A:\u00a0\u00a0Bud\u00e1csik D. \u00a09, Schiesz J. 2, Smailbegovic N . 2, Boros B. 2, Dul P. 15, Schiroky Sz. 2,Sagat D. 2, Dombai R. 21, Kara H. 8, Toth O. 6, Eszt\u00e1ri T, Toth F. 11 KSC SZEKSZARD:\u00a0V\u00f6r\u00f6s...","og_url":"https:\/\/vasasbasket.hu\/index.php\/vasas-akademia-a-ksc-szekszard-87-39-junior-kiemelt\/","og_site_name":"Vasas n\u0151i kos\u00e1rlabda","article_publisher":"https:\/\/www.facebook.com\/vasaswbasket\/","article_published_time":"2017-11-13T08:27:44+00:00","article_modified_time":"2017-11-13T08:31:15+00:00","og_image":[{"width":2560,"height":1920,"url":"https:\/\/vasasbasket.hu\/wp-content\/uploads\/2017\/03\/vasas-akademia-junior-2-scaled.jpg","type":"image\/jpeg"}],"author":"admin","twitter_card":"summary_large_image","twitter_misc":{"Szerz\u0151:":"admin","Becs\u00fclt olvas\u00e1si id\u0151":"1 perc"},"schema":{"@context":"https:\/\/schema.org","@graph":[{"@type":"Article","@id":"https:\/\/vasasbasket.hu\/index.php\/vasas-akademia-a-ksc-szekszard-87-39-junior-kiemelt\/#article","isPartOf":{"@id":"https:\/\/vasasbasket.hu\/index.php\/vasas-akademia-a-ksc-szekszard-87-39-junior-kiemelt\/"},"author":{"name":"admin","@id":"https:\/\/vasasbasket.hu\/#\/schema\/person\/f1085f4d2c6582d8d0f977e92de2edee"},"headline":"Vasas Akad\u00e9mia \/A &#8211; KSC Szeksz\u00e1rd 87 &#8211; 39 \/ Junior kiemelt","datePublished":"2017-11-13T08:27:44+00:00","dateModified":"2017-11-13T08:31:15+00:00","mainEntityOfPage":{"@id":"https:\/\/vasasbasket.hu\/index.php\/vasas-akademia-a-ksc-szekszard-87-39-junior-kiemelt\/"},"wordCount":219,"publisher":{"@id":"https:\/\/vasasbasket.hu\/#organization"},"image":{"@id":"https:\/\/vasasbasket.hu\/index.php\/vasas-akademia-a-ksc-szekszard-87-39-junior-kiemelt\/#primaryimage"},"thumbnailUrl":"https:\/\/vasasbasket.hu\/wp-content\/uploads\/2017\/03\/vasas-akademia-junior-2-scaled.jpg","articleSection":["Junior","\u00d6sszes H\u00edr"],"inLanguage":"hu"},{"@type":"WebPage","@id":"https:\/\/vasasbasket.hu\/index.php\/vasas-akademia-a-ksc-szekszard-87-39-junior-kiemelt\/","url":"https:\/\/vasasbasket.hu\/index.php\/vasas-akademia-a-ksc-szekszard-87-39-junior-kiemelt\/","name":"Vasas Akad\u00e9mia \/A - KSC Szeksz\u00e1rd 87 - 39 \/ Junior kiemelt - Vasas n\u0151i kos\u00e1rlabda","isPartOf":{"@id":"https:\/\/vasasbasket.hu\/#website"},"primaryImageOfPage":{"@id":"https:\/\/vasasbasket.hu\/index.php\/vasas-akademia-a-ksc-szekszard-87-39-junior-kiemelt\/#primaryimage"},"image":{"@id":"https:\/\/vasasbasket.hu\/index.php\/vasas-akademia-a-ksc-szekszard-87-39-junior-kiemelt\/#primaryimage"},"thumbnailUrl":"https:\/\/vasasbasket.hu\/wp-content\/uploads\/2017\/03\/vasas-akademia-junior-2-scaled.jpg","datePublished":"2017-11-13T08:27:44+00:00","dateModified":"2017-11-13T08:31:15+00:00","breadcrumb":{"@id":"https:\/\/vasasbasket.hu\/index.php\/vasas-akademia-a-ksc-szekszard-87-39-junior-kiemelt\/#breadcrumb"},"inLanguage":"hu","potentialAction":[{"@type":"ReadAction","target":["https:\/\/vasasbasket.hu\/index.php\/vasas-akademia-a-ksc-szekszard-87-39-junior-kiemelt\/"]}]},{"@type":"ImageObject","inLanguage":"hu","@id":"https:\/\/vasasbasket.hu\/index.php\/vasas-akademia-a-ksc-szekszard-87-39-junior-kiemelt\/#primaryimage","url":"https:\/\/vasasbasket.hu\/wp-content\/uploads\/2017\/03\/vasas-akademia-junior-2-scaled.jpg","contentUrl":"https:\/\/vasasbasket.hu\/wp-content\/uploads\/2017\/03\/vasas-akademia-junior-2-scaled.jpg","width":2560,"height":1920},{"@type":"BreadcrumbList","@id":"https:\/\/vasasbasket.hu\/index.php\/vasas-akademia-a-ksc-szekszard-87-39-junior-kiemelt\/#breadcrumb","itemListElement":[{"@type":"ListItem","position":1,"name":"Kezd\u0151lap","item":"https:\/\/vasasbasket.hu\/"},{"@type":"ListItem","position":2,"name":"Vasas Akad\u00e9mia \/A &#8211; KSC Szeksz\u00e1rd 87 &#8211; 39 \/ Junior kiemelt"}]},{"@type":"WebSite","@id":"https:\/\/vasasbasket.hu\/#website","url":"https:\/\/vasasbasket.hu\/","name":"Vasas n\u0151i kos\u00e1rlabda","description":"Vasas Basket N\u0151i","publisher":{"@id":"https:\/\/vasasbasket.hu\/#organization"},"potentialAction":[{"@type":"SearchAction","target":{"@type":"EntryPoint","urlTemplate":"https:\/\/vasasbasket.hu\/?s={search_term_string}"},"query-input":{"@type":"PropertyValueSpecification","valueRequired":true,"valueName":"search_term_string"}}],"inLanguage":"hu"},{"@type":"Organization","@id":"https:\/\/vasasbasket.hu\/#organization","name":"Vasas n\u0151i kos\u00e1rlabda","url":"https:\/\/vasasbasket.hu\/","logo":{"@type":"ImageObject","inLanguage":"hu","@id":"https:\/\/vasasbasket.hu\/#\/schema\/logo\/image\/","url":"https:\/\/vasasbasket.hu\/wp-content\/uploads\/2017\/03\/vasas_cimer_1200.jpg","contentUrl":"https:\/\/vasasbasket.hu\/wp-content\/uploads\/2017\/03\/vasas_cimer_1200.jpg","width":1200,"height":1200,"caption":"Vasas n\u0151i kos\u00e1rlabda"},"image":{"@id":"https:\/\/vasasbasket.hu\/#\/schema\/logo\/image\/"},"sameAs":["https:\/\/www.facebook.com\/vasaswbasket\/"]},{"@type":"Person","@id":"https:\/\/vasasbasket.hu\/#\/schema\/person\/f1085f4d2c6582d8d0f977e92de2edee","name":"admin","image":{"@type":"ImageObject","inLanguage":"hu","@id":"https:\/\/vasasbasket.hu\/#\/schema\/person\/image\/","url":"https:\/\/secure.gravatar.com\/avatar\/645c92f7d9cfe02bd93ce2d1cfa11cd3a268bdfe65486552ff04b193cea07634?s=96&d=mm&r=g","contentUrl":"https:\/\/secure.gravatar.com\/avatar\/645c92f7d9cfe02bd93ce2d1cfa11cd3a268bdfe65486552ff04b193cea07634?s=96&d=mm&r=g","caption":"admin"},"url":"https:\/\/vasasbasket.hu\/index.php\/author\/admin\/"}]}},"_links":{"self":[{"href":"https:\/\/vasasbasket.hu\/index.php\/wp-json\/wp\/v2\/posts\/3368","targetHints":{"allow":["GET"]}}],"collection":[{"href":"https:\/\/vasasbasket.hu\/index.php\/wp-json\/wp\/v2\/posts"}],"about":[{"href":"https:\/\/vasasbasket.hu\/index.php\/wp-json\/wp\/v2\/types\/post"}],"author":[{"embeddable":true,"href":"https:\/\/vasasbasket.hu\/index.php\/wp-json\/wp\/v2\/users\/1"}],"replies":[{"embeddable":true,"href":"https:\/\/vasasbasket.hu\/index.php\/wp-json\/wp\/v2\/comments?post=3368"}],"version-history":[{"count":3,"href":"https:\/\/vasasbasket.hu\/index.php\/wp-json\/wp\/v2\/posts\/3368\/revisions"}],"predecessor-version":[{"id":3371,"href":"https:\/\/vasasbasket.hu\/index.php\/wp-json\/wp\/v2\/posts\/3368\/revisions\/3371"}],"wp:featuredmedia":[{"embeddable":true,"href":"https:\/\/vasasbasket.hu\/index.php\/wp-json\/wp\/v2\/media\/3109"}],"wp:attachment":[{"href":"https:\/\/vasasbasket.hu\/index.php\/wp-json\/wp\/v2\/media?parent=3368"}],"wp:term":[{"taxonomy":"category","embeddable":true,"href":"https:\/\/vasasbasket.hu\/index.php\/wp-json\/wp\/v2\/categories?post=3368"},{"taxonomy":"post_tag","embeddable":true,"href":"https:\/\/vasasbasket.hu\/index.php\/wp-json\/wp\/v2\/tags?post=3368"}],"curies":[{"name":"wp","href":"https:\/\/api.w.org\/{rel}","templated":true}]}}