{"id":3361,"date":"2017-11-13T08:19:53","date_gmt":"2017-11-13T08:19:53","guid":{"rendered":"http:\/\/vasasbasket.hu\/?p=3361"},"modified":"2017-11-13T08:19:53","modified_gmt":"2017-11-13T08:19:53","slug":"vasas-akademia-b-mtk-budapest-55-49-regionalis-junior","status":"publish","type":"post","link":"https:\/\/vasasbasket.hu\/index.php\/vasas-akademia-b-mtk-budapest-55-49-regionalis-junior\/","title":{"rendered":"Vasas Akad\u00e9mia \/B &#8211; MTK BUDAPEST  55 &#8211; 49 \/ Region\u00e1lis Junior"},"content":{"rendered":"<h3><strong>Vasas Akad\u00e9mia \/B &#8211; MTK BUDAPEST\u00a0 55\u00a0&#8211; 49 <\/strong><\/h3>\n<p><strong>(13-14, 15-11, 8-14, 19-10)<\/strong><\/p>\n<p><u>2017.11.11. szombat 11:00 \u00a0(Pasar\u00e9t)<\/u><\/p>\n<p>Pontszerz\u0151k:\u00a0<strong>Vasas Akad\u00e9mia \/B:\u00a0<\/strong>\u00a0Gangl Kinga 6, Eszt\u00e1ri T\u00fcnde 8, M\u00e9sz\u00e1ros Szonja 3, Kiss M\u00e1rta, Mudra Viola 8, D\u00fal Terka 9, Altmann Anna 11\/3, Szerencs\u00e9s Tamara 4, Keszy-Harmath S\u00e1ra 2, T\u00f3th Fruzsina 2, V\u00edgh Bernadett 2, M\u00e1nyoky R\u00e9ka 5<\/p>\n<p><strong>MTK BUDAPEST:\u00a0<\/strong>D\u00e9nes D. 12, Buzinkay Z. 4, Nagy A. 4, Gr\u00f3f J. 8, Kiss D. 6, Bojt\u00e1r B. 1, Ryan J. 2, Nagy C. 6, F\u00f6ldi A. 6,<\/p>\n<p>&nbsp;<\/p>\n<p>K\u00fczdelmes m\u00e9rk\u0151z\u00e9st j\u00e1tszott a k\u00e9t hasonl\u00f3 k\u00e9pess\u00e9g\u0171 csapat. Voltak sz\u00e9p akci\u00f3ink, j\u00f3 v\u00e9dekez\u00e9seink, de el\u00e9g sok hib\u00e1t is v\u00e9tett\u00fcnk. A m\u00e9rk\u0151z\u00e9s folyam\u00e1n el\u00e9g hull\u00e1mz\u00f3 teljes\u00edtm\u00e9nyt ny\u00fajtottunk, de nagy fegyvert\u00e9ny, hogy a v\u00e9gj\u00e1t\u00e9kra \u00f6sszeszedt\u00fck magunkat, visszavett\u00fck a kez\u00fcnkbe a m\u00e9rk\u0151z\u00e9s ir\u00e1ny\u00edt\u00e1s\u00e1t, \u00e9s meg tudtuk nyerni a m\u00e9rk\u0151z\u00e9st. Rem\u00e9lem, sokat tanultak a l\u00e1nyok a mai napon!<\/p>\n<p>&nbsp;<\/p>\n","protected":false},"excerpt":{"rendered":"<p>Vasas Akad\u00e9mia \/B &#8211; MTK BUDAPEST\u00a0 55\u00a0&#8211; 49 (13-14, 15-11, 8-14, 19-10) 2017.11.11. szombat 11:00 \u00a0(Pasar\u00e9t) Pontszerz\u0151k:\u00a0Vasas Akad\u00e9mia \/B:\u00a0\u00a0Gangl Kinga 6, Eszt\u00e1ri T\u00fcnde 8, M\u00e9sz\u00e1ros Szonja 3, Kiss M\u00e1rta, Mudra Viola 8, D\u00fal Terka 9, Altmann Anna 11\/3, Szerencs\u00e9s Tamara 4, Keszy-Harmath S\u00e1ra 2, T\u00f3th Fruzsina 2, V\u00edgh Bernadett 2, M\u00e1nyoky R\u00e9ka 5 MTK BUDAPEST:\u00a0D\u00e9nes&#8230;<\/p>\n","protected":false},"author":1,"featured_media":2524,"comment_status":"closed","ping_status":"open","sticky":false,"template":"","format":"standard","meta":{"footnotes":""},"categories":[50,92],"tags":[],"class_list":["post-3361","post","type-post","status-publish","format-standard","has-post-thumbnail","hentry","category-junior","category-hirek"],"yoast_head":"<!-- This site is optimized with the Yoast SEO plugin v26.0 - https:\/\/yoast.com\/wordpress\/plugins\/seo\/ -->\n<title>Vasas Akad\u00e9mia \/B - MTK BUDAPEST 55 - 49 \/ Region\u00e1lis Junior - Vasas n\u0151i kos\u00e1rlabda<\/title>\n<meta name=\"robots\" content=\"index, follow, max-snippet:-1, max-image-preview:large, max-video-preview:-1\" \/>\n<link rel=\"canonical\" href=\"https:\/\/vasasbasket.hu\/index.php\/vasas-akademia-b-mtk-budapest-55-49-regionalis-junior\/\" \/>\n<meta property=\"og:locale\" content=\"hu_HU\" \/>\n<meta property=\"og:type\" content=\"article\" \/>\n<meta property=\"og:title\" content=\"Vasas Akad\u00e9mia \/B - MTK BUDAPEST 55 - 49 \/ Region\u00e1lis Junior - Vasas n\u0151i kos\u00e1rlabda\" \/>\n<meta property=\"og:description\" content=\"Vasas Akad\u00e9mia \/B &#8211; MTK BUDAPEST\u00a0 55\u00a0&#8211; 49 (13-14, 15-11, 8-14, 19-10) 2017.11.11. szombat 11:00 \u00a0(Pasar\u00e9t) Pontszerz\u0151k:\u00a0Vasas Akad\u00e9mia \/B:\u00a0\u00a0Gangl Kinga 6, Eszt\u00e1ri T\u00fcnde 8, M\u00e9sz\u00e1ros Szonja 3, Kiss M\u00e1rta, Mudra Viola 8, D\u00fal Terka 9, Altmann Anna 11\/3, Szerencs\u00e9s Tamara 4, Keszy-Harmath S\u00e1ra 2, T\u00f3th Fruzsina 2, V\u00edgh Bernadett 2, M\u00e1nyoky R\u00e9ka 5 MTK BUDAPEST:\u00a0D\u00e9nes...\" \/>\n<meta property=\"og:url\" content=\"https:\/\/vasasbasket.hu\/index.php\/vasas-akademia-b-mtk-budapest-55-49-regionalis-junior\/\" \/>\n<meta property=\"og:site_name\" content=\"Vasas n\u0151i kos\u00e1rlabda\" \/>\n<meta property=\"article:publisher\" content=\"https:\/\/www.facebook.com\/vasaswbasket\/\" \/>\n<meta property=\"article:published_time\" content=\"2017-11-13T08:19:53+00:00\" \/>\n<meta property=\"og:image\" content=\"https:\/\/vasasbasket.hu\/wp-content\/uploads\/2017\/03\/news-3-570x350.jpg\" \/>\n\t<meta property=\"og:image:width\" content=\"570\" \/>\n\t<meta property=\"og:image:height\" content=\"350\" \/>\n\t<meta property=\"og:image:type\" content=\"image\/jpeg\" \/>\n<meta name=\"author\" content=\"admin\" \/>\n<meta name=\"twitter:card\" content=\"summary_large_image\" \/>\n<meta name=\"twitter:label1\" content=\"Szerz\u0151:\" \/>\n\t<meta name=\"twitter:data1\" content=\"admin\" \/>\n\t<meta name=\"twitter:label2\" content=\"Becs\u00fclt olvas\u00e1si id\u0151\" \/>\n\t<meta name=\"twitter:data2\" content=\"1 perc\" \/>\n<script type=\"application\/ld+json\" class=\"yoast-schema-graph\">{\"@context\":\"https:\/\/schema.org\",\"@graph\":[{\"@type\":\"Article\",\"@id\":\"https:\/\/vasasbasket.hu\/index.php\/vasas-akademia-b-mtk-budapest-55-49-regionalis-junior\/#article\",\"isPartOf\":{\"@id\":\"https:\/\/vasasbasket.hu\/index.php\/vasas-akademia-b-mtk-budapest-55-49-regionalis-junior\/\"},\"author\":{\"name\":\"admin\",\"@id\":\"https:\/\/vasasbasket.hu\/#\/schema\/person\/f1085f4d2c6582d8d0f977e92de2edee\"},\"headline\":\"Vasas Akad\u00e9mia \/B &#8211; MTK BUDAPEST 55 &#8211; 49 \/ Region\u00e1lis Junior\",\"datePublished\":\"2017-11-13T08:19:53+00:00\",\"mainEntityOfPage\":{\"@id\":\"https:\/\/vasasbasket.hu\/index.php\/vasas-akademia-b-mtk-budapest-55-49-regionalis-junior\/\"},\"wordCount\":192,\"publisher\":{\"@id\":\"https:\/\/vasasbasket.hu\/#organization\"},\"image\":{\"@id\":\"https:\/\/vasasbasket.hu\/index.php\/vasas-akademia-b-mtk-budapest-55-49-regionalis-junior\/#primaryimage\"},\"thumbnailUrl\":\"https:\/\/vasasbasket.hu\/wp-content\/uploads\/2017\/03\/news-3-570x350.jpg\",\"articleSection\":[\"Junior\",\"\u00d6sszes H\u00edr\"],\"inLanguage\":\"hu\"},{\"@type\":\"WebPage\",\"@id\":\"https:\/\/vasasbasket.hu\/index.php\/vasas-akademia-b-mtk-budapest-55-49-regionalis-junior\/\",\"url\":\"https:\/\/vasasbasket.hu\/index.php\/vasas-akademia-b-mtk-budapest-55-49-regionalis-junior\/\",\"name\":\"Vasas Akad\u00e9mia \/B - MTK BUDAPEST 55 - 49 \/ Region\u00e1lis Junior - Vasas n\u0151i kos\u00e1rlabda\",\"isPartOf\":{\"@id\":\"https:\/\/vasasbasket.hu\/#website\"},\"primaryImageOfPage\":{\"@id\":\"https:\/\/vasasbasket.hu\/index.php\/vasas-akademia-b-mtk-budapest-55-49-regionalis-junior\/#primaryimage\"},\"image\":{\"@id\":\"https:\/\/vasasbasket.hu\/index.php\/vasas-akademia-b-mtk-budapest-55-49-regionalis-junior\/#primaryimage\"},\"thumbnailUrl\":\"https:\/\/vasasbasket.hu\/wp-content\/uploads\/2017\/03\/news-3-570x350.jpg\",\"datePublished\":\"2017-11-13T08:19:53+00:00\",\"breadcrumb\":{\"@id\":\"https:\/\/vasasbasket.hu\/index.php\/vasas-akademia-b-mtk-budapest-55-49-regionalis-junior\/#breadcrumb\"},\"inLanguage\":\"hu\",\"potentialAction\":[{\"@type\":\"ReadAction\",\"target\":[\"https:\/\/vasasbasket.hu\/index.php\/vasas-akademia-b-mtk-budapest-55-49-regionalis-junior\/\"]}]},{\"@type\":\"ImageObject\",\"inLanguage\":\"hu\",\"@id\":\"https:\/\/vasasbasket.hu\/index.php\/vasas-akademia-b-mtk-budapest-55-49-regionalis-junior\/#primaryimage\",\"url\":\"https:\/\/vasasbasket.hu\/wp-content\/uploads\/2017\/03\/news-3-570x350.jpg\",\"contentUrl\":\"https:\/\/vasasbasket.hu\/wp-content\/uploads\/2017\/03\/news-3-570x350.jpg\",\"width\":570,\"height\":350},{\"@type\":\"BreadcrumbList\",\"@id\":\"https:\/\/vasasbasket.hu\/index.php\/vasas-akademia-b-mtk-budapest-55-49-regionalis-junior\/#breadcrumb\",\"itemListElement\":[{\"@type\":\"ListItem\",\"position\":1,\"name\":\"Kezd\u0151lap\",\"item\":\"https:\/\/vasasbasket.hu\/\"},{\"@type\":\"ListItem\",\"position\":2,\"name\":\"Vasas Akad\u00e9mia \/B &#8211; MTK BUDAPEST 55 &#8211; 49 \/ Region\u00e1lis Junior\"}]},{\"@type\":\"WebSite\",\"@id\":\"https:\/\/vasasbasket.hu\/#website\",\"url\":\"https:\/\/vasasbasket.hu\/\",\"name\":\"Vasas n\u0151i kos\u00e1rlabda\",\"description\":\"Vasas Basket N\u0151i\",\"publisher\":{\"@id\":\"https:\/\/vasasbasket.hu\/#organization\"},\"potentialAction\":[{\"@type\":\"SearchAction\",\"target\":{\"@type\":\"EntryPoint\",\"urlTemplate\":\"https:\/\/vasasbasket.hu\/?s={search_term_string}\"},\"query-input\":{\"@type\":\"PropertyValueSpecification\",\"valueRequired\":true,\"valueName\":\"search_term_string\"}}],\"inLanguage\":\"hu\"},{\"@type\":\"Organization\",\"@id\":\"https:\/\/vasasbasket.hu\/#organization\",\"name\":\"Vasas n\u0151i kos\u00e1rlabda\",\"url\":\"https:\/\/vasasbasket.hu\/\",\"logo\":{\"@type\":\"ImageObject\",\"inLanguage\":\"hu\",\"@id\":\"https:\/\/vasasbasket.hu\/#\/schema\/logo\/image\/\",\"url\":\"https:\/\/vasasbasket.hu\/wp-content\/uploads\/2017\/03\/vasas_cimer_1200.jpg\",\"contentUrl\":\"https:\/\/vasasbasket.hu\/wp-content\/uploads\/2017\/03\/vasas_cimer_1200.jpg\",\"width\":1200,\"height\":1200,\"caption\":\"Vasas n\u0151i kos\u00e1rlabda\"},\"image\":{\"@id\":\"https:\/\/vasasbasket.hu\/#\/schema\/logo\/image\/\"},\"sameAs\":[\"https:\/\/www.facebook.com\/vasaswbasket\/\"]},{\"@type\":\"Person\",\"@id\":\"https:\/\/vasasbasket.hu\/#\/schema\/person\/f1085f4d2c6582d8d0f977e92de2edee\",\"name\":\"admin\",\"image\":{\"@type\":\"ImageObject\",\"inLanguage\":\"hu\",\"@id\":\"https:\/\/vasasbasket.hu\/#\/schema\/person\/image\/\",\"url\":\"https:\/\/secure.gravatar.com\/avatar\/645c92f7d9cfe02bd93ce2d1cfa11cd3a268bdfe65486552ff04b193cea07634?s=96&d=mm&r=g\",\"contentUrl\":\"https:\/\/secure.gravatar.com\/avatar\/645c92f7d9cfe02bd93ce2d1cfa11cd3a268bdfe65486552ff04b193cea07634?s=96&d=mm&r=g\",\"caption\":\"admin\"},\"url\":\"https:\/\/vasasbasket.hu\/index.php\/author\/admin\/\"}]}<\/script>\n<!-- \/ Yoast SEO plugin. -->","yoast_head_json":{"title":"Vasas Akad\u00e9mia \/B - MTK BUDAPEST 55 - 49 \/ Region\u00e1lis Junior - Vasas n\u0151i kos\u00e1rlabda","robots":{"index":"index","follow":"follow","max-snippet":"max-snippet:-1","max-image-preview":"max-image-preview:large","max-video-preview":"max-video-preview:-1"},"canonical":"https:\/\/vasasbasket.hu\/index.php\/vasas-akademia-b-mtk-budapest-55-49-regionalis-junior\/","og_locale":"hu_HU","og_type":"article","og_title":"Vasas Akad\u00e9mia \/B - MTK BUDAPEST 55 - 49 \/ Region\u00e1lis Junior - Vasas n\u0151i kos\u00e1rlabda","og_description":"Vasas Akad\u00e9mia \/B &#8211; MTK BUDAPEST\u00a0 55\u00a0&#8211; 49 (13-14, 15-11, 8-14, 19-10) 2017.11.11. szombat 11:00 \u00a0(Pasar\u00e9t) Pontszerz\u0151k:\u00a0Vasas Akad\u00e9mia \/B:\u00a0\u00a0Gangl Kinga 6, Eszt\u00e1ri T\u00fcnde 8, M\u00e9sz\u00e1ros Szonja 3, Kiss M\u00e1rta, Mudra Viola 8, D\u00fal Terka 9, Altmann Anna 11\/3, Szerencs\u00e9s Tamara 4, Keszy-Harmath S\u00e1ra 2, T\u00f3th Fruzsina 2, V\u00edgh Bernadett 2, M\u00e1nyoky R\u00e9ka 5 MTK BUDAPEST:\u00a0D\u00e9nes...","og_url":"https:\/\/vasasbasket.hu\/index.php\/vasas-akademia-b-mtk-budapest-55-49-regionalis-junior\/","og_site_name":"Vasas n\u0151i kos\u00e1rlabda","article_publisher":"https:\/\/www.facebook.com\/vasaswbasket\/","article_published_time":"2017-11-13T08:19:53+00:00","og_image":[{"width":570,"height":350,"url":"https:\/\/vasasbasket.hu\/wp-content\/uploads\/2017\/03\/news-3-570x350.jpg","type":"image\/jpeg"}],"author":"admin","twitter_card":"summary_large_image","twitter_misc":{"Szerz\u0151:":"admin","Becs\u00fclt olvas\u00e1si id\u0151":"1 perc"},"schema":{"@context":"https:\/\/schema.org","@graph":[{"@type":"Article","@id":"https:\/\/vasasbasket.hu\/index.php\/vasas-akademia-b-mtk-budapest-55-49-regionalis-junior\/#article","isPartOf":{"@id":"https:\/\/vasasbasket.hu\/index.php\/vasas-akademia-b-mtk-budapest-55-49-regionalis-junior\/"},"author":{"name":"admin","@id":"https:\/\/vasasbasket.hu\/#\/schema\/person\/f1085f4d2c6582d8d0f977e92de2edee"},"headline":"Vasas Akad\u00e9mia \/B &#8211; MTK BUDAPEST 55 &#8211; 49 \/ Region\u00e1lis Junior","datePublished":"2017-11-13T08:19:53+00:00","mainEntityOfPage":{"@id":"https:\/\/vasasbasket.hu\/index.php\/vasas-akademia-b-mtk-budapest-55-49-regionalis-junior\/"},"wordCount":192,"publisher":{"@id":"https:\/\/vasasbasket.hu\/#organization"},"image":{"@id":"https:\/\/vasasbasket.hu\/index.php\/vasas-akademia-b-mtk-budapest-55-49-regionalis-junior\/#primaryimage"},"thumbnailUrl":"https:\/\/vasasbasket.hu\/wp-content\/uploads\/2017\/03\/news-3-570x350.jpg","articleSection":["Junior","\u00d6sszes H\u00edr"],"inLanguage":"hu"},{"@type":"WebPage","@id":"https:\/\/vasasbasket.hu\/index.php\/vasas-akademia-b-mtk-budapest-55-49-regionalis-junior\/","url":"https:\/\/vasasbasket.hu\/index.php\/vasas-akademia-b-mtk-budapest-55-49-regionalis-junior\/","name":"Vasas Akad\u00e9mia \/B - MTK BUDAPEST 55 - 49 \/ Region\u00e1lis Junior - Vasas n\u0151i kos\u00e1rlabda","isPartOf":{"@id":"https:\/\/vasasbasket.hu\/#website"},"primaryImageOfPage":{"@id":"https:\/\/vasasbasket.hu\/index.php\/vasas-akademia-b-mtk-budapest-55-49-regionalis-junior\/#primaryimage"},"image":{"@id":"https:\/\/vasasbasket.hu\/index.php\/vasas-akademia-b-mtk-budapest-55-49-regionalis-junior\/#primaryimage"},"thumbnailUrl":"https:\/\/vasasbasket.hu\/wp-content\/uploads\/2017\/03\/news-3-570x350.jpg","datePublished":"2017-11-13T08:19:53+00:00","breadcrumb":{"@id":"https:\/\/vasasbasket.hu\/index.php\/vasas-akademia-b-mtk-budapest-55-49-regionalis-junior\/#breadcrumb"},"inLanguage":"hu","potentialAction":[{"@type":"ReadAction","target":["https:\/\/vasasbasket.hu\/index.php\/vasas-akademia-b-mtk-budapest-55-49-regionalis-junior\/"]}]},{"@type":"ImageObject","inLanguage":"hu","@id":"https:\/\/vasasbasket.hu\/index.php\/vasas-akademia-b-mtk-budapest-55-49-regionalis-junior\/#primaryimage","url":"https:\/\/vasasbasket.hu\/wp-content\/uploads\/2017\/03\/news-3-570x350.jpg","contentUrl":"https:\/\/vasasbasket.hu\/wp-content\/uploads\/2017\/03\/news-3-570x350.jpg","width":570,"height":350},{"@type":"BreadcrumbList","@id":"https:\/\/vasasbasket.hu\/index.php\/vasas-akademia-b-mtk-budapest-55-49-regionalis-junior\/#breadcrumb","itemListElement":[{"@type":"ListItem","position":1,"name":"Kezd\u0151lap","item":"https:\/\/vasasbasket.hu\/"},{"@type":"ListItem","position":2,"name":"Vasas Akad\u00e9mia \/B &#8211; MTK BUDAPEST 55 &#8211; 49 \/ Region\u00e1lis Junior"}]},{"@type":"WebSite","@id":"https:\/\/vasasbasket.hu\/#website","url":"https:\/\/vasasbasket.hu\/","name":"Vasas n\u0151i kos\u00e1rlabda","description":"Vasas Basket N\u0151i","publisher":{"@id":"https:\/\/vasasbasket.hu\/#organization"},"potentialAction":[{"@type":"SearchAction","target":{"@type":"EntryPoint","urlTemplate":"https:\/\/vasasbasket.hu\/?s={search_term_string}"},"query-input":{"@type":"PropertyValueSpecification","valueRequired":true,"valueName":"search_term_string"}}],"inLanguage":"hu"},{"@type":"Organization","@id":"https:\/\/vasasbasket.hu\/#organization","name":"Vasas n\u0151i kos\u00e1rlabda","url":"https:\/\/vasasbasket.hu\/","logo":{"@type":"ImageObject","inLanguage":"hu","@id":"https:\/\/vasasbasket.hu\/#\/schema\/logo\/image\/","url":"https:\/\/vasasbasket.hu\/wp-content\/uploads\/2017\/03\/vasas_cimer_1200.jpg","contentUrl":"https:\/\/vasasbasket.hu\/wp-content\/uploads\/2017\/03\/vasas_cimer_1200.jpg","width":1200,"height":1200,"caption":"Vasas n\u0151i kos\u00e1rlabda"},"image":{"@id":"https:\/\/vasasbasket.hu\/#\/schema\/logo\/image\/"},"sameAs":["https:\/\/www.facebook.com\/vasaswbasket\/"]},{"@type":"Person","@id":"https:\/\/vasasbasket.hu\/#\/schema\/person\/f1085f4d2c6582d8d0f977e92de2edee","name":"admin","image":{"@type":"ImageObject","inLanguage":"hu","@id":"https:\/\/vasasbasket.hu\/#\/schema\/person\/image\/","url":"https:\/\/secure.gravatar.com\/avatar\/645c92f7d9cfe02bd93ce2d1cfa11cd3a268bdfe65486552ff04b193cea07634?s=96&d=mm&r=g","contentUrl":"https:\/\/secure.gravatar.com\/avatar\/645c92f7d9cfe02bd93ce2d1cfa11cd3a268bdfe65486552ff04b193cea07634?s=96&d=mm&r=g","caption":"admin"},"url":"https:\/\/vasasbasket.hu\/index.php\/author\/admin\/"}]}},"_links":{"self":[{"href":"https:\/\/vasasbasket.hu\/index.php\/wp-json\/wp\/v2\/posts\/3361","targetHints":{"allow":["GET"]}}],"collection":[{"href":"https:\/\/vasasbasket.hu\/index.php\/wp-json\/wp\/v2\/posts"}],"about":[{"href":"https:\/\/vasasbasket.hu\/index.php\/wp-json\/wp\/v2\/types\/post"}],"author":[{"embeddable":true,"href":"https:\/\/vasasbasket.hu\/index.php\/wp-json\/wp\/v2\/users\/1"}],"replies":[{"embeddable":true,"href":"https:\/\/vasasbasket.hu\/index.php\/wp-json\/wp\/v2\/comments?post=3361"}],"version-history":[{"count":1,"href":"https:\/\/vasasbasket.hu\/index.php\/wp-json\/wp\/v2\/posts\/3361\/revisions"}],"predecessor-version":[{"id":3362,"href":"https:\/\/vasasbasket.hu\/index.php\/wp-json\/wp\/v2\/posts\/3361\/revisions\/3362"}],"wp:featuredmedia":[{"embeddable":true,"href":"https:\/\/vasasbasket.hu\/index.php\/wp-json\/wp\/v2\/media\/2524"}],"wp:attachment":[{"href":"https:\/\/vasasbasket.hu\/index.php\/wp-json\/wp\/v2\/media?parent=3361"}],"wp:term":[{"taxonomy":"category","embeddable":true,"href":"https:\/\/vasasbasket.hu\/index.php\/wp-json\/wp\/v2\/categories?post=3361"},{"taxonomy":"post_tag","embeddable":true,"href":"https:\/\/vasasbasket.hu\/index.php\/wp-json\/wp\/v2\/tags?post=3361"}],"curies":[{"name":"wp","href":"https:\/\/api.w.org\/{rel}","templated":true}]}}