{"id":3341,"date":"2017-10-31T17:08:57","date_gmt":"2017-10-31T17:08:57","guid":{"rendered":"http:\/\/vasasbasket.hu\/?p=3341"},"modified":"2017-10-31T17:08:57","modified_gmt":"2017-10-31T17:08:57","slug":"varga-aliz-a-brit-profiligaban","status":"publish","type":"post","link":"https:\/\/vasasbasket.hu\/index.php\/varga-aliz-a-brit-profiligaban\/","title":{"rendered":"Varga Al\u00edz a brit profilig\u00e1ban"},"content":{"rendered":"<p>A 16 \u00e9ves kos\u00e1rlabd\u00e1z\u00f3, Varga Al\u00edz Angli\u00e1ban t\u00f6lti a tan\u00e9vet, amellett pedig a brit profilig\u00e1ban j\u00e1tszik. A koroszt\u00e1lyos v\u00e1logatott egyik er\u0151ss\u00e9ge legut\u00f3bb beker\u00fclt a bajnoks\u00e1g All Star-csapat\u00e1ba is.<\/p>\n<p>z Eur\u00f3pa-bajnoki- \u00e9s EYOF-ez\u00fcst\u00e9rmes le\u00e1ny U16-os kos\u00e1rlabda-v\u00e1logatott j\u00e1t\u00e9kosa, Varga Al\u00edz beker\u00fclt a brit profiliga, a WBBL 5. fordul\u00f3j\u00e1nak All Star-csapat\u00e1ba. A Vasas Akad\u00e9mia neveltj\u00e9nek remekl\u00e9s\u00e9re a wbasket.hu szakport\u00e1l h\u00edvta fel a figyelmet.<\/p>\n<p><img loading=\"lazy\" decoding=\"async\" class=\"size-medium wp-image-2890 alignleft\" src=\"http:\/\/vasasbasket.hu\/wp-content\/uploads\/2017\/08\/IMG_0601-300x225.jpg\" alt=\"\" width=\"300\" height=\"225\" srcset=\"https:\/\/vasasbasket.hu\/wp-content\/uploads\/2017\/08\/IMG_0601-300x225.jpg 300w, https:\/\/vasasbasket.hu\/wp-content\/uploads\/2017\/08\/IMG_0601-570x428.jpg 570w, https:\/\/vasasbasket.hu\/wp-content\/uploads\/2017\/08\/IMG_0601-440x330.jpg 440w, https:\/\/vasasbasket.hu\/wp-content\/uploads\/2017\/08\/IMG_0601-768x576.jpg 768w, https:\/\/vasasbasket.hu\/wp-content\/uploads\/2017\/08\/IMG_0601-1024x768.jpg 1024w, https:\/\/vasasbasket.hu\/wp-content\/uploads\/2017\/08\/IMG_0601-128x96.jpg 128w, https:\/\/vasasbasket.hu\/wp-content\/uploads\/2017\/08\/IMG_0601-32x24.jpg 32w, https:\/\/vasasbasket.hu\/wp-content\/uploads\/2017\/08\/IMG_0601.jpg 1280w\" sizes=\"auto, (max-width: 300px) 100vw, 300px\" \/>Al\u00edz az \u0151sszel kezd\u0151d\u00f6tt tan\u00e9vet nyelvtanul\u00e1s c\u00e9lj\u00e1b\u00f3l Angli\u00e1ban t\u00f6lti, m\u00e9ghozz\u00e1 kos\u00e1rlabda-\u00f6szt\u00f6nd\u00edjjal. A Londonhoz k\u00f6zeli, att\u00f3l \u00e9szakra tal\u00e1lhat\u00f3 Oaklands College tanul\u00f3ja az int\u00e9zm\u00e9nyre \u00e9p\u00fcl\u0151 csapatban, az Oaklands Wolves-ban m\u00e1r a brit profilig\u00e1ban is bemutatkozhatott. A 16 \u00e9ves center eddig h\u00e1rom tal\u00e1lkoz\u00f3n l\u00e9pett p\u00e1ly\u00e1ra, a h\u00e9t v\u00e9g\u00e9n a Caledonia Pride egy\u00fcttese ellen 28,5 perc alatt 20 ponttal, 5 lepattan\u00f3val \u00e9s 2 g\u00f3lpasszal vette ki a r\u00e9sz\u00e9t Wolves siker\u00e9b\u0151l, ami All Star-csapattags\u00e1got \u00e9rt.<\/p>\n<p>A koroszt\u00e1lyos v\u00e1logatott kiv\u00e1l\u00f3s\u00e1g\u00e1r\u00f3l elismer\u0151en nyilatkoztak a klubj\u00e1ban is. A WBBL honlapj\u00e1n olvashat\u00f3 portr\u00e9ban Lee Ryan, az Oaklands Wolves vezet\u0151edz\u0151je \u201ekiv\u00e9teles tehets\u00e9gk\u00e9nt\u201d, a WBBL mez\u0151ny\u00e9t tekintve \u201ea koroszt\u00e1ly legjobb j\u00e1t\u00e9kosak\u00e9nt\u201d hivatkozott Varga Al\u00edzra.<\/p>\n<p>A center az EYOF-on mutatott j\u00f3 j\u00e1t\u00e9ka ut\u00e1n a franciaorsz\u00e1gi Bourges-ben megrendezett U16-os Eur\u00f3pa-bajnoks\u00e1gon a m\u00e9rk\u0151z\u00e9sek t\u00f6bb mint fel\u00e9t a p\u00e1ly\u00e1n t\u00f6lt\u00f6tte. \u00c1tlagban 26,2 perc alatt 8 pontot \u00e9s 7 lepattan\u00f3t szerzett, 13,3-es VAL-\u00e9rt\u00e9ke pedig szint\u00e9n remeknek sz\u00e1m\u00edt.<\/p>\n<p>Varga Al\u00edz nem az egyetlen j\u00e1t\u00e9kosa a sikert sikerre halmoz\u00f3 U16-os le\u00e1nyv\u00e1logatottnak, aki tanulm\u00e1nyai miatt ideiglenesen k\u00fclf\u00f6ldre k\u00f6lt\u00f6z\u00f6tt. Ahogyan arr\u00f3l kor\u00e1bban besz\u00e1moltunk, a Vasas Akad\u00e9mia m\u00e1sik fiatal centere,\u00a0T\u00f3th Franka B\u00e9csben t\u00f6lti a tan\u00e9vet, de \u0151 az osztr\u00e1k f\u0151v\u00e1ros k\u00f6zels\u00e9ge miatt \u00e1tmenetileg sem igazolt m\u00e1shov\u00e1.<\/p>\n<p>forr\u00e1s:\u00a0http:\/\/www.nemzetisport.hu<\/p>\n","protected":false},"excerpt":{"rendered":"<p>A 16 \u00e9ves kos\u00e1rlabd\u00e1z\u00f3, Varga Al\u00edz Angli\u00e1ban t\u00f6lti a tan\u00e9vet, amellett pedig a brit profilig\u00e1ban j\u00e1tszik. A koroszt\u00e1lyos v\u00e1logatott egyik er\u0151ss\u00e9ge legut\u00f3bb beker\u00fclt a bajnoks\u00e1g All Star-csapat\u00e1ba is. z Eur\u00f3pa-bajnoki- \u00e9s EYOF-ez\u00fcst\u00e9rmes le\u00e1ny U16-os kos\u00e1rlabda-v\u00e1logatott j\u00e1t\u00e9kosa, Varga Al\u00edz beker\u00fclt a brit profiliga, a WBBL 5. fordul\u00f3j\u00e1nak All Star-csapat\u00e1ba. A Vasas Akad\u00e9mia neveltj\u00e9nek remekl\u00e9s\u00e9re a wbasket.hu&#8230;<\/p>\n","protected":false},"author":1,"featured_media":3342,"comment_status":"closed","ping_status":"open","sticky":false,"template":"","format":"standard","meta":{"footnotes":""},"categories":[91,92],"tags":[],"class_list":["post-3341","post","type-post","status-publish","format-standard","has-post-thumbnail","hentry","category-vasas","category-hirek"],"yoast_head":"<!-- This site is optimized with the Yoast SEO plugin v26.0 - https:\/\/yoast.com\/wordpress\/plugins\/seo\/ -->\n<title>Varga Al\u00edz a brit profilig\u00e1ban - Vasas n\u0151i kos\u00e1rlabda<\/title>\n<meta name=\"robots\" content=\"index, follow, max-snippet:-1, max-image-preview:large, max-video-preview:-1\" \/>\n<link rel=\"canonical\" href=\"https:\/\/vasasbasket.hu\/index.php\/varga-aliz-a-brit-profiligaban\/\" \/>\n<meta property=\"og:locale\" content=\"hu_HU\" \/>\n<meta property=\"og:type\" content=\"article\" \/>\n<meta property=\"og:title\" content=\"Varga Al\u00edz a brit profilig\u00e1ban - Vasas n\u0151i kos\u00e1rlabda\" \/>\n<meta property=\"og:description\" content=\"A 16 \u00e9ves kos\u00e1rlabd\u00e1z\u00f3, Varga Al\u00edz Angli\u00e1ban t\u00f6lti a tan\u00e9vet, amellett pedig a brit profilig\u00e1ban j\u00e1tszik. A koroszt\u00e1lyos v\u00e1logatott egyik er\u0151ss\u00e9ge legut\u00f3bb beker\u00fclt a bajnoks\u00e1g All Star-csapat\u00e1ba is. z Eur\u00f3pa-bajnoki- \u00e9s EYOF-ez\u00fcst\u00e9rmes le\u00e1ny U16-os kos\u00e1rlabda-v\u00e1logatott j\u00e1t\u00e9kosa, Varga Al\u00edz beker\u00fclt a brit profiliga, a WBBL 5. fordul\u00f3j\u00e1nak All Star-csapat\u00e1ba. A Vasas Akad\u00e9mia neveltj\u00e9nek remekl\u00e9s\u00e9re a wbasket.hu...\" \/>\n<meta property=\"og:url\" content=\"https:\/\/vasasbasket.hu\/index.php\/varga-aliz-a-brit-profiligaban\/\" \/>\n<meta property=\"og:site_name\" content=\"Vasas n\u0151i kos\u00e1rlabda\" \/>\n<meta property=\"article:publisher\" content=\"https:\/\/www.facebook.com\/vasaswbasket\/\" \/>\n<meta property=\"article:published_time\" content=\"2017-10-31T17:08:57+00:00\" \/>\n<meta property=\"og:image\" content=\"https:\/\/vasasbasket.hu\/wp-content\/uploads\/2017\/10\/Varga-300x200-m\u00e1solata.jpg\" \/>\n\t<meta property=\"og:image:width\" content=\"300\" \/>\n\t<meta property=\"og:image:height\" content=\"200\" \/>\n\t<meta property=\"og:image:type\" content=\"image\/jpeg\" \/>\n<meta name=\"author\" content=\"admin\" \/>\n<meta name=\"twitter:card\" content=\"summary_large_image\" \/>\n<meta name=\"twitter:label1\" content=\"Szerz\u0151:\" \/>\n\t<meta name=\"twitter:data1\" content=\"admin\" \/>\n\t<meta name=\"twitter:label2\" content=\"Becs\u00fclt olvas\u00e1si id\u0151\" \/>\n\t<meta name=\"twitter:data2\" content=\"2 perc\" \/>\n<script type=\"application\/ld+json\" class=\"yoast-schema-graph\">{\"@context\":\"https:\/\/schema.org\",\"@graph\":[{\"@type\":\"Article\",\"@id\":\"https:\/\/vasasbasket.hu\/index.php\/varga-aliz-a-brit-profiligaban\/#article\",\"isPartOf\":{\"@id\":\"https:\/\/vasasbasket.hu\/index.php\/varga-aliz-a-brit-profiligaban\/\"},\"author\":{\"name\":\"admin\",\"@id\":\"https:\/\/vasasbasket.hu\/#\/schema\/person\/f1085f4d2c6582d8d0f977e92de2edee\"},\"headline\":\"Varga Al\u00edz a brit profilig\u00e1ban\",\"datePublished\":\"2017-10-31T17:08:57+00:00\",\"mainEntityOfPage\":{\"@id\":\"https:\/\/vasasbasket.hu\/index.php\/varga-aliz-a-brit-profiligaban\/\"},\"wordCount\":398,\"publisher\":{\"@id\":\"https:\/\/vasasbasket.hu\/#organization\"},\"image\":{\"@id\":\"https:\/\/vasasbasket.hu\/index.php\/varga-aliz-a-brit-profiligaban\/#primaryimage\"},\"thumbnailUrl\":\"https:\/\/vasasbasket.hu\/wp-content\/uploads\/2017\/10\/Varga-300x200-m\u00e1solata.jpg\",\"articleSection\":[\"V\u00e1logatott H\u00edrek\",\"\u00d6sszes H\u00edr\"],\"inLanguage\":\"hu\"},{\"@type\":\"WebPage\",\"@id\":\"https:\/\/vasasbasket.hu\/index.php\/varga-aliz-a-brit-profiligaban\/\",\"url\":\"https:\/\/vasasbasket.hu\/index.php\/varga-aliz-a-brit-profiligaban\/\",\"name\":\"Varga Al\u00edz a brit profilig\u00e1ban - Vasas n\u0151i kos\u00e1rlabda\",\"isPartOf\":{\"@id\":\"https:\/\/vasasbasket.hu\/#website\"},\"primaryImageOfPage\":{\"@id\":\"https:\/\/vasasbasket.hu\/index.php\/varga-aliz-a-brit-profiligaban\/#primaryimage\"},\"image\":{\"@id\":\"https:\/\/vasasbasket.hu\/index.php\/varga-aliz-a-brit-profiligaban\/#primaryimage\"},\"thumbnailUrl\":\"https:\/\/vasasbasket.hu\/wp-content\/uploads\/2017\/10\/Varga-300x200-m\u00e1solata.jpg\",\"datePublished\":\"2017-10-31T17:08:57+00:00\",\"breadcrumb\":{\"@id\":\"https:\/\/vasasbasket.hu\/index.php\/varga-aliz-a-brit-profiligaban\/#breadcrumb\"},\"inLanguage\":\"hu\",\"potentialAction\":[{\"@type\":\"ReadAction\",\"target\":[\"https:\/\/vasasbasket.hu\/index.php\/varga-aliz-a-brit-profiligaban\/\"]}]},{\"@type\":\"ImageObject\",\"inLanguage\":\"hu\",\"@id\":\"https:\/\/vasasbasket.hu\/index.php\/varga-aliz-a-brit-profiligaban\/#primaryimage\",\"url\":\"https:\/\/vasasbasket.hu\/wp-content\/uploads\/2017\/10\/Varga-300x200-m\u00e1solata.jpg\",\"contentUrl\":\"https:\/\/vasasbasket.hu\/wp-content\/uploads\/2017\/10\/Varga-300x200-m\u00e1solata.jpg\",\"width\":300,\"height\":200},{\"@type\":\"BreadcrumbList\",\"@id\":\"https:\/\/vasasbasket.hu\/index.php\/varga-aliz-a-brit-profiligaban\/#breadcrumb\",\"itemListElement\":[{\"@type\":\"ListItem\",\"position\":1,\"name\":\"Kezd\u0151lap\",\"item\":\"https:\/\/vasasbasket.hu\/\"},{\"@type\":\"ListItem\",\"position\":2,\"name\":\"Varga Al\u00edz a brit profilig\u00e1ban\"}]},{\"@type\":\"WebSite\",\"@id\":\"https:\/\/vasasbasket.hu\/#website\",\"url\":\"https:\/\/vasasbasket.hu\/\",\"name\":\"Vasas n\u0151i kos\u00e1rlabda\",\"description\":\"Vasas Basket N\u0151i\",\"publisher\":{\"@id\":\"https:\/\/vasasbasket.hu\/#organization\"},\"potentialAction\":[{\"@type\":\"SearchAction\",\"target\":{\"@type\":\"EntryPoint\",\"urlTemplate\":\"https:\/\/vasasbasket.hu\/?s={search_term_string}\"},\"query-input\":{\"@type\":\"PropertyValueSpecification\",\"valueRequired\":true,\"valueName\":\"search_term_string\"}}],\"inLanguage\":\"hu\"},{\"@type\":\"Organization\",\"@id\":\"https:\/\/vasasbasket.hu\/#organization\",\"name\":\"Vasas n\u0151i kos\u00e1rlabda\",\"url\":\"https:\/\/vasasbasket.hu\/\",\"logo\":{\"@type\":\"ImageObject\",\"inLanguage\":\"hu\",\"@id\":\"https:\/\/vasasbasket.hu\/#\/schema\/logo\/image\/\",\"url\":\"https:\/\/vasasbasket.hu\/wp-content\/uploads\/2017\/03\/vasas_cimer_1200.jpg\",\"contentUrl\":\"https:\/\/vasasbasket.hu\/wp-content\/uploads\/2017\/03\/vasas_cimer_1200.jpg\",\"width\":1200,\"height\":1200,\"caption\":\"Vasas n\u0151i kos\u00e1rlabda\"},\"image\":{\"@id\":\"https:\/\/vasasbasket.hu\/#\/schema\/logo\/image\/\"},\"sameAs\":[\"https:\/\/www.facebook.com\/vasaswbasket\/\"]},{\"@type\":\"Person\",\"@id\":\"https:\/\/vasasbasket.hu\/#\/schema\/person\/f1085f4d2c6582d8d0f977e92de2edee\",\"name\":\"admin\",\"image\":{\"@type\":\"ImageObject\",\"inLanguage\":\"hu\",\"@id\":\"https:\/\/vasasbasket.hu\/#\/schema\/person\/image\/\",\"url\":\"https:\/\/secure.gravatar.com\/avatar\/645c92f7d9cfe02bd93ce2d1cfa11cd3a268bdfe65486552ff04b193cea07634?s=96&d=mm&r=g\",\"contentUrl\":\"https:\/\/secure.gravatar.com\/avatar\/645c92f7d9cfe02bd93ce2d1cfa11cd3a268bdfe65486552ff04b193cea07634?s=96&d=mm&r=g\",\"caption\":\"admin\"},\"url\":\"https:\/\/vasasbasket.hu\/index.php\/author\/admin\/\"}]}<\/script>\n<!-- \/ Yoast SEO plugin. -->","yoast_head_json":{"title":"Varga Al\u00edz a brit profilig\u00e1ban - Vasas n\u0151i kos\u00e1rlabda","robots":{"index":"index","follow":"follow","max-snippet":"max-snippet:-1","max-image-preview":"max-image-preview:large","max-video-preview":"max-video-preview:-1"},"canonical":"https:\/\/vasasbasket.hu\/index.php\/varga-aliz-a-brit-profiligaban\/","og_locale":"hu_HU","og_type":"article","og_title":"Varga Al\u00edz a brit profilig\u00e1ban - Vasas n\u0151i kos\u00e1rlabda","og_description":"A 16 \u00e9ves kos\u00e1rlabd\u00e1z\u00f3, Varga Al\u00edz Angli\u00e1ban t\u00f6lti a tan\u00e9vet, amellett pedig a brit profilig\u00e1ban j\u00e1tszik. A koroszt\u00e1lyos v\u00e1logatott egyik er\u0151ss\u00e9ge legut\u00f3bb beker\u00fclt a bajnoks\u00e1g All Star-csapat\u00e1ba is. z Eur\u00f3pa-bajnoki- \u00e9s EYOF-ez\u00fcst\u00e9rmes le\u00e1ny U16-os kos\u00e1rlabda-v\u00e1logatott j\u00e1t\u00e9kosa, Varga Al\u00edz beker\u00fclt a brit profiliga, a WBBL 5. fordul\u00f3j\u00e1nak All Star-csapat\u00e1ba. A Vasas Akad\u00e9mia neveltj\u00e9nek remekl\u00e9s\u00e9re a wbasket.hu...","og_url":"https:\/\/vasasbasket.hu\/index.php\/varga-aliz-a-brit-profiligaban\/","og_site_name":"Vasas n\u0151i kos\u00e1rlabda","article_publisher":"https:\/\/www.facebook.com\/vasaswbasket\/","article_published_time":"2017-10-31T17:08:57+00:00","og_image":[{"width":300,"height":200,"url":"https:\/\/vasasbasket.hu\/wp-content\/uploads\/2017\/10\/Varga-300x200-m\u00e1solata.jpg","type":"image\/jpeg"}],"author":"admin","twitter_card":"summary_large_image","twitter_misc":{"Szerz\u0151:":"admin","Becs\u00fclt olvas\u00e1si id\u0151":"2 perc"},"schema":{"@context":"https:\/\/schema.org","@graph":[{"@type":"Article","@id":"https:\/\/vasasbasket.hu\/index.php\/varga-aliz-a-brit-profiligaban\/#article","isPartOf":{"@id":"https:\/\/vasasbasket.hu\/index.php\/varga-aliz-a-brit-profiligaban\/"},"author":{"name":"admin","@id":"https:\/\/vasasbasket.hu\/#\/schema\/person\/f1085f4d2c6582d8d0f977e92de2edee"},"headline":"Varga Al\u00edz a brit profilig\u00e1ban","datePublished":"2017-10-31T17:08:57+00:00","mainEntityOfPage":{"@id":"https:\/\/vasasbasket.hu\/index.php\/varga-aliz-a-brit-profiligaban\/"},"wordCount":398,"publisher":{"@id":"https:\/\/vasasbasket.hu\/#organization"},"image":{"@id":"https:\/\/vasasbasket.hu\/index.php\/varga-aliz-a-brit-profiligaban\/#primaryimage"},"thumbnailUrl":"https:\/\/vasasbasket.hu\/wp-content\/uploads\/2017\/10\/Varga-300x200-m\u00e1solata.jpg","articleSection":["V\u00e1logatott H\u00edrek","\u00d6sszes H\u00edr"],"inLanguage":"hu"},{"@type":"WebPage","@id":"https:\/\/vasasbasket.hu\/index.php\/varga-aliz-a-brit-profiligaban\/","url":"https:\/\/vasasbasket.hu\/index.php\/varga-aliz-a-brit-profiligaban\/","name":"Varga Al\u00edz a brit profilig\u00e1ban - Vasas n\u0151i kos\u00e1rlabda","isPartOf":{"@id":"https:\/\/vasasbasket.hu\/#website"},"primaryImageOfPage":{"@id":"https:\/\/vasasbasket.hu\/index.php\/varga-aliz-a-brit-profiligaban\/#primaryimage"},"image":{"@id":"https:\/\/vasasbasket.hu\/index.php\/varga-aliz-a-brit-profiligaban\/#primaryimage"},"thumbnailUrl":"https:\/\/vasasbasket.hu\/wp-content\/uploads\/2017\/10\/Varga-300x200-m\u00e1solata.jpg","datePublished":"2017-10-31T17:08:57+00:00","breadcrumb":{"@id":"https:\/\/vasasbasket.hu\/index.php\/varga-aliz-a-brit-profiligaban\/#breadcrumb"},"inLanguage":"hu","potentialAction":[{"@type":"ReadAction","target":["https:\/\/vasasbasket.hu\/index.php\/varga-aliz-a-brit-profiligaban\/"]}]},{"@type":"ImageObject","inLanguage":"hu","@id":"https:\/\/vasasbasket.hu\/index.php\/varga-aliz-a-brit-profiligaban\/#primaryimage","url":"https:\/\/vasasbasket.hu\/wp-content\/uploads\/2017\/10\/Varga-300x200-m\u00e1solata.jpg","contentUrl":"https:\/\/vasasbasket.hu\/wp-content\/uploads\/2017\/10\/Varga-300x200-m\u00e1solata.jpg","width":300,"height":200},{"@type":"BreadcrumbList","@id":"https:\/\/vasasbasket.hu\/index.php\/varga-aliz-a-brit-profiligaban\/#breadcrumb","itemListElement":[{"@type":"ListItem","position":1,"name":"Kezd\u0151lap","item":"https:\/\/vasasbasket.hu\/"},{"@type":"ListItem","position":2,"name":"Varga Al\u00edz a brit profilig\u00e1ban"}]},{"@type":"WebSite","@id":"https:\/\/vasasbasket.hu\/#website","url":"https:\/\/vasasbasket.hu\/","name":"Vasas n\u0151i kos\u00e1rlabda","description":"Vasas Basket N\u0151i","publisher":{"@id":"https:\/\/vasasbasket.hu\/#organization"},"potentialAction":[{"@type":"SearchAction","target":{"@type":"EntryPoint","urlTemplate":"https:\/\/vasasbasket.hu\/?s={search_term_string}"},"query-input":{"@type":"PropertyValueSpecification","valueRequired":true,"valueName":"search_term_string"}}],"inLanguage":"hu"},{"@type":"Organization","@id":"https:\/\/vasasbasket.hu\/#organization","name":"Vasas n\u0151i kos\u00e1rlabda","url":"https:\/\/vasasbasket.hu\/","logo":{"@type":"ImageObject","inLanguage":"hu","@id":"https:\/\/vasasbasket.hu\/#\/schema\/logo\/image\/","url":"https:\/\/vasasbasket.hu\/wp-content\/uploads\/2017\/03\/vasas_cimer_1200.jpg","contentUrl":"https:\/\/vasasbasket.hu\/wp-content\/uploads\/2017\/03\/vasas_cimer_1200.jpg","width":1200,"height":1200,"caption":"Vasas n\u0151i kos\u00e1rlabda"},"image":{"@id":"https:\/\/vasasbasket.hu\/#\/schema\/logo\/image\/"},"sameAs":["https:\/\/www.facebook.com\/vasaswbasket\/"]},{"@type":"Person","@id":"https:\/\/vasasbasket.hu\/#\/schema\/person\/f1085f4d2c6582d8d0f977e92de2edee","name":"admin","image":{"@type":"ImageObject","inLanguage":"hu","@id":"https:\/\/vasasbasket.hu\/#\/schema\/person\/image\/","url":"https:\/\/secure.gravatar.com\/avatar\/645c92f7d9cfe02bd93ce2d1cfa11cd3a268bdfe65486552ff04b193cea07634?s=96&d=mm&r=g","contentUrl":"https:\/\/secure.gravatar.com\/avatar\/645c92f7d9cfe02bd93ce2d1cfa11cd3a268bdfe65486552ff04b193cea07634?s=96&d=mm&r=g","caption":"admin"},"url":"https:\/\/vasasbasket.hu\/index.php\/author\/admin\/"}]}},"_links":{"self":[{"href":"https:\/\/vasasbasket.hu\/index.php\/wp-json\/wp\/v2\/posts\/3341","targetHints":{"allow":["GET"]}}],"collection":[{"href":"https:\/\/vasasbasket.hu\/index.php\/wp-json\/wp\/v2\/posts"}],"about":[{"href":"https:\/\/vasasbasket.hu\/index.php\/wp-json\/wp\/v2\/types\/post"}],"author":[{"embeddable":true,"href":"https:\/\/vasasbasket.hu\/index.php\/wp-json\/wp\/v2\/users\/1"}],"replies":[{"embeddable":true,"href":"https:\/\/vasasbasket.hu\/index.php\/wp-json\/wp\/v2\/comments?post=3341"}],"version-history":[{"count":1,"href":"https:\/\/vasasbasket.hu\/index.php\/wp-json\/wp\/v2\/posts\/3341\/revisions"}],"predecessor-version":[{"id":3343,"href":"https:\/\/vasasbasket.hu\/index.php\/wp-json\/wp\/v2\/posts\/3341\/revisions\/3343"}],"wp:featuredmedia":[{"embeddable":true,"href":"https:\/\/vasasbasket.hu\/index.php\/wp-json\/wp\/v2\/media\/3342"}],"wp:attachment":[{"href":"https:\/\/vasasbasket.hu\/index.php\/wp-json\/wp\/v2\/media?parent=3341"}],"wp:term":[{"taxonomy":"category","embeddable":true,"href":"https:\/\/vasasbasket.hu\/index.php\/wp-json\/wp\/v2\/categories?post=3341"},{"taxonomy":"post_tag","embeddable":true,"href":"https:\/\/vasasbasket.hu\/index.php\/wp-json\/wp\/v2\/tags?post=3341"}],"curies":[{"name":"wp","href":"https:\/\/api.w.org\/{rel}","templated":true}]}}