{"id":3331,"date":"2017-10-31T16:49:45","date_gmt":"2017-10-31T16:49:45","guid":{"rendered":"http:\/\/vasasbasket.hu\/?p=3331"},"modified":"2017-10-31T16:49:45","modified_gmt":"2017-10-31T16:49:45","slug":"az-u19-u18-as-leany-valogatott-megkezdte-felkeszuleset-a-2018-evi-eb-re-es-vb-re","status":"publish","type":"post","link":"https:\/\/vasasbasket.hu\/index.php\/az-u19-u18-as-leany-valogatott-megkezdte-felkeszuleset-a-2018-evi-eb-re-es-vb-re\/","title":{"rendered":"Az U19-U18-as le\u00e1ny v\u00e1logatott megkezdte felk\u00e9sz\u00fcl\u00e9s\u00e9t a 2018. \u00e9vi EB-re \u00e9s VB-re."},"content":{"rendered":"<h3>Az U19-U18-as le\u00e1ny v\u00e1logatott megkezdte felk\u00e9sz\u00fcl\u00e9s\u00e9t a 2018. \u00e9vi EB-re \u00e9s VB-re.<\/h3>\n<p>A v\u00e1logatott els\u0151 edz\u0151t\u00e1bor\u00e1ra, mely 2017.okt\u00f3ber 30 &#8211; 2017 november 1. k\u00f6z\u00f6tt Sz\u00e9kesfeh\u00e9rv\u00e1ron ker\u00fcl megrendez\u00e9sre.\u00a0 Megh\u00edv\u00f3t hat j\u00e1t\u00e9kosunk kapott.<\/p>\n<p><strong>N\u00e9v szerint<\/strong> : Dombai R\u00e9ka, Bud\u00e1csik Dorottya, Boros Berta, Kara Helga, T\u00f3th Franka, Varga Al\u00edz.<\/p>\n<p>&nbsp;<\/p>\n<h3>Az U16-os le\u00e1ny v\u00e1logatott\u00a0 is megkezdte felk\u00e9sz\u00fcl\u00e9s\u00e9t a 2018. \u00e9vi EB-re.<\/h3>\n<p>A v\u00e1logatott els\u0151 edz\u0151t\u00e1bor\u00e1ra, mely 2017.okt\u00f3ber 30 &#8211; 2017 november 1. k\u00f6z\u00f6tt Szolnokon\u00a0 ker\u00fcl megrendez\u00e9sre. Az \u00f6sszetart\u00e1sra h\u00e1rom j\u00e1t\u00e9kosunk kapott megh\u00edv\u00e1st : Szerencs\u00e9s Tamara, Altmann Anna, Mudra Viola.<\/p>\n","protected":false},"excerpt":{"rendered":"<p>Az U19-U18-as le\u00e1ny v\u00e1logatott megkezdte felk\u00e9sz\u00fcl\u00e9s\u00e9t a 2018. \u00e9vi EB-re \u00e9s VB-re. A v\u00e1logatott els\u0151 edz\u0151t\u00e1bor\u00e1ra, mely 2017.okt\u00f3ber 30 &#8211; 2017 november 1. k\u00f6z\u00f6tt Sz\u00e9kesfeh\u00e9rv\u00e1ron ker\u00fcl megrendez\u00e9sre.\u00a0 Megh\u00edv\u00f3t hat j\u00e1t\u00e9kosunk kapott. N\u00e9v szerint : Dombai R\u00e9ka, Bud\u00e1csik Dorottya, Boros Berta, Kara Helga, T\u00f3th Franka, Varga Al\u00edz. &nbsp; Az U16-os le\u00e1ny v\u00e1logatott\u00a0 is megkezdte felk\u00e9sz\u00fcl\u00e9s\u00e9t a&#8230;<\/p>\n","protected":false},"author":1,"featured_media":2890,"comment_status":"closed","ping_status":"open","sticky":false,"template":"","format":"standard","meta":{"footnotes":""},"categories":[91,92],"tags":[],"class_list":["post-3331","post","type-post","status-publish","format-standard","has-post-thumbnail","hentry","category-vasas","category-hirek"],"yoast_head":"<!-- This site is optimized with the Yoast SEO plugin v26.0 - https:\/\/yoast.com\/wordpress\/plugins\/seo\/ -->\n<title>Az U19-U18-as le\u00e1ny v\u00e1logatott megkezdte felk\u00e9sz\u00fcl\u00e9s\u00e9t a 2018. \u00e9vi EB-re \u00e9s VB-re. - Vasas n\u0151i kos\u00e1rlabda<\/title>\n<meta name=\"robots\" content=\"index, follow, max-snippet:-1, max-image-preview:large, max-video-preview:-1\" \/>\n<link rel=\"canonical\" href=\"https:\/\/vasasbasket.hu\/index.php\/az-u19-u18-as-leany-valogatott-megkezdte-felkeszuleset-a-2018-evi-eb-re-es-vb-re\/\" \/>\n<meta property=\"og:locale\" content=\"hu_HU\" \/>\n<meta property=\"og:type\" content=\"article\" \/>\n<meta property=\"og:title\" content=\"Az U19-U18-as le\u00e1ny v\u00e1logatott megkezdte felk\u00e9sz\u00fcl\u00e9s\u00e9t a 2018. \u00e9vi EB-re \u00e9s VB-re. - Vasas n\u0151i kos\u00e1rlabda\" \/>\n<meta property=\"og:description\" content=\"Az U19-U18-as le\u00e1ny v\u00e1logatott megkezdte felk\u00e9sz\u00fcl\u00e9s\u00e9t a 2018. \u00e9vi EB-re \u00e9s VB-re. A v\u00e1logatott els\u0151 edz\u0151t\u00e1bor\u00e1ra, mely 2017.okt\u00f3ber 30 &#8211; 2017 november 1. k\u00f6z\u00f6tt Sz\u00e9kesfeh\u00e9rv\u00e1ron ker\u00fcl megrendez\u00e9sre.\u00a0 Megh\u00edv\u00f3t hat j\u00e1t\u00e9kosunk kapott. N\u00e9v szerint : Dombai R\u00e9ka, Bud\u00e1csik Dorottya, Boros Berta, Kara Helga, T\u00f3th Franka, Varga Al\u00edz. &nbsp; Az U16-os le\u00e1ny v\u00e1logatott\u00a0 is megkezdte felk\u00e9sz\u00fcl\u00e9s\u00e9t a...\" \/>\n<meta property=\"og:url\" content=\"https:\/\/vasasbasket.hu\/index.php\/az-u19-u18-as-leany-valogatott-megkezdte-felkeszuleset-a-2018-evi-eb-re-es-vb-re\/\" \/>\n<meta property=\"og:site_name\" content=\"Vasas n\u0151i kos\u00e1rlabda\" \/>\n<meta property=\"article:publisher\" content=\"https:\/\/www.facebook.com\/vasaswbasket\/\" \/>\n<meta property=\"article:published_time\" content=\"2017-10-31T16:49:45+00:00\" \/>\n<meta property=\"og:image\" content=\"https:\/\/vasasbasket.hu\/wp-content\/uploads\/2017\/08\/IMG_0601.jpg\" \/>\n\t<meta property=\"og:image:width\" content=\"1280\" \/>\n\t<meta property=\"og:image:height\" content=\"960\" \/>\n\t<meta property=\"og:image:type\" content=\"image\/jpeg\" \/>\n<meta name=\"author\" content=\"admin\" \/>\n<meta name=\"twitter:card\" content=\"summary_large_image\" \/>\n<meta name=\"twitter:label1\" content=\"Szerz\u0151:\" \/>\n\t<meta name=\"twitter:data1\" content=\"admin\" \/>\n\t<meta name=\"twitter:label2\" content=\"Becs\u00fclt olvas\u00e1si id\u0151\" \/>\n\t<meta name=\"twitter:data2\" content=\"1 perc\" \/>\n<script type=\"application\/ld+json\" class=\"yoast-schema-graph\">{\"@context\":\"https:\/\/schema.org\",\"@graph\":[{\"@type\":\"Article\",\"@id\":\"https:\/\/vasasbasket.hu\/index.php\/az-u19-u18-as-leany-valogatott-megkezdte-felkeszuleset-a-2018-evi-eb-re-es-vb-re\/#article\",\"isPartOf\":{\"@id\":\"https:\/\/vasasbasket.hu\/index.php\/az-u19-u18-as-leany-valogatott-megkezdte-felkeszuleset-a-2018-evi-eb-re-es-vb-re\/\"},\"author\":{\"name\":\"admin\",\"@id\":\"https:\/\/vasasbasket.hu\/#\/schema\/person\/f1085f4d2c6582d8d0f977e92de2edee\"},\"headline\":\"Az U19-U18-as le\u00e1ny v\u00e1logatott megkezdte felk\u00e9sz\u00fcl\u00e9s\u00e9t a 2018. \u00e9vi EB-re \u00e9s VB-re.\",\"datePublished\":\"2017-10-31T16:49:45+00:00\",\"mainEntityOfPage\":{\"@id\":\"https:\/\/vasasbasket.hu\/index.php\/az-u19-u18-as-leany-valogatott-megkezdte-felkeszuleset-a-2018-evi-eb-re-es-vb-re\/\"},\"wordCount\":147,\"publisher\":{\"@id\":\"https:\/\/vasasbasket.hu\/#organization\"},\"image\":{\"@id\":\"https:\/\/vasasbasket.hu\/index.php\/az-u19-u18-as-leany-valogatott-megkezdte-felkeszuleset-a-2018-evi-eb-re-es-vb-re\/#primaryimage\"},\"thumbnailUrl\":\"https:\/\/vasasbasket.hu\/wp-content\/uploads\/2017\/08\/IMG_0601.jpg\",\"articleSection\":[\"V\u00e1logatott H\u00edrek\",\"\u00d6sszes H\u00edr\"],\"inLanguage\":\"hu\"},{\"@type\":\"WebPage\",\"@id\":\"https:\/\/vasasbasket.hu\/index.php\/az-u19-u18-as-leany-valogatott-megkezdte-felkeszuleset-a-2018-evi-eb-re-es-vb-re\/\",\"url\":\"https:\/\/vasasbasket.hu\/index.php\/az-u19-u18-as-leany-valogatott-megkezdte-felkeszuleset-a-2018-evi-eb-re-es-vb-re\/\",\"name\":\"Az U19-U18-as le\u00e1ny v\u00e1logatott megkezdte felk\u00e9sz\u00fcl\u00e9s\u00e9t a 2018. \u00e9vi EB-re \u00e9s VB-re. - Vasas n\u0151i kos\u00e1rlabda\",\"isPartOf\":{\"@id\":\"https:\/\/vasasbasket.hu\/#website\"},\"primaryImageOfPage\":{\"@id\":\"https:\/\/vasasbasket.hu\/index.php\/az-u19-u18-as-leany-valogatott-megkezdte-felkeszuleset-a-2018-evi-eb-re-es-vb-re\/#primaryimage\"},\"image\":{\"@id\":\"https:\/\/vasasbasket.hu\/index.php\/az-u19-u18-as-leany-valogatott-megkezdte-felkeszuleset-a-2018-evi-eb-re-es-vb-re\/#primaryimage\"},\"thumbnailUrl\":\"https:\/\/vasasbasket.hu\/wp-content\/uploads\/2017\/08\/IMG_0601.jpg\",\"datePublished\":\"2017-10-31T16:49:45+00:00\",\"breadcrumb\":{\"@id\":\"https:\/\/vasasbasket.hu\/index.php\/az-u19-u18-as-leany-valogatott-megkezdte-felkeszuleset-a-2018-evi-eb-re-es-vb-re\/#breadcrumb\"},\"inLanguage\":\"hu\",\"potentialAction\":[{\"@type\":\"ReadAction\",\"target\":[\"https:\/\/vasasbasket.hu\/index.php\/az-u19-u18-as-leany-valogatott-megkezdte-felkeszuleset-a-2018-evi-eb-re-es-vb-re\/\"]}]},{\"@type\":\"ImageObject\",\"inLanguage\":\"hu\",\"@id\":\"https:\/\/vasasbasket.hu\/index.php\/az-u19-u18-as-leany-valogatott-megkezdte-felkeszuleset-a-2018-evi-eb-re-es-vb-re\/#primaryimage\",\"url\":\"https:\/\/vasasbasket.hu\/wp-content\/uploads\/2017\/08\/IMG_0601.jpg\",\"contentUrl\":\"https:\/\/vasasbasket.hu\/wp-content\/uploads\/2017\/08\/IMG_0601.jpg\",\"width\":1280,\"height\":960},{\"@type\":\"BreadcrumbList\",\"@id\":\"https:\/\/vasasbasket.hu\/index.php\/az-u19-u18-as-leany-valogatott-megkezdte-felkeszuleset-a-2018-evi-eb-re-es-vb-re\/#breadcrumb\",\"itemListElement\":[{\"@type\":\"ListItem\",\"position\":1,\"name\":\"Kezd\u0151lap\",\"item\":\"https:\/\/vasasbasket.hu\/\"},{\"@type\":\"ListItem\",\"position\":2,\"name\":\"Az U19-U18-as le\u00e1ny v\u00e1logatott megkezdte felk\u00e9sz\u00fcl\u00e9s\u00e9t a 2018. \u00e9vi EB-re \u00e9s VB-re.\"}]},{\"@type\":\"WebSite\",\"@id\":\"https:\/\/vasasbasket.hu\/#website\",\"url\":\"https:\/\/vasasbasket.hu\/\",\"name\":\"Vasas n\u0151i kos\u00e1rlabda\",\"description\":\"Vasas Basket N\u0151i\",\"publisher\":{\"@id\":\"https:\/\/vasasbasket.hu\/#organization\"},\"potentialAction\":[{\"@type\":\"SearchAction\",\"target\":{\"@type\":\"EntryPoint\",\"urlTemplate\":\"https:\/\/vasasbasket.hu\/?s={search_term_string}\"},\"query-input\":{\"@type\":\"PropertyValueSpecification\",\"valueRequired\":true,\"valueName\":\"search_term_string\"}}],\"inLanguage\":\"hu\"},{\"@type\":\"Organization\",\"@id\":\"https:\/\/vasasbasket.hu\/#organization\",\"name\":\"Vasas n\u0151i kos\u00e1rlabda\",\"url\":\"https:\/\/vasasbasket.hu\/\",\"logo\":{\"@type\":\"ImageObject\",\"inLanguage\":\"hu\",\"@id\":\"https:\/\/vasasbasket.hu\/#\/schema\/logo\/image\/\",\"url\":\"https:\/\/vasasbasket.hu\/wp-content\/uploads\/2017\/03\/vasas_cimer_1200.jpg\",\"contentUrl\":\"https:\/\/vasasbasket.hu\/wp-content\/uploads\/2017\/03\/vasas_cimer_1200.jpg\",\"width\":1200,\"height\":1200,\"caption\":\"Vasas n\u0151i kos\u00e1rlabda\"},\"image\":{\"@id\":\"https:\/\/vasasbasket.hu\/#\/schema\/logo\/image\/\"},\"sameAs\":[\"https:\/\/www.facebook.com\/vasaswbasket\/\"]},{\"@type\":\"Person\",\"@id\":\"https:\/\/vasasbasket.hu\/#\/schema\/person\/f1085f4d2c6582d8d0f977e92de2edee\",\"name\":\"admin\",\"image\":{\"@type\":\"ImageObject\",\"inLanguage\":\"hu\",\"@id\":\"https:\/\/vasasbasket.hu\/#\/schema\/person\/image\/\",\"url\":\"https:\/\/secure.gravatar.com\/avatar\/645c92f7d9cfe02bd93ce2d1cfa11cd3a268bdfe65486552ff04b193cea07634?s=96&d=mm&r=g\",\"contentUrl\":\"https:\/\/secure.gravatar.com\/avatar\/645c92f7d9cfe02bd93ce2d1cfa11cd3a268bdfe65486552ff04b193cea07634?s=96&d=mm&r=g\",\"caption\":\"admin\"},\"url\":\"https:\/\/vasasbasket.hu\/index.php\/author\/admin\/\"}]}<\/script>\n<!-- \/ Yoast SEO plugin. -->","yoast_head_json":{"title":"Az U19-U18-as le\u00e1ny v\u00e1logatott megkezdte felk\u00e9sz\u00fcl\u00e9s\u00e9t a 2018. \u00e9vi EB-re \u00e9s VB-re. - Vasas n\u0151i kos\u00e1rlabda","robots":{"index":"index","follow":"follow","max-snippet":"max-snippet:-1","max-image-preview":"max-image-preview:large","max-video-preview":"max-video-preview:-1"},"canonical":"https:\/\/vasasbasket.hu\/index.php\/az-u19-u18-as-leany-valogatott-megkezdte-felkeszuleset-a-2018-evi-eb-re-es-vb-re\/","og_locale":"hu_HU","og_type":"article","og_title":"Az U19-U18-as le\u00e1ny v\u00e1logatott megkezdte felk\u00e9sz\u00fcl\u00e9s\u00e9t a 2018. \u00e9vi EB-re \u00e9s VB-re. - Vasas n\u0151i kos\u00e1rlabda","og_description":"Az U19-U18-as le\u00e1ny v\u00e1logatott megkezdte felk\u00e9sz\u00fcl\u00e9s\u00e9t a 2018. \u00e9vi EB-re \u00e9s VB-re. A v\u00e1logatott els\u0151 edz\u0151t\u00e1bor\u00e1ra, mely 2017.okt\u00f3ber 30 &#8211; 2017 november 1. k\u00f6z\u00f6tt Sz\u00e9kesfeh\u00e9rv\u00e1ron ker\u00fcl megrendez\u00e9sre.\u00a0 Megh\u00edv\u00f3t hat j\u00e1t\u00e9kosunk kapott. N\u00e9v szerint : Dombai R\u00e9ka, Bud\u00e1csik Dorottya, Boros Berta, Kara Helga, T\u00f3th Franka, Varga Al\u00edz. &nbsp; Az U16-os le\u00e1ny v\u00e1logatott\u00a0 is megkezdte felk\u00e9sz\u00fcl\u00e9s\u00e9t a...","og_url":"https:\/\/vasasbasket.hu\/index.php\/az-u19-u18-as-leany-valogatott-megkezdte-felkeszuleset-a-2018-evi-eb-re-es-vb-re\/","og_site_name":"Vasas n\u0151i kos\u00e1rlabda","article_publisher":"https:\/\/www.facebook.com\/vasaswbasket\/","article_published_time":"2017-10-31T16:49:45+00:00","og_image":[{"width":1280,"height":960,"url":"https:\/\/vasasbasket.hu\/wp-content\/uploads\/2017\/08\/IMG_0601.jpg","type":"image\/jpeg"}],"author":"admin","twitter_card":"summary_large_image","twitter_misc":{"Szerz\u0151:":"admin","Becs\u00fclt olvas\u00e1si id\u0151":"1 perc"},"schema":{"@context":"https:\/\/schema.org","@graph":[{"@type":"Article","@id":"https:\/\/vasasbasket.hu\/index.php\/az-u19-u18-as-leany-valogatott-megkezdte-felkeszuleset-a-2018-evi-eb-re-es-vb-re\/#article","isPartOf":{"@id":"https:\/\/vasasbasket.hu\/index.php\/az-u19-u18-as-leany-valogatott-megkezdte-felkeszuleset-a-2018-evi-eb-re-es-vb-re\/"},"author":{"name":"admin","@id":"https:\/\/vasasbasket.hu\/#\/schema\/person\/f1085f4d2c6582d8d0f977e92de2edee"},"headline":"Az U19-U18-as le\u00e1ny v\u00e1logatott megkezdte felk\u00e9sz\u00fcl\u00e9s\u00e9t a 2018. \u00e9vi EB-re \u00e9s VB-re.","datePublished":"2017-10-31T16:49:45+00:00","mainEntityOfPage":{"@id":"https:\/\/vasasbasket.hu\/index.php\/az-u19-u18-as-leany-valogatott-megkezdte-felkeszuleset-a-2018-evi-eb-re-es-vb-re\/"},"wordCount":147,"publisher":{"@id":"https:\/\/vasasbasket.hu\/#organization"},"image":{"@id":"https:\/\/vasasbasket.hu\/index.php\/az-u19-u18-as-leany-valogatott-megkezdte-felkeszuleset-a-2018-evi-eb-re-es-vb-re\/#primaryimage"},"thumbnailUrl":"https:\/\/vasasbasket.hu\/wp-content\/uploads\/2017\/08\/IMG_0601.jpg","articleSection":["V\u00e1logatott H\u00edrek","\u00d6sszes H\u00edr"],"inLanguage":"hu"},{"@type":"WebPage","@id":"https:\/\/vasasbasket.hu\/index.php\/az-u19-u18-as-leany-valogatott-megkezdte-felkeszuleset-a-2018-evi-eb-re-es-vb-re\/","url":"https:\/\/vasasbasket.hu\/index.php\/az-u19-u18-as-leany-valogatott-megkezdte-felkeszuleset-a-2018-evi-eb-re-es-vb-re\/","name":"Az U19-U18-as le\u00e1ny v\u00e1logatott megkezdte felk\u00e9sz\u00fcl\u00e9s\u00e9t a 2018. \u00e9vi EB-re \u00e9s VB-re. - Vasas n\u0151i kos\u00e1rlabda","isPartOf":{"@id":"https:\/\/vasasbasket.hu\/#website"},"primaryImageOfPage":{"@id":"https:\/\/vasasbasket.hu\/index.php\/az-u19-u18-as-leany-valogatott-megkezdte-felkeszuleset-a-2018-evi-eb-re-es-vb-re\/#primaryimage"},"image":{"@id":"https:\/\/vasasbasket.hu\/index.php\/az-u19-u18-as-leany-valogatott-megkezdte-felkeszuleset-a-2018-evi-eb-re-es-vb-re\/#primaryimage"},"thumbnailUrl":"https:\/\/vasasbasket.hu\/wp-content\/uploads\/2017\/08\/IMG_0601.jpg","datePublished":"2017-10-31T16:49:45+00:00","breadcrumb":{"@id":"https:\/\/vasasbasket.hu\/index.php\/az-u19-u18-as-leany-valogatott-megkezdte-felkeszuleset-a-2018-evi-eb-re-es-vb-re\/#breadcrumb"},"inLanguage":"hu","potentialAction":[{"@type":"ReadAction","target":["https:\/\/vasasbasket.hu\/index.php\/az-u19-u18-as-leany-valogatott-megkezdte-felkeszuleset-a-2018-evi-eb-re-es-vb-re\/"]}]},{"@type":"ImageObject","inLanguage":"hu","@id":"https:\/\/vasasbasket.hu\/index.php\/az-u19-u18-as-leany-valogatott-megkezdte-felkeszuleset-a-2018-evi-eb-re-es-vb-re\/#primaryimage","url":"https:\/\/vasasbasket.hu\/wp-content\/uploads\/2017\/08\/IMG_0601.jpg","contentUrl":"https:\/\/vasasbasket.hu\/wp-content\/uploads\/2017\/08\/IMG_0601.jpg","width":1280,"height":960},{"@type":"BreadcrumbList","@id":"https:\/\/vasasbasket.hu\/index.php\/az-u19-u18-as-leany-valogatott-megkezdte-felkeszuleset-a-2018-evi-eb-re-es-vb-re\/#breadcrumb","itemListElement":[{"@type":"ListItem","position":1,"name":"Kezd\u0151lap","item":"https:\/\/vasasbasket.hu\/"},{"@type":"ListItem","position":2,"name":"Az U19-U18-as le\u00e1ny v\u00e1logatott megkezdte felk\u00e9sz\u00fcl\u00e9s\u00e9t a 2018. \u00e9vi EB-re \u00e9s VB-re."}]},{"@type":"WebSite","@id":"https:\/\/vasasbasket.hu\/#website","url":"https:\/\/vasasbasket.hu\/","name":"Vasas n\u0151i kos\u00e1rlabda","description":"Vasas Basket N\u0151i","publisher":{"@id":"https:\/\/vasasbasket.hu\/#organization"},"potentialAction":[{"@type":"SearchAction","target":{"@type":"EntryPoint","urlTemplate":"https:\/\/vasasbasket.hu\/?s={search_term_string}"},"query-input":{"@type":"PropertyValueSpecification","valueRequired":true,"valueName":"search_term_string"}}],"inLanguage":"hu"},{"@type":"Organization","@id":"https:\/\/vasasbasket.hu\/#organization","name":"Vasas n\u0151i kos\u00e1rlabda","url":"https:\/\/vasasbasket.hu\/","logo":{"@type":"ImageObject","inLanguage":"hu","@id":"https:\/\/vasasbasket.hu\/#\/schema\/logo\/image\/","url":"https:\/\/vasasbasket.hu\/wp-content\/uploads\/2017\/03\/vasas_cimer_1200.jpg","contentUrl":"https:\/\/vasasbasket.hu\/wp-content\/uploads\/2017\/03\/vasas_cimer_1200.jpg","width":1200,"height":1200,"caption":"Vasas n\u0151i kos\u00e1rlabda"},"image":{"@id":"https:\/\/vasasbasket.hu\/#\/schema\/logo\/image\/"},"sameAs":["https:\/\/www.facebook.com\/vasaswbasket\/"]},{"@type":"Person","@id":"https:\/\/vasasbasket.hu\/#\/schema\/person\/f1085f4d2c6582d8d0f977e92de2edee","name":"admin","image":{"@type":"ImageObject","inLanguage":"hu","@id":"https:\/\/vasasbasket.hu\/#\/schema\/person\/image\/","url":"https:\/\/secure.gravatar.com\/avatar\/645c92f7d9cfe02bd93ce2d1cfa11cd3a268bdfe65486552ff04b193cea07634?s=96&d=mm&r=g","contentUrl":"https:\/\/secure.gravatar.com\/avatar\/645c92f7d9cfe02bd93ce2d1cfa11cd3a268bdfe65486552ff04b193cea07634?s=96&d=mm&r=g","caption":"admin"},"url":"https:\/\/vasasbasket.hu\/index.php\/author\/admin\/"}]}},"_links":{"self":[{"href":"https:\/\/vasasbasket.hu\/index.php\/wp-json\/wp\/v2\/posts\/3331","targetHints":{"allow":["GET"]}}],"collection":[{"href":"https:\/\/vasasbasket.hu\/index.php\/wp-json\/wp\/v2\/posts"}],"about":[{"href":"https:\/\/vasasbasket.hu\/index.php\/wp-json\/wp\/v2\/types\/post"}],"author":[{"embeddable":true,"href":"https:\/\/vasasbasket.hu\/index.php\/wp-json\/wp\/v2\/users\/1"}],"replies":[{"embeddable":true,"href":"https:\/\/vasasbasket.hu\/index.php\/wp-json\/wp\/v2\/comments?post=3331"}],"version-history":[{"count":1,"href":"https:\/\/vasasbasket.hu\/index.php\/wp-json\/wp\/v2\/posts\/3331\/revisions"}],"predecessor-version":[{"id":3332,"href":"https:\/\/vasasbasket.hu\/index.php\/wp-json\/wp\/v2\/posts\/3331\/revisions\/3332"}],"wp:featuredmedia":[{"embeddable":true,"href":"https:\/\/vasasbasket.hu\/index.php\/wp-json\/wp\/v2\/media\/2890"}],"wp:attachment":[{"href":"https:\/\/vasasbasket.hu\/index.php\/wp-json\/wp\/v2\/media?parent=3331"}],"wp:term":[{"taxonomy":"category","embeddable":true,"href":"https:\/\/vasasbasket.hu\/index.php\/wp-json\/wp\/v2\/categories?post=3331"},{"taxonomy":"post_tag","embeddable":true,"href":"https:\/\/vasasbasket.hu\/index.php\/wp-json\/wp\/v2\/tags?post=3331"}],"curies":[{"name":"wp","href":"https:\/\/api.w.org\/{rel}","templated":true}]}}