{"id":1771,"date":"2017-03-10T10:51:30","date_gmt":"2017-03-10T10:51:30","guid":{"rendered":"http:\/\/dolphinx.eu\/test\/vasasnoi\/?p=1771"},"modified":"2017-03-10T10:51:30","modified_gmt":"2017-03-10T10:51:30","slug":"gyermek-torna-sopronban","status":"publish","type":"post","link":"https:\/\/vasasbasket.hu\/index.php\/gyermek-torna-sopronban\/","title":{"rendered":"Gyermek torna Sopronban"},"content":{"rendered":"<p><em>2016. okt\u00f3ber 22-23. Sopron \u2013 U12\u00a0Nemzetk\u00f6zi torna<\/em><\/p>\n<p>Remek nemzetk\u00f6zi torn\u00e1n vehett\u00fcnk r\u00e9szt gyerek csapatunkkal Sopronban a Darazsak Akad\u00e9mia megh\u00edv\u00e1s\u00e1ra, \u00e9s nagyon hasznos \u00e9s tanuls\u00e1gos meccseket j\u00e1tszhattunk.<\/p>\n<div>Remek els\u0151 m\u00e9rk\u0151z\u00e9s\u00fcnk\u00a0ut\u00e1n,\u00a0ahol a horv\u00e1t csapattal j\u00e1tszottunk\u00a0egy nagy iram\u00fa meccset\u00a0kem\u00e9ny v\u00e9dekez\u00e9ssel,\u00a0 20 ponttal tudtunk megnyerni, (\u00e9s csak 31 pontot kaptunk)\u00a0csak egy \u00f3r\u00e1nk volt pihenni \u00e9s m\u00e1r a hazai csapat ellen meleg\u00edtett\u00fcnk.<\/div>\n<div>Nagyon megleptek a l\u00e1nyok az els\u0151 p\u00e1r\u00a0percben, olyan sebess\u00e9ggel estek neki a hazaiaknak. Nem ismertek elveszett labd\u00e1t,\u00a0\u00e9s olyan v\u00e9dekez\u00e9st produk\u00e1ltak, hogy a 4. percben 4-11-n\u00e9l id\u0151t is k\u00e9rt a Darazsak edz\u0151je.<\/div>\n<p>B\u00e1r a lend\u00fclet a m\u00e1sodik negyedre is megmaradt, sajnos a magass\u00e1gbeli \u00e9s tests\u00falybeli k\u00fcl\u00f6nbs\u00e9get nem tudtuk kiegyenl\u00edteni. V\u00e9dekez\u00e9sben igyekezt\u00fcnk kiszor\u00edtani a magas soproni l\u00e1nyokat a pal\u00e1nk al\u00f3l, de t\u00e1mad\u00e1sban nem igaz tudtunk pontokat szerezni (15-5).<\/p>\n<div>A m\u00e1sodik f\u00e9lid\u0151ben m\u00e1r l\u00e1that\u00f3 volt a f\u00e1rads\u00e1g a l\u00e1nyokon, frissebben mozgott ellenfel\u00fcnk \u00e9s ezen a d\u00e9lut\u00e1non meg\u00e9rdemelten nyertek.<\/div>\n<div><\/div>\n<div>Vas\u00e1rnap reggel a szlov\u00e9n Celje csapat\u00e1val j\u00e1tszottunk, ism\u00e9t ott voltunk eg\u00e9sz p\u00e1ly\u00e1n \u00e9s sok labd\u00e1t szerezt\u00fcnk, valamint kezdtek a l\u00e1nyok r\u00e1\u00e9rezni, hogy mit is jelent passzs\u00e1vban v\u00e9dekezni. 13 pontot enged\u00e9lyezt\u00fcnk eg\u00e9sz meccsen ellenfel\u00fcnknek \u00e9s nagyon \u00f6r\u00fcltem, hogy a k\u00e9t nap sor\u00e1n rengeteg olyan technikai elemet l\u00e1ttam viszont,\u00a0amit\u00a0edz\u00e9seken sokat gyakoroltunk.<\/div>\n<div>K\u00f6sz\u00f6nj\u00fck a Soproni\u00a0Darazsak Akad\u00e9mi\u00e1nak a megh\u00edv\u00e1st, nagyon hasznos \u00e9s tanuls\u00e1gos meccseken fejl\u0151dhetett U12-es csapatunk.<\/div>\n<div><\/div>\n<div><em>1. m\u00e9rk\u0151z\u00e9s 2016. okt\u00f3ber 22. szombat\u00a012:30<\/em><\/div>\n<div><\/div>\n<div><b>Vasas Amazonok-Zagreb 50-31<\/b> ( 10-9, 11-3, 18-9, 11-10)<\/div>\n<div><\/div>\n<div><b>Vasas<\/b>: L\u00e1ng-Miticzky Blanka2, Mar\u00f3ty Dalma, Ulrich Zo\u00e9 2, R\u00e1tkai Eszter 13, Istenes Zsuzska 6, Aho Tyra 6, Szil\u00e1gyi \u00c1gnes 14, Igaz Eszter 1, K\u00e1lm\u00e1n Liza 2, Moln\u00e1r Fruzsina 4, Eperjesi D\u00f3ra, Z\u00e1boji Tita, Mar\u00f3ty Dorottya.<\/div>\n<div><\/div>\n<div><em>2. m\u00e9rk\u0151z\u00e9s 2016. okt\u00f3ber 22. szombat\u00a015:30<\/em><\/div>\n<div><\/div>\n<div><b>Soproni Darazsak Akad\u00e9mia -Vasas Amazonok 70-43 <\/b>( 21-17, 15-5, 17-12, 18-9)<\/div>\n<div><\/div>\n<div><b>Vasas: <\/b>L\u00e1ng-Miticzky Balnka, Mar\u00f3ty Dalma, Ulrich Zo\u00e9 7, R\u00e1tkai Eszter 4, Istenes Zsuzska 4, Aho Tyra 10, Szil\u00e1gyi \u00c1gnes 9, Igaz Eszter 2, K\u00e1lm\u00e1n Liza, Moln\u00e1r Fruzsina 8, Eperjesi D\u00f3ra, Z\u00e1boji Tita, Mar\u00f3ty Dorottya.<\/div>\n<div><\/div>\n<div>3. m\u00e9rk\u0151z\u00e9s 2016. okt\u00f3ber 23. vas\u00e1rnap 9:30<\/div>\n<div><\/div>\n<div><b>Vasas Amazonok-Zkk Athlete Celje 63-13 <\/b>(9-3, 10-2, 22-0, 22-8)<\/div>\n<div><\/div>\n<div><b>Vasas: <\/b>L\u00e1ng-Miticzky Blanka 4, Mar\u00f3ty Dalma 2, Ulrich Zo\u00e9 12, R\u00e1tkai Eszter 13, Istenes Zsuzska 4, Aho Tyra 3, Szil\u00e1gyi \u00c1gnes 4, Igaz Eszter 2, K\u00e1lm\u00e1n Liza 4, Moln\u00e1r Fruzsina 9, Eperjesi D\u00f3ra 4, Z\u00e1boji Tita 2, Mar\u00f3ty Dorottya.<\/div>\n<div><\/div>\n<div>Csapatunk legjobb j\u00e1t\u00e9kosa <b>SZIL\u00c1GYI \u00c1GNES <\/b>lett.<\/div>\n<div><\/div>\n<div><strong>A torna v\u00e9geredm\u00e9nye:<\/strong><\/div>\n<div>1. Soproni Darazsak Akad\u00e9mia<\/div>\n<div>2. <b>Vasas Amazonok<\/b><\/div>\n<div>3. Zagreb<\/div>\n<div>4. Zkk Athlete Celje<\/div>\n","protected":false},"excerpt":{"rendered":"<p>2016. okt\u00f3ber 22-23. Sopron \u2013 U12\u00a0Nemzetk\u00f6zi torna Remek nemzetk\u00f6zi torn\u00e1n vehett\u00fcnk r\u00e9szt gyerek csapatunkkal Sopronban a Darazsak Akad\u00e9mia megh\u00edv\u00e1s\u00e1ra, \u00e9s nagyon hasznos \u00e9s tanuls\u00e1gos meccseket j\u00e1tszhattunk. Remek els\u0151 m\u00e9rk\u0151z\u00e9s\u00fcnk\u00a0ut\u00e1n,\u00a0ahol a horv\u00e1t csapattal j\u00e1tszottunk\u00a0egy nagy iram\u00fa meccset\u00a0kem\u00e9ny v\u00e9dekez\u00e9ssel,\u00a0 20 ponttal tudtunk megnyerni, (\u00e9s csak 31 pontot kaptunk)\u00a0csak egy \u00f3r\u00e1nk volt pihenni \u00e9s m\u00e1r a hazai csapat&#8230;<\/p>\n","protected":false},"author":1,"featured_media":1772,"comment_status":"closed","ping_status":"open","sticky":false,"template":"","format":"standard","meta":{"footnotes":""},"categories":[73],"tags":[],"class_list":["post-1771","post","type-post","status-publish","format-standard","has-post-thumbnail","hentry","category-gyerek"],"yoast_head":"<!-- This site is optimized with the Yoast SEO plugin v26.0 - https:\/\/yoast.com\/wordpress\/plugins\/seo\/ -->\n<title>Gyermek torna Sopronban - Vasas n\u0151i kos\u00e1rlabda<\/title>\n<meta name=\"robots\" content=\"index, follow, max-snippet:-1, max-image-preview:large, max-video-preview:-1\" \/>\n<link rel=\"canonical\" href=\"https:\/\/vasasbasket.hu\/index.php\/gyermek-torna-sopronban\/\" \/>\n<meta property=\"og:locale\" content=\"hu_HU\" \/>\n<meta property=\"og:type\" content=\"article\" \/>\n<meta property=\"og:title\" content=\"Gyermek torna Sopronban - Vasas n\u0151i kos\u00e1rlabda\" \/>\n<meta property=\"og:description\" content=\"2016. okt\u00f3ber 22-23. Sopron \u2013 U12\u00a0Nemzetk\u00f6zi torna Remek nemzetk\u00f6zi torn\u00e1n vehett\u00fcnk r\u00e9szt gyerek csapatunkkal Sopronban a Darazsak Akad\u00e9mia megh\u00edv\u00e1s\u00e1ra, \u00e9s nagyon hasznos \u00e9s tanuls\u00e1gos meccseket j\u00e1tszhattunk. Remek els\u0151 m\u00e9rk\u0151z\u00e9s\u00fcnk\u00a0ut\u00e1n,\u00a0ahol a horv\u00e1t csapattal j\u00e1tszottunk\u00a0egy nagy iram\u00fa meccset\u00a0kem\u00e9ny v\u00e9dekez\u00e9ssel,\u00a0 20 ponttal tudtunk megnyerni, (\u00e9s csak 31 pontot kaptunk)\u00a0csak egy \u00f3r\u00e1nk volt pihenni \u00e9s m\u00e1r a hazai csapat...\" \/>\n<meta property=\"og:url\" content=\"https:\/\/vasasbasket.hu\/index.php\/gyermek-torna-sopronban\/\" \/>\n<meta property=\"og:site_name\" content=\"Vasas n\u0151i kos\u00e1rlabda\" \/>\n<meta property=\"article:publisher\" content=\"https:\/\/www.facebook.com\/vasaswbasket\/\" \/>\n<meta property=\"article:published_time\" content=\"2017-03-10T10:51:30+00:00\" \/>\n<meta property=\"og:image\" content=\"https:\/\/vasasbasket.hu\/wp-content\/uploads\/2017\/03\/20161023_sopron_gyerekcsapat-IMG_0434.jpg\" \/>\n\t<meta property=\"og:image:width\" content=\"570\" \/>\n\t<meta property=\"og:image:height\" content=\"322\" \/>\n\t<meta property=\"og:image:type\" content=\"image\/jpeg\" \/>\n<meta name=\"author\" content=\"admin\" \/>\n<meta name=\"twitter:card\" content=\"summary_large_image\" \/>\n<meta name=\"twitter:label1\" content=\"Szerz\u0151:\" \/>\n\t<meta name=\"twitter:data1\" content=\"admin\" \/>\n\t<meta name=\"twitter:label2\" content=\"Becs\u00fclt olvas\u00e1si id\u0151\" \/>\n\t<meta name=\"twitter:data2\" content=\"2 perc\" \/>\n<script type=\"application\/ld+json\" class=\"yoast-schema-graph\">{\"@context\":\"https:\/\/schema.org\",\"@graph\":[{\"@type\":\"Article\",\"@id\":\"https:\/\/vasasbasket.hu\/index.php\/gyermek-torna-sopronban\/#article\",\"isPartOf\":{\"@id\":\"https:\/\/vasasbasket.hu\/index.php\/gyermek-torna-sopronban\/\"},\"author\":{\"name\":\"admin\",\"@id\":\"https:\/\/vasasbasket.hu\/#\/schema\/person\/f1085f4d2c6582d8d0f977e92de2edee\"},\"headline\":\"Gyermek torna Sopronban\",\"datePublished\":\"2017-03-10T10:51:30+00:00\",\"mainEntityOfPage\":{\"@id\":\"https:\/\/vasasbasket.hu\/index.php\/gyermek-torna-sopronban\/\"},\"wordCount\":498,\"publisher\":{\"@id\":\"https:\/\/vasasbasket.hu\/#organization\"},\"image\":{\"@id\":\"https:\/\/vasasbasket.hu\/index.php\/gyermek-torna-sopronban\/#primaryimage\"},\"thumbnailUrl\":\"https:\/\/vasasbasket.hu\/wp-content\/uploads\/2017\/03\/20161023_sopron_gyerekcsapat-IMG_0434.jpg\",\"articleSection\":[\"Gyerek\"],\"inLanguage\":\"hu\"},{\"@type\":\"WebPage\",\"@id\":\"https:\/\/vasasbasket.hu\/index.php\/gyermek-torna-sopronban\/\",\"url\":\"https:\/\/vasasbasket.hu\/index.php\/gyermek-torna-sopronban\/\",\"name\":\"Gyermek torna Sopronban - Vasas n\u0151i kos\u00e1rlabda\",\"isPartOf\":{\"@id\":\"https:\/\/vasasbasket.hu\/#website\"},\"primaryImageOfPage\":{\"@id\":\"https:\/\/vasasbasket.hu\/index.php\/gyermek-torna-sopronban\/#primaryimage\"},\"image\":{\"@id\":\"https:\/\/vasasbasket.hu\/index.php\/gyermek-torna-sopronban\/#primaryimage\"},\"thumbnailUrl\":\"https:\/\/vasasbasket.hu\/wp-content\/uploads\/2017\/03\/20161023_sopron_gyerekcsapat-IMG_0434.jpg\",\"datePublished\":\"2017-03-10T10:51:30+00:00\",\"breadcrumb\":{\"@id\":\"https:\/\/vasasbasket.hu\/index.php\/gyermek-torna-sopronban\/#breadcrumb\"},\"inLanguage\":\"hu\",\"potentialAction\":[{\"@type\":\"ReadAction\",\"target\":[\"https:\/\/vasasbasket.hu\/index.php\/gyermek-torna-sopronban\/\"]}]},{\"@type\":\"ImageObject\",\"inLanguage\":\"hu\",\"@id\":\"https:\/\/vasasbasket.hu\/index.php\/gyermek-torna-sopronban\/#primaryimage\",\"url\":\"https:\/\/vasasbasket.hu\/wp-content\/uploads\/2017\/03\/20161023_sopron_gyerekcsapat-IMG_0434.jpg\",\"contentUrl\":\"https:\/\/vasasbasket.hu\/wp-content\/uploads\/2017\/03\/20161023_sopron_gyerekcsapat-IMG_0434.jpg\",\"width\":570,\"height\":322},{\"@type\":\"BreadcrumbList\",\"@id\":\"https:\/\/vasasbasket.hu\/index.php\/gyermek-torna-sopronban\/#breadcrumb\",\"itemListElement\":[{\"@type\":\"ListItem\",\"position\":1,\"name\":\"Kezd\u0151lap\",\"item\":\"https:\/\/vasasbasket.hu\/\"},{\"@type\":\"ListItem\",\"position\":2,\"name\":\"Gyermek torna Sopronban\"}]},{\"@type\":\"WebSite\",\"@id\":\"https:\/\/vasasbasket.hu\/#website\",\"url\":\"https:\/\/vasasbasket.hu\/\",\"name\":\"Vasas n\u0151i kos\u00e1rlabda\",\"description\":\"Vasas Basket N\u0151i\",\"publisher\":{\"@id\":\"https:\/\/vasasbasket.hu\/#organization\"},\"potentialAction\":[{\"@type\":\"SearchAction\",\"target\":{\"@type\":\"EntryPoint\",\"urlTemplate\":\"https:\/\/vasasbasket.hu\/?s={search_term_string}\"},\"query-input\":{\"@type\":\"PropertyValueSpecification\",\"valueRequired\":true,\"valueName\":\"search_term_string\"}}],\"inLanguage\":\"hu\"},{\"@type\":\"Organization\",\"@id\":\"https:\/\/vasasbasket.hu\/#organization\",\"name\":\"Vasas n\u0151i kos\u00e1rlabda\",\"url\":\"https:\/\/vasasbasket.hu\/\",\"logo\":{\"@type\":\"ImageObject\",\"inLanguage\":\"hu\",\"@id\":\"https:\/\/vasasbasket.hu\/#\/schema\/logo\/image\/\",\"url\":\"https:\/\/vasasbasket.hu\/wp-content\/uploads\/2017\/03\/vasas_cimer_1200.jpg\",\"contentUrl\":\"https:\/\/vasasbasket.hu\/wp-content\/uploads\/2017\/03\/vasas_cimer_1200.jpg\",\"width\":1200,\"height\":1200,\"caption\":\"Vasas n\u0151i kos\u00e1rlabda\"},\"image\":{\"@id\":\"https:\/\/vasasbasket.hu\/#\/schema\/logo\/image\/\"},\"sameAs\":[\"https:\/\/www.facebook.com\/vasaswbasket\/\"]},{\"@type\":\"Person\",\"@id\":\"https:\/\/vasasbasket.hu\/#\/schema\/person\/f1085f4d2c6582d8d0f977e92de2edee\",\"name\":\"admin\",\"image\":{\"@type\":\"ImageObject\",\"inLanguage\":\"hu\",\"@id\":\"https:\/\/vasasbasket.hu\/#\/schema\/person\/image\/\",\"url\":\"https:\/\/secure.gravatar.com\/avatar\/645c92f7d9cfe02bd93ce2d1cfa11cd3a268bdfe65486552ff04b193cea07634?s=96&d=mm&r=g\",\"contentUrl\":\"https:\/\/secure.gravatar.com\/avatar\/645c92f7d9cfe02bd93ce2d1cfa11cd3a268bdfe65486552ff04b193cea07634?s=96&d=mm&r=g\",\"caption\":\"admin\"},\"url\":\"https:\/\/vasasbasket.hu\/index.php\/author\/admin\/\"}]}<\/script>\n<!-- \/ Yoast SEO plugin. -->","yoast_head_json":{"title":"Gyermek torna Sopronban - Vasas n\u0151i kos\u00e1rlabda","robots":{"index":"index","follow":"follow","max-snippet":"max-snippet:-1","max-image-preview":"max-image-preview:large","max-video-preview":"max-video-preview:-1"},"canonical":"https:\/\/vasasbasket.hu\/index.php\/gyermek-torna-sopronban\/","og_locale":"hu_HU","og_type":"article","og_title":"Gyermek torna Sopronban - Vasas n\u0151i kos\u00e1rlabda","og_description":"2016. okt\u00f3ber 22-23. Sopron \u2013 U12\u00a0Nemzetk\u00f6zi torna Remek nemzetk\u00f6zi torn\u00e1n vehett\u00fcnk r\u00e9szt gyerek csapatunkkal Sopronban a Darazsak Akad\u00e9mia megh\u00edv\u00e1s\u00e1ra, \u00e9s nagyon hasznos \u00e9s tanuls\u00e1gos meccseket j\u00e1tszhattunk. Remek els\u0151 m\u00e9rk\u0151z\u00e9s\u00fcnk\u00a0ut\u00e1n,\u00a0ahol a horv\u00e1t csapattal j\u00e1tszottunk\u00a0egy nagy iram\u00fa meccset\u00a0kem\u00e9ny v\u00e9dekez\u00e9ssel,\u00a0 20 ponttal tudtunk megnyerni, (\u00e9s csak 31 pontot kaptunk)\u00a0csak egy \u00f3r\u00e1nk volt pihenni \u00e9s m\u00e1r a hazai csapat...","og_url":"https:\/\/vasasbasket.hu\/index.php\/gyermek-torna-sopronban\/","og_site_name":"Vasas n\u0151i kos\u00e1rlabda","article_publisher":"https:\/\/www.facebook.com\/vasaswbasket\/","article_published_time":"2017-03-10T10:51:30+00:00","og_image":[{"width":570,"height":322,"url":"https:\/\/vasasbasket.hu\/wp-content\/uploads\/2017\/03\/20161023_sopron_gyerekcsapat-IMG_0434.jpg","type":"image\/jpeg"}],"author":"admin","twitter_card":"summary_large_image","twitter_misc":{"Szerz\u0151:":"admin","Becs\u00fclt olvas\u00e1si id\u0151":"2 perc"},"schema":{"@context":"https:\/\/schema.org","@graph":[{"@type":"Article","@id":"https:\/\/vasasbasket.hu\/index.php\/gyermek-torna-sopronban\/#article","isPartOf":{"@id":"https:\/\/vasasbasket.hu\/index.php\/gyermek-torna-sopronban\/"},"author":{"name":"admin","@id":"https:\/\/vasasbasket.hu\/#\/schema\/person\/f1085f4d2c6582d8d0f977e92de2edee"},"headline":"Gyermek torna Sopronban","datePublished":"2017-03-10T10:51:30+00:00","mainEntityOfPage":{"@id":"https:\/\/vasasbasket.hu\/index.php\/gyermek-torna-sopronban\/"},"wordCount":498,"publisher":{"@id":"https:\/\/vasasbasket.hu\/#organization"},"image":{"@id":"https:\/\/vasasbasket.hu\/index.php\/gyermek-torna-sopronban\/#primaryimage"},"thumbnailUrl":"https:\/\/vasasbasket.hu\/wp-content\/uploads\/2017\/03\/20161023_sopron_gyerekcsapat-IMG_0434.jpg","articleSection":["Gyerek"],"inLanguage":"hu"},{"@type":"WebPage","@id":"https:\/\/vasasbasket.hu\/index.php\/gyermek-torna-sopronban\/","url":"https:\/\/vasasbasket.hu\/index.php\/gyermek-torna-sopronban\/","name":"Gyermek torna Sopronban - Vasas n\u0151i kos\u00e1rlabda","isPartOf":{"@id":"https:\/\/vasasbasket.hu\/#website"},"primaryImageOfPage":{"@id":"https:\/\/vasasbasket.hu\/index.php\/gyermek-torna-sopronban\/#primaryimage"},"image":{"@id":"https:\/\/vasasbasket.hu\/index.php\/gyermek-torna-sopronban\/#primaryimage"},"thumbnailUrl":"https:\/\/vasasbasket.hu\/wp-content\/uploads\/2017\/03\/20161023_sopron_gyerekcsapat-IMG_0434.jpg","datePublished":"2017-03-10T10:51:30+00:00","breadcrumb":{"@id":"https:\/\/vasasbasket.hu\/index.php\/gyermek-torna-sopronban\/#breadcrumb"},"inLanguage":"hu","potentialAction":[{"@type":"ReadAction","target":["https:\/\/vasasbasket.hu\/index.php\/gyermek-torna-sopronban\/"]}]},{"@type":"ImageObject","inLanguage":"hu","@id":"https:\/\/vasasbasket.hu\/index.php\/gyermek-torna-sopronban\/#primaryimage","url":"https:\/\/vasasbasket.hu\/wp-content\/uploads\/2017\/03\/20161023_sopron_gyerekcsapat-IMG_0434.jpg","contentUrl":"https:\/\/vasasbasket.hu\/wp-content\/uploads\/2017\/03\/20161023_sopron_gyerekcsapat-IMG_0434.jpg","width":570,"height":322},{"@type":"BreadcrumbList","@id":"https:\/\/vasasbasket.hu\/index.php\/gyermek-torna-sopronban\/#breadcrumb","itemListElement":[{"@type":"ListItem","position":1,"name":"Kezd\u0151lap","item":"https:\/\/vasasbasket.hu\/"},{"@type":"ListItem","position":2,"name":"Gyermek torna Sopronban"}]},{"@type":"WebSite","@id":"https:\/\/vasasbasket.hu\/#website","url":"https:\/\/vasasbasket.hu\/","name":"Vasas n\u0151i kos\u00e1rlabda","description":"Vasas Basket N\u0151i","publisher":{"@id":"https:\/\/vasasbasket.hu\/#organization"},"potentialAction":[{"@type":"SearchAction","target":{"@type":"EntryPoint","urlTemplate":"https:\/\/vasasbasket.hu\/?s={search_term_string}"},"query-input":{"@type":"PropertyValueSpecification","valueRequired":true,"valueName":"search_term_string"}}],"inLanguage":"hu"},{"@type":"Organization","@id":"https:\/\/vasasbasket.hu\/#organization","name":"Vasas n\u0151i kos\u00e1rlabda","url":"https:\/\/vasasbasket.hu\/","logo":{"@type":"ImageObject","inLanguage":"hu","@id":"https:\/\/vasasbasket.hu\/#\/schema\/logo\/image\/","url":"https:\/\/vasasbasket.hu\/wp-content\/uploads\/2017\/03\/vasas_cimer_1200.jpg","contentUrl":"https:\/\/vasasbasket.hu\/wp-content\/uploads\/2017\/03\/vasas_cimer_1200.jpg","width":1200,"height":1200,"caption":"Vasas n\u0151i kos\u00e1rlabda"},"image":{"@id":"https:\/\/vasasbasket.hu\/#\/schema\/logo\/image\/"},"sameAs":["https:\/\/www.facebook.com\/vasaswbasket\/"]},{"@type":"Person","@id":"https:\/\/vasasbasket.hu\/#\/schema\/person\/f1085f4d2c6582d8d0f977e92de2edee","name":"admin","image":{"@type":"ImageObject","inLanguage":"hu","@id":"https:\/\/vasasbasket.hu\/#\/schema\/person\/image\/","url":"https:\/\/secure.gravatar.com\/avatar\/645c92f7d9cfe02bd93ce2d1cfa11cd3a268bdfe65486552ff04b193cea07634?s=96&d=mm&r=g","contentUrl":"https:\/\/secure.gravatar.com\/avatar\/645c92f7d9cfe02bd93ce2d1cfa11cd3a268bdfe65486552ff04b193cea07634?s=96&d=mm&r=g","caption":"admin"},"url":"https:\/\/vasasbasket.hu\/index.php\/author\/admin\/"}]}},"_links":{"self":[{"href":"https:\/\/vasasbasket.hu\/index.php\/wp-json\/wp\/v2\/posts\/1771","targetHints":{"allow":["GET"]}}],"collection":[{"href":"https:\/\/vasasbasket.hu\/index.php\/wp-json\/wp\/v2\/posts"}],"about":[{"href":"https:\/\/vasasbasket.hu\/index.php\/wp-json\/wp\/v2\/types\/post"}],"author":[{"embeddable":true,"href":"https:\/\/vasasbasket.hu\/index.php\/wp-json\/wp\/v2\/users\/1"}],"replies":[{"embeddable":true,"href":"https:\/\/vasasbasket.hu\/index.php\/wp-json\/wp\/v2\/comments?post=1771"}],"version-history":[{"count":2,"href":"https:\/\/vasasbasket.hu\/index.php\/wp-json\/wp\/v2\/posts\/1771\/revisions"}],"predecessor-version":[{"id":1774,"href":"https:\/\/vasasbasket.hu\/index.php\/wp-json\/wp\/v2\/posts\/1771\/revisions\/1774"}],"wp:featuredmedia":[{"embeddable":true,"href":"https:\/\/vasasbasket.hu\/index.php\/wp-json\/wp\/v2\/media\/1772"}],"wp:attachment":[{"href":"https:\/\/vasasbasket.hu\/index.php\/wp-json\/wp\/v2\/media?parent=1771"}],"wp:term":[{"taxonomy":"category","embeddable":true,"href":"https:\/\/vasasbasket.hu\/index.php\/wp-json\/wp\/v2\/categories?post=1771"},{"taxonomy":"post_tag","embeddable":true,"href":"https:\/\/vasasbasket.hu\/index.php\/wp-json\/wp\/v2\/tags?post=1771"}],"curies":[{"name":"wp","href":"https:\/\/api.w.org\/{rel}","templated":true}]}}