{"id":16898,"date":"2026-09-01T09:38:03","date_gmt":"2026-09-01T09:38:03","guid":{"rendered":"https:\/\/vasasbasket.hu\/?p=16898"},"modified":"2026-09-01T09:39:10","modified_gmt":"2026-09-01T09:39:10","slug":"fiatal-tehetseges-jatekos-erkezik-a-bajnokcsapatbol","status":"publish","type":"post","link":"https:\/\/vasasbasket.hu\/index.php\/fiatal-tehetseges-jatekos-erkezik-a-bajnokcsapatbol\/","title":{"rendered":"Fiatal, tehets\u00e9ges j\u00e1t\u00e9kos \u00e9rkezik a bajnokcsapatb\u00f3l"},"content":{"rendered":"<p><strong>K\u00e1d\u00e1r Orsi hazat\u00e9r\u00e9se mellett egy U20-as koroszt\u00e1ly\u00fa j\u00e1t\u00e9kossal er\u0151s\u00edtett feln\u0151tt csapatunk. H\u0151gye Petra a tavalyi bajnok NKA Universitas P\u00e9cs egy\u00fcttes\u00e9b\u0151l \u00e9rkezik a tov\u00e1bbi egy\u00e9ni fejl\u0151d\u00e9s \u00e9rdek\u00e9ben.<\/strong><\/p>\n<p>H\u0151gye Petra eg\u00e9szen kor\u00e1n, m\u00e1sodikos kor\u00e1ban kezdett el kos\u00e1rlabd\u00e1zni, k\u00e9s\u0151bbi csapat\u00e1nak v\u00e1rosi riv\u00e1lis\u00e1n\u00e1l, a PVSK-n\u00e1l. B\u00e1r eleinte az atl\u00e9tika vil\u00e1ga is vonzotta, egy kiv\u00e1laszt\u00f3 program keretein bel\u00fcl labda ker\u00fclt a kez\u00e9be, innen pedig nem volt meg\u00e1ll\u00e1s. Nem meglep\u0151, hogy ezt a sportot v\u00e1lasztotta, hiszen igazi kosaras csal\u00e1d az \u00f6v\u00e9k, \u00e9desapjukat k\u00f6vetve t\u00f6bb testv\u00e9re is kipr\u00f3b\u00e1lta, majd beleszeretett a j\u00e1t\u00e9kba.<\/p>\n<p><img loading=\"lazy\" decoding=\"async\" class=\" wp-image-16903 aligncenter\" src=\"https:\/\/vasasbasket.hu\/wp-content\/uploads\/2026\/09\/WhatsApp-Image-2026-09-01-at-11.12.33.jpeg\" alt=\"\" width=\"1000\" height=\"983\" srcset=\"https:\/\/vasasbasket.hu\/wp-content\/uploads\/2026\/09\/WhatsApp-Image-2026-09-01-at-11.12.33.jpeg 1170w, https:\/\/vasasbasket.hu\/wp-content\/uploads\/2026\/09\/WhatsApp-Image-2026-09-01-at-11.12.33-300x295.jpeg 300w, https:\/\/vasasbasket.hu\/wp-content\/uploads\/2026\/09\/WhatsApp-Image-2026-09-01-at-11.12.33-1024x1006.jpeg 1024w, https:\/\/vasasbasket.hu\/wp-content\/uploads\/2026\/09\/WhatsApp-Image-2026-09-01-at-11.12.33-768x755.jpeg 768w, https:\/\/vasasbasket.hu\/wp-content\/uploads\/2026\/09\/WhatsApp-Image-2026-09-01-at-11.12.33-128x126.jpeg 128w, https:\/\/vasasbasket.hu\/wp-content\/uploads\/2026\/09\/WhatsApp-Image-2026-09-01-at-11.12.33-32x32.jpeg 32w, https:\/\/vasasbasket.hu\/wp-content\/uploads\/2026\/09\/WhatsApp-Image-2026-09-01-at-11.12.33-80x80.jpeg 80w, https:\/\/vasasbasket.hu\/wp-content\/uploads\/2026\/09\/WhatsApp-Image-2026-09-01-at-11.12.33-98x96.jpeg 98w, https:\/\/vasasbasket.hu\/wp-content\/uploads\/2026\/09\/WhatsApp-Image-2026-09-01-at-11.12.33-570x560.jpeg 570w, https:\/\/vasasbasket.hu\/wp-content\/uploads\/2026\/09\/WhatsApp-Image-2026-09-01-at-11.12.33-440x432.jpeg 440w\" sizes=\"auto, (max-width: 1000px) 100vw, 1000px\" \/><\/p>\n<p>V\u00e9gig j\u00e1rta a koroszt\u00e1lyos rangl\u00e9tr\u00e1t a PVSK-n\u00e1l, majd nagyobb c\u00e9lokat d\u00e9delgetve csatlakozott az NKA P\u00e9cs csapat\u00e1hoz, ahol el\u0151bb a junior bajnoks\u00e1gban ker\u00fclt arany\u00e9rem a nyak\u00e1ba \u2013 \u00e9ppen a Vasas Akad\u00e9mia elleni d\u00f6nt\u0151ben -, majd a tavalyi szezonban a feln\u0151ttek k\u00f6z\u00f6tt is r\u00e9szt vehetett a szezonz\u00e1r\u00f3 pezsg\u0151locsol\u00e1sban \u00e9s h\u00e1l\u00f3 v\u00e1g\u00e1sban. A p\u00e9csi sikereket h\u00e1trahagyva \u00e9rkezik most Budapestre, ahol nagyobb szerepet szeretne kiharcolni mag\u00e1nak, emellett pedig egy\u00e9nileg is el\u0151re l\u00e9pne a karrierj\u00e9ben. A bajnokcsapatt\u00f3l teh\u00e1t egy fiatal egy\u00fctteshez \u00e9rkezik, teljesen m\u00e1s c\u00e9lokkal \u00e9s elsz\u00e1ntan vetette mag\u00e1t a munk\u00e1ba.<\/p>\n<blockquote><p>A tavalyi csapatunk egy nagyon kiemelked\u0151 g\u00e1rda volt a p\u00e1ly\u00e1n k\u00edv\u00fcl \u00e9s azon bel\u00fcl is, de \u00fagy \u00e9reztem, hogy a fejl\u0151d\u00e9sem szempontj\u00e1b\u00f3l sz\u00fcks\u00e9gem van arra, hogy nagyobb szerepet kapjak \u00e9les szitu\u00e1ci\u00f3kban is. Neh\u00e9z volt otthagyni a v\u00e1rost, ahol feln\u0151ttem, de id\u0151szer\u0171 volt a v\u00e1lt\u00e1s. Tetszett a koncepci\u00f3, illetve a Vasas alapvet\u0151 m\u0171k\u00f6d\u00e9se, amit felv\u00e1zoltak nekem. Fontos volt nekem, hogy a fiatalok is be legyenek \u00e9p\u00edtve a feln\u0151tt csapatba, \u00e9s nagyobb lehet\u0151s\u00e9ghez jussanak, amire itt minden lehet\u0151s\u00e9g adott a j\u00e1t\u00e9kosok sz\u00e1m\u00e1ra &#8211; kezdte a besz\u00e9lget\u00e9st H\u0151gye Petra.<\/p><\/blockquote>\n<p><img loading=\"lazy\" decoding=\"async\" class=\" wp-image-16899 aligncenter\" src=\"https:\/\/vasasbasket.hu\/wp-content\/uploads\/2026\/09\/480903955_527364073201915_7807958102656736019_n-e1788255026659.jpg\" alt=\"\" width=\"1101\" height=\"652\" srcset=\"https:\/\/vasasbasket.hu\/wp-content\/uploads\/2026\/09\/480903955_527364073201915_7807958102656736019_n-e1788255026659.jpg 584w, https:\/\/vasasbasket.hu\/wp-content\/uploads\/2026\/09\/480903955_527364073201915_7807958102656736019_n-e1788255026659-300x178.jpg 300w, https:\/\/vasasbasket.hu\/wp-content\/uploads\/2026\/09\/480903955_527364073201915_7807958102656736019_n-e1788255026659-128x76.jpg 128w, https:\/\/vasasbasket.hu\/wp-content\/uploads\/2026\/09\/480903955_527364073201915_7807958102656736019_n-e1788255026659-32x19.jpg 32w, https:\/\/vasasbasket.hu\/wp-content\/uploads\/2026\/09\/480903955_527364073201915_7807958102656736019_n-e1788255026659-98x58.jpg 98w, https:\/\/vasasbasket.hu\/wp-content\/uploads\/2026\/09\/480903955_527364073201915_7807958102656736019_n-e1788255026659-570x338.jpg 570w, https:\/\/vasasbasket.hu\/wp-content\/uploads\/2026\/09\/480903955_527364073201915_7807958102656736019_n-e1788255026659-440x261.jpg 440w\" sizes=\"auto, (max-width: 1101px) 100vw, 1101px\" \/><\/p>\n<p>A tavalyi \u00e9vben megdupl\u00e1zta j\u00e1t\u00e9kperceinek sz\u00e1m\u00e1t a bemutatkoz\u00f3 szezonj\u00e1hoz k\u00e9pest, de a l\u00e9gi\u00f3sok \u00e9s a kiemelked\u0151 magyar mag mellett \u00edgy sem jutott akkora szerephez, ami elengedhetetlen egy j\u00e1t\u00e9kos fejl\u0151d\u00e9s\u00e9hez. Az Amat\u0151r Bajnoks\u00e1g Lila csoportj\u00e1ban viszont vez\u00e9rszerep h\u00e1rult r\u00e1, ott pedig szint\u00e9n arany\u00e9rem ker\u00fclt a nyak\u00e1ba, a junior koroszt\u00e1ly ut\u00e1n ism\u00e9telten a Vasas elleni d\u00f6nt\u0151ben.<\/p>\n<blockquote><p>Harcos, elsz\u00e1nt j\u00e1t\u00e9kosnak tartom magam, de m\u00e9g b\u0151ven van olyan r\u00e9sze a j\u00e1t\u00e9komnak, amin fejleszteni szeretn\u00e9k. Ez lenne az els\u0151dleges c\u00e9lom az idei szezonban, amellett, hogy jobban felvegyem a feln\u0151tt bajnoks\u00e1g ritmus\u00e1t. Nagyon j\u00f3l \u00e9rzem magam a csapatban, a l\u00e1nyok nagy r\u00e9sz\u00e9t m\u00e1r alapvet\u0151en is ismertem, sz\u00f3val egy teljes m\u00e9rt\u00e9kben j\u00f3 \u00e9s sikeres szezonra sz\u00e1m\u00edtok.<\/p><\/blockquote>\n<p>Friss igazol\u00e1sunk azonban nem csak a kos\u00e1rlabdap\u00e1ly\u00e1n szeretne fejl\u0151dni a f\u0151v\u00e1rosban, az edz\u00e9sek mellett ugyanis folytatja tanulm\u00e1nyait is, imm\u00e1r egyetemistak\u00e9nt.<\/p>\n<blockquote><p>Nem k\u00f6nny\u0171 \u00f6sszeegyeztetni a tanulm\u00e1nyokat a profi sporttal, de mindenk\u00e9ppen szerettem volna tov\u00e1bbtanulni. Id\u00e9n leszek els\u0151 \u00e9ves a PTE BTK szociol\u00f3gia szak\u00e1n, hosszabb t\u00e1von pedig pszichol\u00f3gi\u00e1t szeretn\u00e9k majd tanulni. A csapat \u00e9s a tanul\u00e1s mellett nem sok id\u0151m marad, szabadid\u0151met els\u0151sorban a csal\u00e1dommal, bar\u00e1taimmal t\u00f6lt\u00f6m, de szeretek s\u00fctni \u00e9s olvasni is. A budapesti k\u00f6rnyezetet m\u00e9g szoknom kell, f\u0151leg a nagy t\u00e1vols\u00e1gok \u00e9s a rengeteg ember jelentenek \u00fajdons\u00e1got az eddigi mindennapokhoz k\u00e9pest.<\/p><\/blockquote>\n<p><img loading=\"lazy\" decoding=\"async\" class=\" wp-image-16904 aligncenter\" src=\"https:\/\/vasasbasket.hu\/wp-content\/uploads\/2026\/09\/Kepernyokep-2026-09-01-113555-e1788255461320.png\" alt=\"\" width=\"1100\" height=\"717\" srcset=\"https:\/\/vasasbasket.hu\/wp-content\/uploads\/2026\/09\/Kepernyokep-2026-09-01-113555-e1788255461320.png 965w, https:\/\/vasasbasket.hu\/wp-content\/uploads\/2026\/09\/Kepernyokep-2026-09-01-113555-e1788255461320-300x196.png 300w, https:\/\/vasasbasket.hu\/wp-content\/uploads\/2026\/09\/Kepernyokep-2026-09-01-113555-e1788255461320-768x501.png 768w, https:\/\/vasasbasket.hu\/wp-content\/uploads\/2026\/09\/Kepernyokep-2026-09-01-113555-e1788255461320-128x83.png 128w, https:\/\/vasasbasket.hu\/wp-content\/uploads\/2026\/09\/Kepernyokep-2026-09-01-113555-e1788255461320-32x21.png 32w, https:\/\/vasasbasket.hu\/wp-content\/uploads\/2026\/09\/Kepernyokep-2026-09-01-113555-e1788255461320-98x64.png 98w, https:\/\/vasasbasket.hu\/wp-content\/uploads\/2026\/09\/Kepernyokep-2026-09-01-113555-e1788255461320-570x372.png 570w, https:\/\/vasasbasket.hu\/wp-content\/uploads\/2026\/09\/Kepernyokep-2026-09-01-113555-e1788255461320-440x287.png 440w\" sizes=\"auto, (max-width: 1100px) 100vw, 1100px\" \/><\/p>\n<p>Petra szem\u00e9ly\u00e9ben teh\u00e1t egy sokoldal\u00fa, agilis j\u00e1t\u00e9kossal b\u0151v\u00fclt Nenad Markovic j\u00e1t\u00e9koskerete, aki a p\u00e1ly\u00e1n \u00e9s azon k\u00edv\u00fcl is megfelel\u0151 motiv\u00e1ci\u00f3val kezdte meg a munk\u00e1t a csapattal.<\/p>\n<blockquote><p>Petr\u00e1t el\u0151sz\u00f6r m\u00e9g U16-os edz\u0151k\u00e9nt l\u00e1ttam a csapatom ellen j\u00e1tszani, \u00e9s m\u00e1r akkor is nagyon tetszett a j\u00e1t\u00e9ka. K\u00f6vetni kezdtem a p\u00e1lyafut\u00e1s\u00e1t \u00e9s amikor felmer\u00fclt a lehet\u0151s\u00e9g a szerz\u0151dtet\u00e9s\u00e9re, \u00e9lni szerettem volna vele. Szem\u00e9ly\u00e9ben egy j\u00f3 j\u00e1t\u00e9kossal, \u00e9s ami ugyanennyire fontos egy j\u00f3 emberrel er\u0151s\u00edtett\u00fcnk. Nagyon fiatal, nyitott \u00e9s fejl\u0151dni szeretne, azt gondolom a j\u00e1t\u00e9kos \u00e9s a klub sz\u00e1m\u00e1ra is egy remek l\u00e9p\u00e9s ez &#8211; mondta a Vasas Akad\u00e9mia vezet\u0151edz\u0151je, Nenad Markovic.<\/p><\/blockquote>\n<p><strong>Fot\u00f3: NKA Universitas P\u00e9cs<\/strong><\/p>\n","protected":false},"excerpt":{"rendered":"<p>K\u00e1d\u00e1r Orsi hazat\u00e9r\u00e9se mellett egy U20-as koroszt\u00e1ly\u00fa j\u00e1t\u00e9kossal er\u0151s\u00edtett feln\u0151tt csapatunk. H\u0151gye Petra a tavalyi bajnok NKA Universitas P\u00e9cs egy\u00fcttes\u00e9b\u0151l \u00e9rkezik a tov\u00e1bbi egy\u00e9ni fejl\u0151d\u00e9s \u00e9rdek\u00e9ben. H\u0151gye Petra eg\u00e9szen kor\u00e1n, m\u00e1sodikos kor\u00e1ban kezdett el kos\u00e1rlabd\u00e1zni, k\u00e9s\u0151bbi csapat\u00e1nak v\u00e1rosi riv\u00e1lis\u00e1n\u00e1l, a PVSK-n\u00e1l. B\u00e1r eleinte az atl\u00e9tika vil\u00e1ga is vonzotta, egy kiv\u00e1laszt\u00f3 program keretein bel\u00fcl labda ker\u00fclt&#8230;<\/p>\n","protected":false},"author":3,"featured_media":16901,"comment_status":"closed","ping_status":"closed","sticky":false,"template":"","format":"standard","meta":{"footnotes":""},"categories":[49,92],"tags":[],"class_list":["post-16898","post","type-post","status-publish","format-standard","has-post-thumbnail","hentry","category-nb1","category-hirek"],"yoast_head":"<!-- This site is optimized with the Yoast SEO plugin v28.2 - https:\/\/yoast.com\/product\/yoast-seo-wordpress\/ -->\n<title>Fiatal, tehets\u00e9ges j\u00e1t\u00e9kos \u00e9rkezik a bajnokcsapatb\u00f3l - Vasas n\u0151i kos\u00e1rlabda<\/title>\n<meta name=\"robots\" content=\"index, follow, max-snippet:-1, max-image-preview:large, max-video-preview:-1\" \/>\n<link rel=\"canonical\" href=\"https:\/\/vasasbasket.hu\/index.php\/fiatal-tehetseges-jatekos-erkezik-a-bajnokcsapatbol\/\" \/>\n<meta property=\"og:locale\" content=\"hu_HU\" \/>\n<meta property=\"og:type\" content=\"article\" \/>\n<meta property=\"og:title\" content=\"Fiatal, tehets\u00e9ges j\u00e1t\u00e9kos \u00e9rkezik a bajnokcsapatb\u00f3l - Vasas n\u0151i kos\u00e1rlabda\" \/>\n<meta property=\"og:description\" content=\"K\u00e1d\u00e1r Orsi hazat\u00e9r\u00e9se mellett egy U20-as koroszt\u00e1ly\u00fa j\u00e1t\u00e9kossal er\u0151s\u00edtett feln\u0151tt csapatunk. H\u0151gye Petra a tavalyi bajnok NKA Universitas P\u00e9cs egy\u00fcttes\u00e9b\u0151l \u00e9rkezik a tov\u00e1bbi egy\u00e9ni fejl\u0151d\u00e9s \u00e9rdek\u00e9ben. H\u0151gye Petra eg\u00e9szen kor\u00e1n, m\u00e1sodikos kor\u00e1ban kezdett el kos\u00e1rlabd\u00e1zni, k\u00e9s\u0151bbi csapat\u00e1nak v\u00e1rosi riv\u00e1lis\u00e1n\u00e1l, a PVSK-n\u00e1l. B\u00e1r eleinte az atl\u00e9tika vil\u00e1ga is vonzotta, egy kiv\u00e1laszt\u00f3 program keretein bel\u00fcl labda ker\u00fclt...\" \/>\n<meta property=\"og:url\" content=\"https:\/\/vasasbasket.hu\/index.php\/fiatal-tehetseges-jatekos-erkezik-a-bajnokcsapatbol\/\" \/>\n<meta property=\"og:site_name\" content=\"Vasas n\u0151i kos\u00e1rlabda\" \/>\n<meta property=\"article:publisher\" content=\"https:\/\/www.facebook.com\/vasaswbasket\/\" \/>\n<meta property=\"article:published_time\" content=\"2026-09-01T09:38:03+00:00\" \/>\n<meta property=\"article:modified_time\" content=\"2026-09-01T09:39:10+00:00\" \/>\n<meta property=\"og:image\" content=\"https:\/\/vasasbasket.hu\/wp-content\/uploads\/2026\/09\/WhatsApp-Image-2026-09-01-at-11.12.45-e1788254939346.jpeg\" \/>\n\t<meta property=\"og:image:width\" content=\"739\" \/>\n\t<meta property=\"og:image:height\" content=\"483\" \/>\n\t<meta property=\"og:image:type\" content=\"image\/jpeg\" \/>\n<meta name=\"author\" content=\"Staszelis Rafal\" \/>\n<meta name=\"twitter:card\" content=\"summary_large_image\" \/>\n<meta name=\"twitter:label1\" content=\"Szerz\u0151:\" \/>\n\t<meta name=\"twitter:data1\" content=\"Staszelis Rafal\" \/>\n\t<meta name=\"twitter:label2\" content=\"Becs\u00fclt olvas\u00e1si id\u0151\" \/>\n\t<meta name=\"twitter:data2\" content=\"3 perc\" \/>\n<script type=\"application\/ld+json\" class=\"yoast-schema-graph\">{\"@context\":\"https:\\\/\\\/schema.org\",\"@graph\":[{\"@type\":\"Article\",\"@id\":\"https:\\\/\\\/vasasbasket.hu\\\/index.php\\\/fiatal-tehetseges-jatekos-erkezik-a-bajnokcsapatbol\\\/#article\",\"isPartOf\":{\"@id\":\"https:\\\/\\\/vasasbasket.hu\\\/index.php\\\/fiatal-tehetseges-jatekos-erkezik-a-bajnokcsapatbol\\\/\"},\"author\":{\"name\":\"Staszelis Rafal\",\"@id\":\"https:\\\/\\\/vasasbasket.hu\\\/#\\\/schema\\\/person\\\/cce3d40284d729c98742af771668678b\"},\"headline\":\"Fiatal, tehets\u00e9ges j\u00e1t\u00e9kos \u00e9rkezik a bajnokcsapatb\u00f3l\",\"datePublished\":\"2026-09-01T09:38:03+00:00\",\"dateModified\":\"2026-09-01T09:39:10+00:00\",\"mainEntityOfPage\":{\"@id\":\"https:\\\/\\\/vasasbasket.hu\\\/index.php\\\/fiatal-tehetseges-jatekos-erkezik-a-bajnokcsapatbol\\\/\"},\"wordCount\":850,\"publisher\":{\"@id\":\"https:\\\/\\\/vasasbasket.hu\\\/#organization\"},\"image\":{\"@id\":\"https:\\\/\\\/vasasbasket.hu\\\/index.php\\\/fiatal-tehetseges-jatekos-erkezik-a-bajnokcsapatbol\\\/#primaryimage\"},\"thumbnailUrl\":\"https:\\\/\\\/vasasbasket.hu\\\/wp-content\\\/uploads\\\/2026\\\/09\\\/WhatsApp-Image-2026-09-01-at-11.12.45-e1788254939346.jpeg\",\"articleSection\":[\"NB1\\\/A\",\"\u00d6sszes H\u00edr\"],\"inLanguage\":\"hu\"},{\"@type\":\"WebPage\",\"@id\":\"https:\\\/\\\/vasasbasket.hu\\\/index.php\\\/fiatal-tehetseges-jatekos-erkezik-a-bajnokcsapatbol\\\/\",\"url\":\"https:\\\/\\\/vasasbasket.hu\\\/index.php\\\/fiatal-tehetseges-jatekos-erkezik-a-bajnokcsapatbol\\\/\",\"name\":\"Fiatal, tehets\u00e9ges j\u00e1t\u00e9kos \u00e9rkezik a bajnokcsapatb\u00f3l - Vasas n\u0151i kos\u00e1rlabda\",\"isPartOf\":{\"@id\":\"https:\\\/\\\/vasasbasket.hu\\\/#website\"},\"primaryImageOfPage\":{\"@id\":\"https:\\\/\\\/vasasbasket.hu\\\/index.php\\\/fiatal-tehetseges-jatekos-erkezik-a-bajnokcsapatbol\\\/#primaryimage\"},\"image\":{\"@id\":\"https:\\\/\\\/vasasbasket.hu\\\/index.php\\\/fiatal-tehetseges-jatekos-erkezik-a-bajnokcsapatbol\\\/#primaryimage\"},\"thumbnailUrl\":\"https:\\\/\\\/vasasbasket.hu\\\/wp-content\\\/uploads\\\/2026\\\/09\\\/WhatsApp-Image-2026-09-01-at-11.12.45-e1788254939346.jpeg\",\"datePublished\":\"2026-09-01T09:38:03+00:00\",\"dateModified\":\"2026-09-01T09:39:10+00:00\",\"breadcrumb\":{\"@id\":\"https:\\\/\\\/vasasbasket.hu\\\/index.php\\\/fiatal-tehetseges-jatekos-erkezik-a-bajnokcsapatbol\\\/#breadcrumb\"},\"inLanguage\":\"hu\",\"potentialAction\":[{\"@type\":\"ReadAction\",\"target\":[\"https:\\\/\\\/vasasbasket.hu\\\/index.php\\\/fiatal-tehetseges-jatekos-erkezik-a-bajnokcsapatbol\\\/\"]}]},{\"@type\":\"ImageObject\",\"inLanguage\":\"hu\",\"@id\":\"https:\\\/\\\/vasasbasket.hu\\\/index.php\\\/fiatal-tehetseges-jatekos-erkezik-a-bajnokcsapatbol\\\/#primaryimage\",\"url\":\"https:\\\/\\\/vasasbasket.hu\\\/wp-content\\\/uploads\\\/2026\\\/09\\\/WhatsApp-Image-2026-09-01-at-11.12.45-e1788254939346.jpeg\",\"contentUrl\":\"https:\\\/\\\/vasasbasket.hu\\\/wp-content\\\/uploads\\\/2026\\\/09\\\/WhatsApp-Image-2026-09-01-at-11.12.45-e1788254939346.jpeg\",\"width\":739,\"height\":483},{\"@type\":\"BreadcrumbList\",\"@id\":\"https:\\\/\\\/vasasbasket.hu\\\/index.php\\\/fiatal-tehetseges-jatekos-erkezik-a-bajnokcsapatbol\\\/#breadcrumb\",\"itemListElement\":[{\"@type\":\"ListItem\",\"position\":1,\"name\":\"Kezd\u0151lap\",\"item\":\"https:\\\/\\\/vasasbasket.hu\\\/\"},{\"@type\":\"ListItem\",\"position\":2,\"name\":\"Fiatal, tehets\u00e9ges j\u00e1t\u00e9kos \u00e9rkezik a bajnokcsapatb\u00f3l\"}]},{\"@type\":\"WebSite\",\"@id\":\"https:\\\/\\\/vasasbasket.hu\\\/#website\",\"url\":\"https:\\\/\\\/vasasbasket.hu\\\/\",\"name\":\"Vasas n\u0151i kos\u00e1rlabda\",\"description\":\"Vasas Basket N\u0151i\",\"publisher\":{\"@id\":\"https:\\\/\\\/vasasbasket.hu\\\/#organization\"},\"potentialAction\":[{\"@type\":\"SearchAction\",\"target\":{\"@type\":\"EntryPoint\",\"urlTemplate\":\"https:\\\/\\\/vasasbasket.hu\\\/?s={search_term_string}\"},\"query-input\":{\"@type\":\"PropertyValueSpecification\",\"valueRequired\":true,\"valueName\":\"search_term_string\"}}],\"inLanguage\":\"hu\"},{\"@type\":\"Organization\",\"@id\":\"https:\\\/\\\/vasasbasket.hu\\\/#organization\",\"name\":\"Vasas n\u0151i kos\u00e1rlabda\",\"url\":\"https:\\\/\\\/vasasbasket.hu\\\/\",\"logo\":{\"@type\":\"ImageObject\",\"inLanguage\":\"hu\",\"@id\":\"https:\\\/\\\/vasasbasket.hu\\\/#\\\/schema\\\/logo\\\/image\\\/\",\"url\":\"https:\\\/\\\/vasasbasket.hu\\\/wp-content\\\/uploads\\\/2017\\\/03\\\/vasas_cimer_1200.jpg\",\"contentUrl\":\"https:\\\/\\\/vasasbasket.hu\\\/wp-content\\\/uploads\\\/2017\\\/03\\\/vasas_cimer_1200.jpg\",\"width\":1200,\"height\":1200,\"caption\":\"Vasas n\u0151i kos\u00e1rlabda\"},\"image\":{\"@id\":\"https:\\\/\\\/vasasbasket.hu\\\/#\\\/schema\\\/logo\\\/image\\\/\"},\"sameAs\":[\"https:\\\/\\\/www.facebook.com\\\/vasaswbasket\\\/\"]},{\"@type\":\"Person\",\"@id\":\"https:\\\/\\\/vasasbasket.hu\\\/#\\\/schema\\\/person\\\/cce3d40284d729c98742af771668678b\",\"name\":\"Staszelis Rafal\",\"image\":{\"@type\":\"ImageObject\",\"inLanguage\":\"hu\",\"@id\":\"https:\\\/\\\/secure.gravatar.com\\\/avatar\\\/dd648a2eae6e2ec122d87922ad625d8e10c16f8a8b4c7ab41bd9614806a230bb?s=96&d=mm&r=g\",\"url\":\"https:\\\/\\\/secure.gravatar.com\\\/avatar\\\/dd648a2eae6e2ec122d87922ad625d8e10c16f8a8b4c7ab41bd9614806a230bb?s=96&d=mm&r=g\",\"contentUrl\":\"https:\\\/\\\/secure.gravatar.com\\\/avatar\\\/dd648a2eae6e2ec122d87922ad625d8e10c16f8a8b4c7ab41bd9614806a230bb?s=96&d=mm&r=g\",\"caption\":\"Staszelis Rafal\"},\"url\":\"https:\\\/\\\/vasasbasket.hu\\\/index.php\\\/author\\\/rafi\\\/\"}]}<\/script>\n<!-- \/ Yoast SEO plugin. -->","yoast_head_json":{"title":"Fiatal, tehets\u00e9ges j\u00e1t\u00e9kos \u00e9rkezik a bajnokcsapatb\u00f3l - Vasas n\u0151i kos\u00e1rlabda","robots":{"index":"index","follow":"follow","max-snippet":"max-snippet:-1","max-image-preview":"max-image-preview:large","max-video-preview":"max-video-preview:-1"},"canonical":"https:\/\/vasasbasket.hu\/index.php\/fiatal-tehetseges-jatekos-erkezik-a-bajnokcsapatbol\/","og_locale":"hu_HU","og_type":"article","og_title":"Fiatal, tehets\u00e9ges j\u00e1t\u00e9kos \u00e9rkezik a bajnokcsapatb\u00f3l - Vasas n\u0151i kos\u00e1rlabda","og_description":"K\u00e1d\u00e1r Orsi hazat\u00e9r\u00e9se mellett egy U20-as koroszt\u00e1ly\u00fa j\u00e1t\u00e9kossal er\u0151s\u00edtett feln\u0151tt csapatunk. H\u0151gye Petra a tavalyi bajnok NKA Universitas P\u00e9cs egy\u00fcttes\u00e9b\u0151l \u00e9rkezik a tov\u00e1bbi egy\u00e9ni fejl\u0151d\u00e9s \u00e9rdek\u00e9ben. H\u0151gye Petra eg\u00e9szen kor\u00e1n, m\u00e1sodikos kor\u00e1ban kezdett el kos\u00e1rlabd\u00e1zni, k\u00e9s\u0151bbi csapat\u00e1nak v\u00e1rosi riv\u00e1lis\u00e1n\u00e1l, a PVSK-n\u00e1l. B\u00e1r eleinte az atl\u00e9tika vil\u00e1ga is vonzotta, egy kiv\u00e1laszt\u00f3 program keretein bel\u00fcl labda ker\u00fclt...","og_url":"https:\/\/vasasbasket.hu\/index.php\/fiatal-tehetseges-jatekos-erkezik-a-bajnokcsapatbol\/","og_site_name":"Vasas n\u0151i kos\u00e1rlabda","article_publisher":"https:\/\/www.facebook.com\/vasaswbasket\/","article_published_time":"2026-09-01T09:38:03+00:00","article_modified_time":"2026-09-01T09:39:10+00:00","og_image":[{"width":739,"height":483,"url":"https:\/\/vasasbasket.hu\/wp-content\/uploads\/2026\/09\/WhatsApp-Image-2026-09-01-at-11.12.45-e1788254939346.jpeg","type":"image\/jpeg"}],"author":"Staszelis Rafal","twitter_card":"summary_large_image","twitter_misc":{"Szerz\u0151:":"Staszelis Rafal","Becs\u00fclt olvas\u00e1si id\u0151":"3 perc"},"schema":{"@context":"https:\/\/schema.org","@graph":[{"@type":"Article","@id":"https:\/\/vasasbasket.hu\/index.php\/fiatal-tehetseges-jatekos-erkezik-a-bajnokcsapatbol\/#article","isPartOf":{"@id":"https:\/\/vasasbasket.hu\/index.php\/fiatal-tehetseges-jatekos-erkezik-a-bajnokcsapatbol\/"},"author":{"name":"Staszelis Rafal","@id":"https:\/\/vasasbasket.hu\/#\/schema\/person\/cce3d40284d729c98742af771668678b"},"headline":"Fiatal, tehets\u00e9ges j\u00e1t\u00e9kos \u00e9rkezik a bajnokcsapatb\u00f3l","datePublished":"2026-09-01T09:38:03+00:00","dateModified":"2026-09-01T09:39:10+00:00","mainEntityOfPage":{"@id":"https:\/\/vasasbasket.hu\/index.php\/fiatal-tehetseges-jatekos-erkezik-a-bajnokcsapatbol\/"},"wordCount":850,"publisher":{"@id":"https:\/\/vasasbasket.hu\/#organization"},"image":{"@id":"https:\/\/vasasbasket.hu\/index.php\/fiatal-tehetseges-jatekos-erkezik-a-bajnokcsapatbol\/#primaryimage"},"thumbnailUrl":"https:\/\/vasasbasket.hu\/wp-content\/uploads\/2026\/09\/WhatsApp-Image-2026-09-01-at-11.12.45-e1788254939346.jpeg","articleSection":["NB1\/A","\u00d6sszes H\u00edr"],"inLanguage":"hu"},{"@type":"WebPage","@id":"https:\/\/vasasbasket.hu\/index.php\/fiatal-tehetseges-jatekos-erkezik-a-bajnokcsapatbol\/","url":"https:\/\/vasasbasket.hu\/index.php\/fiatal-tehetseges-jatekos-erkezik-a-bajnokcsapatbol\/","name":"Fiatal, tehets\u00e9ges j\u00e1t\u00e9kos \u00e9rkezik a bajnokcsapatb\u00f3l - Vasas n\u0151i kos\u00e1rlabda","isPartOf":{"@id":"https:\/\/vasasbasket.hu\/#website"},"primaryImageOfPage":{"@id":"https:\/\/vasasbasket.hu\/index.php\/fiatal-tehetseges-jatekos-erkezik-a-bajnokcsapatbol\/#primaryimage"},"image":{"@id":"https:\/\/vasasbasket.hu\/index.php\/fiatal-tehetseges-jatekos-erkezik-a-bajnokcsapatbol\/#primaryimage"},"thumbnailUrl":"https:\/\/vasasbasket.hu\/wp-content\/uploads\/2026\/09\/WhatsApp-Image-2026-09-01-at-11.12.45-e1788254939346.jpeg","datePublished":"2026-09-01T09:38:03+00:00","dateModified":"2026-09-01T09:39:10+00:00","breadcrumb":{"@id":"https:\/\/vasasbasket.hu\/index.php\/fiatal-tehetseges-jatekos-erkezik-a-bajnokcsapatbol\/#breadcrumb"},"inLanguage":"hu","potentialAction":[{"@type":"ReadAction","target":["https:\/\/vasasbasket.hu\/index.php\/fiatal-tehetseges-jatekos-erkezik-a-bajnokcsapatbol\/"]}]},{"@type":"ImageObject","inLanguage":"hu","@id":"https:\/\/vasasbasket.hu\/index.php\/fiatal-tehetseges-jatekos-erkezik-a-bajnokcsapatbol\/#primaryimage","url":"https:\/\/vasasbasket.hu\/wp-content\/uploads\/2026\/09\/WhatsApp-Image-2026-09-01-at-11.12.45-e1788254939346.jpeg","contentUrl":"https:\/\/vasasbasket.hu\/wp-content\/uploads\/2026\/09\/WhatsApp-Image-2026-09-01-at-11.12.45-e1788254939346.jpeg","width":739,"height":483},{"@type":"BreadcrumbList","@id":"https:\/\/vasasbasket.hu\/index.php\/fiatal-tehetseges-jatekos-erkezik-a-bajnokcsapatbol\/#breadcrumb","itemListElement":[{"@type":"ListItem","position":1,"name":"Kezd\u0151lap","item":"https:\/\/vasasbasket.hu\/"},{"@type":"ListItem","position":2,"name":"Fiatal, tehets\u00e9ges j\u00e1t\u00e9kos \u00e9rkezik a bajnokcsapatb\u00f3l"}]},{"@type":"WebSite","@id":"https:\/\/vasasbasket.hu\/#website","url":"https:\/\/vasasbasket.hu\/","name":"Vasas n\u0151i kos\u00e1rlabda","description":"Vasas Basket N\u0151i","publisher":{"@id":"https:\/\/vasasbasket.hu\/#organization"},"potentialAction":[{"@type":"SearchAction","target":{"@type":"EntryPoint","urlTemplate":"https:\/\/vasasbasket.hu\/?s={search_term_string}"},"query-input":{"@type":"PropertyValueSpecification","valueRequired":true,"valueName":"search_term_string"}}],"inLanguage":"hu"},{"@type":"Organization","@id":"https:\/\/vasasbasket.hu\/#organization","name":"Vasas n\u0151i kos\u00e1rlabda","url":"https:\/\/vasasbasket.hu\/","logo":{"@type":"ImageObject","inLanguage":"hu","@id":"https:\/\/vasasbasket.hu\/#\/schema\/logo\/image\/","url":"https:\/\/vasasbasket.hu\/wp-content\/uploads\/2017\/03\/vasas_cimer_1200.jpg","contentUrl":"https:\/\/vasasbasket.hu\/wp-content\/uploads\/2017\/03\/vasas_cimer_1200.jpg","width":1200,"height":1200,"caption":"Vasas n\u0151i kos\u00e1rlabda"},"image":{"@id":"https:\/\/vasasbasket.hu\/#\/schema\/logo\/image\/"},"sameAs":["https:\/\/www.facebook.com\/vasaswbasket\/"]},{"@type":"Person","@id":"https:\/\/vasasbasket.hu\/#\/schema\/person\/cce3d40284d729c98742af771668678b","name":"Staszelis Rafal","image":{"@type":"ImageObject","inLanguage":"hu","@id":"https:\/\/secure.gravatar.com\/avatar\/dd648a2eae6e2ec122d87922ad625d8e10c16f8a8b4c7ab41bd9614806a230bb?s=96&d=mm&r=g","url":"https:\/\/secure.gravatar.com\/avatar\/dd648a2eae6e2ec122d87922ad625d8e10c16f8a8b4c7ab41bd9614806a230bb?s=96&d=mm&r=g","contentUrl":"https:\/\/secure.gravatar.com\/avatar\/dd648a2eae6e2ec122d87922ad625d8e10c16f8a8b4c7ab41bd9614806a230bb?s=96&d=mm&r=g","caption":"Staszelis Rafal"},"url":"https:\/\/vasasbasket.hu\/index.php\/author\/rafi\/"}]}},"_links":{"self":[{"href":"https:\/\/vasasbasket.hu\/index.php\/wp-json\/wp\/v2\/posts\/16898","targetHints":{"allow":["GET"]}}],"collection":[{"href":"https:\/\/vasasbasket.hu\/index.php\/wp-json\/wp\/v2\/posts"}],"about":[{"href":"https:\/\/vasasbasket.hu\/index.php\/wp-json\/wp\/v2\/types\/post"}],"author":[{"embeddable":true,"href":"https:\/\/vasasbasket.hu\/index.php\/wp-json\/wp\/v2\/users\/3"}],"replies":[{"embeddable":true,"href":"https:\/\/vasasbasket.hu\/index.php\/wp-json\/wp\/v2\/comments?post=16898"}],"version-history":[{"count":2,"href":"https:\/\/vasasbasket.hu\/index.php\/wp-json\/wp\/v2\/posts\/16898\/revisions"}],"predecessor-version":[{"id":16906,"href":"https:\/\/vasasbasket.hu\/index.php\/wp-json\/wp\/v2\/posts\/16898\/revisions\/16906"}],"wp:featuredmedia":[{"embeddable":true,"href":"https:\/\/vasasbasket.hu\/index.php\/wp-json\/wp\/v2\/media\/16901"}],"wp:attachment":[{"href":"https:\/\/vasasbasket.hu\/index.php\/wp-json\/wp\/v2\/media?parent=16898"}],"wp:term":[{"taxonomy":"category","embeddable":true,"href":"https:\/\/vasasbasket.hu\/index.php\/wp-json\/wp\/v2\/categories?post=16898"},{"taxonomy":"post_tag","embeddable":true,"href":"https:\/\/vasasbasket.hu\/index.php\/wp-json\/wp\/v2\/tags?post=16898"}],"curies":[{"name":"wp","href":"https:\/\/api.w.org\/{rel}","templated":true}]}}