{"id":16713,"date":"2026-05-01T19:27:26","date_gmt":"2026-05-01T19:27:26","guid":{"rendered":"https:\/\/vasasbasket.hu\/?p=16713"},"modified":"2026-05-01T19:27:26","modified_gmt":"2026-05-01T19:27:26","slug":"utoljara-telhet-meg-a-pasareti-lelato-az-idei-szezonban-2","status":"publish","type":"post","link":"https:\/\/vasasbasket.hu\/index.php\/utoljara-telhet-meg-a-pasareti-lelato-az-idei-szezonban-2\/","title":{"rendered":"Utolj\u00e1ra telhet meg a Pasar\u00e9ti lel\u00e1t\u00f3 az idei szezonban."},"content":{"rendered":"<p><strong>Szombaton rendezik a N\u0151i NBI\/A bajnoks\u00e1g 7. hely\u00e9rt foly\u00f3 p\u00e1rharc\u00e1nak m\u00e1sodik m\u00e9rk\u0151z\u00e9s\u00e9t, a Vasas Akad\u00e9mia a TARR KSC Szeksz\u00e1rd egy\u00fcttes\u00e9t fogadja. Idegenben nem tudtuk meglepni a szeksz\u00e1rdiakat, az \u00f6sszecsap\u00e1snak azonban m\u00e9g nincs v\u00e9ge. Biztosak lehet\u00fcnk benne, hogy Nenad Markovic tan\u00edtv\u00e1nyai mindent megtesznek majd, hogy gy\u0151zelemmel b\u00facs\u00fazzanak a hazai k\u00f6z\u00f6ns\u00e9gt\u0151l, ami egyben egy harmadik m\u00e9rk\u0151z\u00e9st is eredm\u00e9nyezne.<\/strong><\/p>\n<p>Hull\u00e1mz\u00f3 m\u00e9rk\u0151z\u00e9st j\u00e1tszottak l\u00e1nyaink szerd\u00e1n Szeksz\u00e1rdon, m\u00e1r az els\u0151 percekben komoly g\u00f6d\u00f6rbe ker\u00fclt\u00fcnk, amit ki is haszn\u00e1lt ellenfel\u00fcnk egy 10-0-s rohammal. Voltak j\u00f3 peri\u00f3dusai is a tal\u00e1lkoz\u00f3nak, ahol hat\u00e1rozottan feljavult a j\u00e1t\u00e9kunk \u00e9s z\u00e1rk\u00f3zni is tudtunk, azonban sajnos ez nem volt el\u00e9g ahhoz, hogy izgalmass\u00e1 tegy\u00fck a v\u00e9gj\u00e1t\u00e9kot. Vezet\u0151edz\u0151nk a feldob\u00e1st\u00f3l b\u0151 rot\u00e1ci\u00f3val j\u00e1tszott, lehet\u0151s\u00e9get adva a fiataloknak, Kendel\u00e9nyi Lulu \u00e9s Szoboszlai Laura is a kezd\u0151 \u00f6t\u00f6sben kapott helyet. Mindketten tizenhat percn\u00e9l t\u00f6bbet t\u00f6lt\u00f6ttek p\u00e1ly\u00e1n, de K\u00e1rp\u00e1thegyi L\u00e9da \u00e9s Mayr Lara is b\u0151ven kapott id\u0151t a bizony\u00edt\u00e1sra. Nagyon k\u00f6zel van m\u00e1r a szezon v\u00e9ge, maximum k\u00e9t alkalommal kell m\u00e9g mezt h\u00faznia feln\u0151tt csapatunknak, hogy \u00fatra kel\u00fcnk e m\u00e9g egyszer Szeksz\u00e1rdra, az a szombati eredm\u00e9nyt\u0151l f\u00fcgg. Ellenfel\u00fcnk nem tervez a harmadik m\u00e9rk\u0151z\u00e9ssel, Pasar\u00e9ten igyekszik lez\u00e1rni a p\u00e1rharcot \u00e9s a bajnoki id\u00e9nyt.<\/p>\n<p>Arra t\u00f6reksz\u00fcnk, hogy jobb m\u00e9rk\u0151z\u00e9st j\u00e1tszunk szombaton, mint a szerdai, \u00e9s visszavigy\u00fck a p\u00e1rharcot Szeksz\u00e1rdra egy harmadik meccsre. Ehhez sz\u00fcks\u00e9ges, hogy koncentr\u00e1ltabb \u00e9s f\u00f3kusz\u00e1ltabb j\u00e1t\u00e9kot mutassunk m\u00e1r az els\u0151 perct\u0151l, nem adhatunk ekkora el\u0151nyt. Szeretn\u00e9nk a legjobb arcunkat mutatni a szezon utols\u00f3 hazai meccs\u00e9n &#8211; nyilatkozott a Vasas Akad\u00e9mia vezet\u0151edz\u0151je, Nenad Markovic.<\/p>\n<p>A teljes m\u00e9rk\u0151z\u00e9s el\u0151tti nyilatkozatot <strong><a href=\"https:\/\/www.youtube.com\/watch?v=meh8sfS6DJg\">itt lehet<\/a><\/strong> megtekinteni.<\/p>\n<p>A Vasas Akad\u00e9mia \u2013 TARR KSC Szeksz\u00e1rd m\u00e9rk\u0151z\u00e9s szombaton 18:00-kor kezd\u0151dik a Pasar\u00e9ti Sportcentrumban.<\/p>\n<p>T\u00f6lts\u00fck meg egy\u00fctt a lel\u00e1t\u00f3t, \u00e9s szurkoljunk a szezon sor\u00e1n utolj\u00e1ra l\u00e1nyainknak. A m\u00e9rk\u0151z\u00e9st az eddig megszokott m\u00f3don a <a href=\"https:\/\/www.hunbasket.tv\/\"><strong>hunbasket.tv<\/strong><\/a> \u00e9l\u0151ben k\u00f6zvet\u00edti.<\/p>\n","protected":false},"excerpt":{"rendered":"<p>Szombaton rendezik a N\u0151i NBI\/A bajnoks\u00e1g 7. hely\u00e9rt foly\u00f3 p\u00e1rharc\u00e1nak m\u00e1sodik m\u00e9rk\u0151z\u00e9s\u00e9t, a Vasas Akad\u00e9mia a TARR KSC Szeksz\u00e1rd egy\u00fcttes\u00e9t fogadja. Idegenben nem tudtuk meglepni a szeksz\u00e1rdiakat, az \u00f6sszecsap\u00e1snak azonban m\u00e9g nincs v\u00e9ge. Biztosak lehet\u00fcnk benne, hogy Nenad Markovic tan\u00edtv\u00e1nyai mindent megtesznek majd, hogy gy\u0151zelemmel b\u00facs\u00fazzanak a hazai k\u00f6z\u00f6ns\u00e9gt\u0151l, ami egyben egy harmadik m\u00e9rk\u0151z\u00e9st is&#8230;<\/p>\n","protected":false},"author":3,"featured_media":16667,"comment_status":"closed","ping_status":"closed","sticky":false,"template":"","format":"standard","meta":{"footnotes":""},"categories":[49,92],"tags":[],"class_list":["post-16713","post","type-post","status-publish","format-standard","has-post-thumbnail","hentry","category-nb1","category-hirek"],"yoast_head":"<!-- This site is optimized with the Yoast SEO plugin v26.0 - https:\/\/yoast.com\/wordpress\/plugins\/seo\/ -->\n<title>Utolj\u00e1ra telhet meg a Pasar\u00e9ti lel\u00e1t\u00f3 az idei szezonban. - Vasas n\u0151i kos\u00e1rlabda<\/title>\n<meta name=\"robots\" content=\"index, follow, max-snippet:-1, max-image-preview:large, max-video-preview:-1\" \/>\n<link rel=\"canonical\" href=\"https:\/\/vasasbasket.hu\/index.php\/utoljara-telhet-meg-a-pasareti-lelato-az-idei-szezonban-2\/\" \/>\n<meta property=\"og:locale\" content=\"hu_HU\" \/>\n<meta property=\"og:type\" content=\"article\" \/>\n<meta property=\"og:title\" content=\"Utolj\u00e1ra telhet meg a Pasar\u00e9ti lel\u00e1t\u00f3 az idei szezonban. - Vasas n\u0151i kos\u00e1rlabda\" \/>\n<meta property=\"og:description\" content=\"Szombaton rendezik a N\u0151i NBI\/A bajnoks\u00e1g 7. hely\u00e9rt foly\u00f3 p\u00e1rharc\u00e1nak m\u00e1sodik m\u00e9rk\u0151z\u00e9s\u00e9t, a Vasas Akad\u00e9mia a TARR KSC Szeksz\u00e1rd egy\u00fcttes\u00e9t fogadja. Idegenben nem tudtuk meglepni a szeksz\u00e1rdiakat, az \u00f6sszecsap\u00e1snak azonban m\u00e9g nincs v\u00e9ge. Biztosak lehet\u00fcnk benne, hogy Nenad Markovic tan\u00edtv\u00e1nyai mindent megtesznek majd, hogy gy\u0151zelemmel b\u00facs\u00fazzanak a hazai k\u00f6z\u00f6ns\u00e9gt\u0151l, ami egyben egy harmadik m\u00e9rk\u0151z\u00e9st is...\" \/>\n<meta property=\"og:url\" content=\"https:\/\/vasasbasket.hu\/index.php\/utoljara-telhet-meg-a-pasareti-lelato-az-idei-szezonban-2\/\" \/>\n<meta property=\"og:site_name\" content=\"Vasas n\u0151i kos\u00e1rlabda\" \/>\n<meta property=\"article:publisher\" content=\"https:\/\/www.facebook.com\/vasaswbasket\/\" \/>\n<meta property=\"article:published_time\" content=\"2026-05-01T19:27:26+00:00\" \/>\n<meta property=\"og:image\" content=\"https:\/\/vasasbasket.hu\/wp-content\/uploads\/2026\/04\/20260221_IF_004-1024x682.jpg\" \/>\n\t<meta property=\"og:image:width\" content=\"1024\" \/>\n\t<meta property=\"og:image:height\" content=\"682\" \/>\n\t<meta property=\"og:image:type\" content=\"image\/jpeg\" \/>\n<meta name=\"author\" content=\"Staszelis Rafal\" \/>\n<meta name=\"twitter:card\" content=\"summary_large_image\" \/>\n<meta name=\"twitter:label1\" content=\"Szerz\u0151:\" \/>\n\t<meta name=\"twitter:data1\" content=\"Staszelis Rafal\" \/>\n\t<meta name=\"twitter:label2\" content=\"Becs\u00fclt olvas\u00e1si id\u0151\" \/>\n\t<meta name=\"twitter:data2\" content=\"2 perc\" \/>\n<script type=\"application\/ld+json\" class=\"yoast-schema-graph\">{\"@context\":\"https:\/\/schema.org\",\"@graph\":[{\"@type\":\"Article\",\"@id\":\"https:\/\/vasasbasket.hu\/index.php\/utoljara-telhet-meg-a-pasareti-lelato-az-idei-szezonban-2\/#article\",\"isPartOf\":{\"@id\":\"https:\/\/vasasbasket.hu\/index.php\/utoljara-telhet-meg-a-pasareti-lelato-az-idei-szezonban-2\/\"},\"author\":{\"name\":\"Staszelis Rafal\",\"@id\":\"https:\/\/vasasbasket.hu\/#\/schema\/person\/cce3d40284d729c98742af771668678b\"},\"headline\":\"Utolj\u00e1ra telhet meg a Pasar\u00e9ti lel\u00e1t\u00f3 az idei szezonban.\",\"datePublished\":\"2026-05-01T19:27:26+00:00\",\"mainEntityOfPage\":{\"@id\":\"https:\/\/vasasbasket.hu\/index.php\/utoljara-telhet-meg-a-pasareti-lelato-az-idei-szezonban-2\/\"},\"wordCount\":450,\"publisher\":{\"@id\":\"https:\/\/vasasbasket.hu\/#organization\"},\"image\":{\"@id\":\"https:\/\/vasasbasket.hu\/index.php\/utoljara-telhet-meg-a-pasareti-lelato-az-idei-szezonban-2\/#primaryimage\"},\"thumbnailUrl\":\"https:\/\/vasasbasket.hu\/wp-content\/uploads\/2026\/04\/20260221_IF_004.jpg\",\"articleSection\":[\"NB1\/A\",\"\u00d6sszes H\u00edr\"],\"inLanguage\":\"hu\"},{\"@type\":\"WebPage\",\"@id\":\"https:\/\/vasasbasket.hu\/index.php\/utoljara-telhet-meg-a-pasareti-lelato-az-idei-szezonban-2\/\",\"url\":\"https:\/\/vasasbasket.hu\/index.php\/utoljara-telhet-meg-a-pasareti-lelato-az-idei-szezonban-2\/\",\"name\":\"Utolj\u00e1ra telhet meg a Pasar\u00e9ti lel\u00e1t\u00f3 az idei szezonban. - Vasas n\u0151i kos\u00e1rlabda\",\"isPartOf\":{\"@id\":\"https:\/\/vasasbasket.hu\/#website\"},\"primaryImageOfPage\":{\"@id\":\"https:\/\/vasasbasket.hu\/index.php\/utoljara-telhet-meg-a-pasareti-lelato-az-idei-szezonban-2\/#primaryimage\"},\"image\":{\"@id\":\"https:\/\/vasasbasket.hu\/index.php\/utoljara-telhet-meg-a-pasareti-lelato-az-idei-szezonban-2\/#primaryimage\"},\"thumbnailUrl\":\"https:\/\/vasasbasket.hu\/wp-content\/uploads\/2026\/04\/20260221_IF_004.jpg\",\"datePublished\":\"2026-05-01T19:27:26+00:00\",\"breadcrumb\":{\"@id\":\"https:\/\/vasasbasket.hu\/index.php\/utoljara-telhet-meg-a-pasareti-lelato-az-idei-szezonban-2\/#breadcrumb\"},\"inLanguage\":\"hu\",\"potentialAction\":[{\"@type\":\"ReadAction\",\"target\":[\"https:\/\/vasasbasket.hu\/index.php\/utoljara-telhet-meg-a-pasareti-lelato-az-idei-szezonban-2\/\"]}]},{\"@type\":\"ImageObject\",\"inLanguage\":\"hu\",\"@id\":\"https:\/\/vasasbasket.hu\/index.php\/utoljara-telhet-meg-a-pasareti-lelato-az-idei-szezonban-2\/#primaryimage\",\"url\":\"https:\/\/vasasbasket.hu\/wp-content\/uploads\/2026\/04\/20260221_IF_004.jpg\",\"contentUrl\":\"https:\/\/vasasbasket.hu\/wp-content\/uploads\/2026\/04\/20260221_IF_004.jpg\",\"width\":2500,\"height\":1666},{\"@type\":\"BreadcrumbList\",\"@id\":\"https:\/\/vasasbasket.hu\/index.php\/utoljara-telhet-meg-a-pasareti-lelato-az-idei-szezonban-2\/#breadcrumb\",\"itemListElement\":[{\"@type\":\"ListItem\",\"position\":1,\"name\":\"Kezd\u0151lap\",\"item\":\"https:\/\/vasasbasket.hu\/\"},{\"@type\":\"ListItem\",\"position\":2,\"name\":\"Utolj\u00e1ra telhet meg a Pasar\u00e9ti lel\u00e1t\u00f3 az idei szezonban.\"}]},{\"@type\":\"WebSite\",\"@id\":\"https:\/\/vasasbasket.hu\/#website\",\"url\":\"https:\/\/vasasbasket.hu\/\",\"name\":\"Vasas n\u0151i kos\u00e1rlabda\",\"description\":\"Vasas Basket N\u0151i\",\"publisher\":{\"@id\":\"https:\/\/vasasbasket.hu\/#organization\"},\"potentialAction\":[{\"@type\":\"SearchAction\",\"target\":{\"@type\":\"EntryPoint\",\"urlTemplate\":\"https:\/\/vasasbasket.hu\/?s={search_term_string}\"},\"query-input\":{\"@type\":\"PropertyValueSpecification\",\"valueRequired\":true,\"valueName\":\"search_term_string\"}}],\"inLanguage\":\"hu\"},{\"@type\":\"Organization\",\"@id\":\"https:\/\/vasasbasket.hu\/#organization\",\"name\":\"Vasas n\u0151i kos\u00e1rlabda\",\"url\":\"https:\/\/vasasbasket.hu\/\",\"logo\":{\"@type\":\"ImageObject\",\"inLanguage\":\"hu\",\"@id\":\"https:\/\/vasasbasket.hu\/#\/schema\/logo\/image\/\",\"url\":\"https:\/\/vasasbasket.hu\/wp-content\/uploads\/2017\/03\/vasas_cimer_1200.jpg\",\"contentUrl\":\"https:\/\/vasasbasket.hu\/wp-content\/uploads\/2017\/03\/vasas_cimer_1200.jpg\",\"width\":1200,\"height\":1200,\"caption\":\"Vasas n\u0151i kos\u00e1rlabda\"},\"image\":{\"@id\":\"https:\/\/vasasbasket.hu\/#\/schema\/logo\/image\/\"},\"sameAs\":[\"https:\/\/www.facebook.com\/vasaswbasket\/\"]},{\"@type\":\"Person\",\"@id\":\"https:\/\/vasasbasket.hu\/#\/schema\/person\/cce3d40284d729c98742af771668678b\",\"name\":\"Staszelis Rafal\",\"image\":{\"@type\":\"ImageObject\",\"inLanguage\":\"hu\",\"@id\":\"https:\/\/vasasbasket.hu\/#\/schema\/person\/image\/\",\"url\":\"https:\/\/secure.gravatar.com\/avatar\/dd648a2eae6e2ec122d87922ad625d8e10c16f8a8b4c7ab41bd9614806a230bb?s=96&d=mm&r=g\",\"contentUrl\":\"https:\/\/secure.gravatar.com\/avatar\/dd648a2eae6e2ec122d87922ad625d8e10c16f8a8b4c7ab41bd9614806a230bb?s=96&d=mm&r=g\",\"caption\":\"Staszelis Rafal\"},\"url\":\"https:\/\/vasasbasket.hu\/index.php\/author\/rafi\/\"}]}<\/script>\n<!-- \/ Yoast SEO plugin. -->","yoast_head_json":{"title":"Utolj\u00e1ra telhet meg a Pasar\u00e9ti lel\u00e1t\u00f3 az idei szezonban. - Vasas n\u0151i kos\u00e1rlabda","robots":{"index":"index","follow":"follow","max-snippet":"max-snippet:-1","max-image-preview":"max-image-preview:large","max-video-preview":"max-video-preview:-1"},"canonical":"https:\/\/vasasbasket.hu\/index.php\/utoljara-telhet-meg-a-pasareti-lelato-az-idei-szezonban-2\/","og_locale":"hu_HU","og_type":"article","og_title":"Utolj\u00e1ra telhet meg a Pasar\u00e9ti lel\u00e1t\u00f3 az idei szezonban. - Vasas n\u0151i kos\u00e1rlabda","og_description":"Szombaton rendezik a N\u0151i NBI\/A bajnoks\u00e1g 7. hely\u00e9rt foly\u00f3 p\u00e1rharc\u00e1nak m\u00e1sodik m\u00e9rk\u0151z\u00e9s\u00e9t, a Vasas Akad\u00e9mia a TARR KSC Szeksz\u00e1rd egy\u00fcttes\u00e9t fogadja. Idegenben nem tudtuk meglepni a szeksz\u00e1rdiakat, az \u00f6sszecsap\u00e1snak azonban m\u00e9g nincs v\u00e9ge. Biztosak lehet\u00fcnk benne, hogy Nenad Markovic tan\u00edtv\u00e1nyai mindent megtesznek majd, hogy gy\u0151zelemmel b\u00facs\u00fazzanak a hazai k\u00f6z\u00f6ns\u00e9gt\u0151l, ami egyben egy harmadik m\u00e9rk\u0151z\u00e9st is...","og_url":"https:\/\/vasasbasket.hu\/index.php\/utoljara-telhet-meg-a-pasareti-lelato-az-idei-szezonban-2\/","og_site_name":"Vasas n\u0151i kos\u00e1rlabda","article_publisher":"https:\/\/www.facebook.com\/vasaswbasket\/","article_published_time":"2026-05-01T19:27:26+00:00","og_image":[{"width":1024,"height":682,"url":"https:\/\/vasasbasket.hu\/wp-content\/uploads\/2026\/04\/20260221_IF_004-1024x682.jpg","type":"image\/jpeg"}],"author":"Staszelis Rafal","twitter_card":"summary_large_image","twitter_misc":{"Szerz\u0151:":"Staszelis Rafal","Becs\u00fclt olvas\u00e1si id\u0151":"2 perc"},"schema":{"@context":"https:\/\/schema.org","@graph":[{"@type":"Article","@id":"https:\/\/vasasbasket.hu\/index.php\/utoljara-telhet-meg-a-pasareti-lelato-az-idei-szezonban-2\/#article","isPartOf":{"@id":"https:\/\/vasasbasket.hu\/index.php\/utoljara-telhet-meg-a-pasareti-lelato-az-idei-szezonban-2\/"},"author":{"name":"Staszelis Rafal","@id":"https:\/\/vasasbasket.hu\/#\/schema\/person\/cce3d40284d729c98742af771668678b"},"headline":"Utolj\u00e1ra telhet meg a Pasar\u00e9ti lel\u00e1t\u00f3 az idei szezonban.","datePublished":"2026-05-01T19:27:26+00:00","mainEntityOfPage":{"@id":"https:\/\/vasasbasket.hu\/index.php\/utoljara-telhet-meg-a-pasareti-lelato-az-idei-szezonban-2\/"},"wordCount":450,"publisher":{"@id":"https:\/\/vasasbasket.hu\/#organization"},"image":{"@id":"https:\/\/vasasbasket.hu\/index.php\/utoljara-telhet-meg-a-pasareti-lelato-az-idei-szezonban-2\/#primaryimage"},"thumbnailUrl":"https:\/\/vasasbasket.hu\/wp-content\/uploads\/2026\/04\/20260221_IF_004.jpg","articleSection":["NB1\/A","\u00d6sszes H\u00edr"],"inLanguage":"hu"},{"@type":"WebPage","@id":"https:\/\/vasasbasket.hu\/index.php\/utoljara-telhet-meg-a-pasareti-lelato-az-idei-szezonban-2\/","url":"https:\/\/vasasbasket.hu\/index.php\/utoljara-telhet-meg-a-pasareti-lelato-az-idei-szezonban-2\/","name":"Utolj\u00e1ra telhet meg a Pasar\u00e9ti lel\u00e1t\u00f3 az idei szezonban. - Vasas n\u0151i kos\u00e1rlabda","isPartOf":{"@id":"https:\/\/vasasbasket.hu\/#website"},"primaryImageOfPage":{"@id":"https:\/\/vasasbasket.hu\/index.php\/utoljara-telhet-meg-a-pasareti-lelato-az-idei-szezonban-2\/#primaryimage"},"image":{"@id":"https:\/\/vasasbasket.hu\/index.php\/utoljara-telhet-meg-a-pasareti-lelato-az-idei-szezonban-2\/#primaryimage"},"thumbnailUrl":"https:\/\/vasasbasket.hu\/wp-content\/uploads\/2026\/04\/20260221_IF_004.jpg","datePublished":"2026-05-01T19:27:26+00:00","breadcrumb":{"@id":"https:\/\/vasasbasket.hu\/index.php\/utoljara-telhet-meg-a-pasareti-lelato-az-idei-szezonban-2\/#breadcrumb"},"inLanguage":"hu","potentialAction":[{"@type":"ReadAction","target":["https:\/\/vasasbasket.hu\/index.php\/utoljara-telhet-meg-a-pasareti-lelato-az-idei-szezonban-2\/"]}]},{"@type":"ImageObject","inLanguage":"hu","@id":"https:\/\/vasasbasket.hu\/index.php\/utoljara-telhet-meg-a-pasareti-lelato-az-idei-szezonban-2\/#primaryimage","url":"https:\/\/vasasbasket.hu\/wp-content\/uploads\/2026\/04\/20260221_IF_004.jpg","contentUrl":"https:\/\/vasasbasket.hu\/wp-content\/uploads\/2026\/04\/20260221_IF_004.jpg","width":2500,"height":1666},{"@type":"BreadcrumbList","@id":"https:\/\/vasasbasket.hu\/index.php\/utoljara-telhet-meg-a-pasareti-lelato-az-idei-szezonban-2\/#breadcrumb","itemListElement":[{"@type":"ListItem","position":1,"name":"Kezd\u0151lap","item":"https:\/\/vasasbasket.hu\/"},{"@type":"ListItem","position":2,"name":"Utolj\u00e1ra telhet meg a Pasar\u00e9ti lel\u00e1t\u00f3 az idei szezonban."}]},{"@type":"WebSite","@id":"https:\/\/vasasbasket.hu\/#website","url":"https:\/\/vasasbasket.hu\/","name":"Vasas n\u0151i kos\u00e1rlabda","description":"Vasas Basket N\u0151i","publisher":{"@id":"https:\/\/vasasbasket.hu\/#organization"},"potentialAction":[{"@type":"SearchAction","target":{"@type":"EntryPoint","urlTemplate":"https:\/\/vasasbasket.hu\/?s={search_term_string}"},"query-input":{"@type":"PropertyValueSpecification","valueRequired":true,"valueName":"search_term_string"}}],"inLanguage":"hu"},{"@type":"Organization","@id":"https:\/\/vasasbasket.hu\/#organization","name":"Vasas n\u0151i kos\u00e1rlabda","url":"https:\/\/vasasbasket.hu\/","logo":{"@type":"ImageObject","inLanguage":"hu","@id":"https:\/\/vasasbasket.hu\/#\/schema\/logo\/image\/","url":"https:\/\/vasasbasket.hu\/wp-content\/uploads\/2017\/03\/vasas_cimer_1200.jpg","contentUrl":"https:\/\/vasasbasket.hu\/wp-content\/uploads\/2017\/03\/vasas_cimer_1200.jpg","width":1200,"height":1200,"caption":"Vasas n\u0151i kos\u00e1rlabda"},"image":{"@id":"https:\/\/vasasbasket.hu\/#\/schema\/logo\/image\/"},"sameAs":["https:\/\/www.facebook.com\/vasaswbasket\/"]},{"@type":"Person","@id":"https:\/\/vasasbasket.hu\/#\/schema\/person\/cce3d40284d729c98742af771668678b","name":"Staszelis Rafal","image":{"@type":"ImageObject","inLanguage":"hu","@id":"https:\/\/vasasbasket.hu\/#\/schema\/person\/image\/","url":"https:\/\/secure.gravatar.com\/avatar\/dd648a2eae6e2ec122d87922ad625d8e10c16f8a8b4c7ab41bd9614806a230bb?s=96&d=mm&r=g","contentUrl":"https:\/\/secure.gravatar.com\/avatar\/dd648a2eae6e2ec122d87922ad625d8e10c16f8a8b4c7ab41bd9614806a230bb?s=96&d=mm&r=g","caption":"Staszelis Rafal"},"url":"https:\/\/vasasbasket.hu\/index.php\/author\/rafi\/"}]}},"_links":{"self":[{"href":"https:\/\/vasasbasket.hu\/index.php\/wp-json\/wp\/v2\/posts\/16713","targetHints":{"allow":["GET"]}}],"collection":[{"href":"https:\/\/vasasbasket.hu\/index.php\/wp-json\/wp\/v2\/posts"}],"about":[{"href":"https:\/\/vasasbasket.hu\/index.php\/wp-json\/wp\/v2\/types\/post"}],"author":[{"embeddable":true,"href":"https:\/\/vasasbasket.hu\/index.php\/wp-json\/wp\/v2\/users\/3"}],"replies":[{"embeddable":true,"href":"https:\/\/vasasbasket.hu\/index.php\/wp-json\/wp\/v2\/comments?post=16713"}],"version-history":[{"count":1,"href":"https:\/\/vasasbasket.hu\/index.php\/wp-json\/wp\/v2\/posts\/16713\/revisions"}],"predecessor-version":[{"id":16714,"href":"https:\/\/vasasbasket.hu\/index.php\/wp-json\/wp\/v2\/posts\/16713\/revisions\/16714"}],"wp:featuredmedia":[{"embeddable":true,"href":"https:\/\/vasasbasket.hu\/index.php\/wp-json\/wp\/v2\/media\/16667"}],"wp:attachment":[{"href":"https:\/\/vasasbasket.hu\/index.php\/wp-json\/wp\/v2\/media?parent=16713"}],"wp:term":[{"taxonomy":"category","embeddable":true,"href":"https:\/\/vasasbasket.hu\/index.php\/wp-json\/wp\/v2\/categories?post=16713"},{"taxonomy":"post_tag","embeddable":true,"href":"https:\/\/vasasbasket.hu\/index.php\/wp-json\/wp\/v2\/tags?post=16713"}],"curies":[{"name":"wp","href":"https:\/\/api.w.org\/{rel}","templated":true}]}}