{"id":16709,"date":"2026-04-29T18:29:24","date_gmt":"2026-04-29T18:29:24","guid":{"rendered":"https:\/\/vasasbasket.hu\/?p=16709"},"modified":"2026-04-29T18:29:24","modified_gmt":"2026-04-29T18:29:24","slug":"szekszardi-gyozelemmel-kezdodott-a-vegso-parharc","status":"publish","type":"post","link":"https:\/\/vasasbasket.hu\/index.php\/szekszardi-gyozelemmel-kezdodott-a-vegso-parharc\/","title":{"rendered":"Szeksz\u00e1rdi gy\u0151zelemmel kezd\u0151d\u00f6tt a v\u00e9gs\u0151 p\u00e1rharc"},"content":{"rendered":"<p><strong>Magabiztos, 78-56-os gy\u0151zelmet aratott hazai p\u00e1ly\u00e1n a TARR KCS Szeksz\u00e1rd a Vasas Akad\u00e9mia ellen a N\u0151i NBI\/A r\u00e1j\u00e1tsz\u00e1s\u00e1nak utols\u00f3 p\u00e1rharc\u00e1ban. Nagyon rosszul kezdt\u00fck a m\u00e9rk\u0151z\u00e9st, ami miatt v\u00e9gig futnunk kellett sz eredm\u00e9ny ut\u00e1n. Nincs sok id\u0151nk b\u00faslakodni, szombaton ugyanis hazai p\u00e1ly\u00e1n folytat\u00f3dik a k\u00e9t egy\u00fcttes viadala, m\u00e9g meccsben vagyunk a 7. hely\u00e9rt.<\/strong><\/p>\n<p>Kiss Anginak k\u00f6sz\u00f6nhet\u0151en mi vezethett\u00fck a tal\u00e1lkoz\u00f3 els\u0151 t\u00e1mad\u00e1s\u00e1t, amit technikai sz\u00fcnet el\u0151z\u00f6tt meg k\u00e9tszer is, hiszen az \u00f3r\u00e1val gondok voltak. Kendel\u00e9nyi Lulunak \u00e9s Szoboszlai Laur\u00e1nak is bizalmat szavazott Nenad Markovic a kezd\u0151 \u00f6t\u00f6sben, els\u0151 dob\u00e1sunkat azonban nem fiataljaink egyike, hanem Kiss Angi dobta r\u00e1, a gy\u0171r\u0171 azonban kidobta a labd\u00e1t. A t\u00faloldalon Sz\u0171cs tal\u00e1lt be, majd Rodrigues \u00e9rt\u00e9kes\u00edtett egy h\u00e1rompontost, amivel 5-0 \u00e1llt az eredm\u00e9nyjelz\u0151n. Sz\u0171cs t\u00e1volr\u00f3l is betal\u00e1lt, Kiss Angi pedig ellen pedig j\u00f3l v\u00e9dekeznek a hazaiak a fest\u00e9kben, ami miatt kicsit tan\u00e1cstalanok lett\u00fcnk. Theodore\u00e1n dobhatott ziccert az eladott labd\u00e1b\u00f3l, 10-0 \u00e1llt az eredm\u00e9nyjelz\u0151n, ami Vasas id\u0151k\u00e9r\u00e9st eredm\u00e9nyezett. Dombai tripl\u00e1val folytat\u00f3dott a tal\u00e1lkoz\u00f3, Nenad Markovic pedig t\u00f6bb cser\u00e9t is eszk\u00f6z\u00f6lt. Moln\u00e1r-Bud\u00e1csik Dorka ziccer\u00e9vel kezdt\u00fck meg a pontgy\u00e1rt\u00e1st a negyed fel\u00e9hez k\u00f6zeledv\u00e9n, majd Angyal Babri kapott remek labd\u00e1t Mayr Lar\u00e1t\u00f3l, a z\u00e1rk\u00f3z\u00e1st azonban Baa akad\u00e1lyozta meg egy \u00fajabb szeksz\u00e1rdi h\u00e1rompontossal. Sajnos nem tudtuk felvenni a keszty\u0171t ellenfel\u00fcnkkel, t\u00e1mad\u00e1sban rengeteget hib\u00e1ztunk, amit rendre megb\u00fcntetett ellenfel\u00fcnk. Mad\u00e1r Eszti hat ponttal \u00e9s harcias lepattan\u00f3z\u00e1ssal \u00e9rkezett a pakrettre, \u00e1m ez sem f\u00e9kezte meg a KSC-t. Sz\u0171cs kosar\u00e1val folytat\u00f3dott a szeksz\u00e1rdi er\u0151demonstr\u00e1ci\u00f3, m\u00edg a t\u00faloldalon csak a harmadik k\u00eds\u00e9rletb\u0151l tudtunk gy\u0171r\u0171be tal\u00e1lni. A sikeres t\u00e1mad\u00f3lepattan\u00f3k ut\u00e1n J\u00e1hni Zs\u00f3fi b\u00fcntet\u0151ivel tudtunk z\u00e1rk\u00f3zni, \u00e1m Dombai r\u00f6vid id\u0151 alatt \u00f6t pontot is szerezni tudott, ezzel h\u00fasz pont f\u00f6l\u00e9 n\u00f6velve a szeksz\u00e1rdi el\u0151nyt. Nem l\u00e9ptek le a g\u00e1zr\u00f3l a hazaiak, hi\u00e1ba Angyal Barbi h\u00e1rompontosa, a negyed fel\u00e9n\u00e9l m\u00e1r 42-19 volt az \u00e1ll\u00e1s. Apr\u00f3bb g\u00f3lcsendet k\u00f6vet\u0151en siker\u00fclt ritmust v\u00e1ltanunk a sz\u00fcnet el\u0151tt, Angyal Barbi kett\u0151, Gy\u00f6ngy\u00f6si Janka egy tripl\u00e1t sz\u00f3rt be egy percen bel\u00fcl, amivel kicsit k\u00f6zelebb tudtunk f\u00e9rk\u0151zni, \u00e9s megadtuk magunknak az es\u00e9lyt a j\u00f3 meccsre.<\/p>\n<p>Szerencs\u00e9s Tami k\u00f6z\u00e9pt\u00e1volij\u00e1val kezdt\u00fck meg a m\u00e1sodik f\u00e9lid\u0151t, sz\u00e9pen mozgattuk meg a szeksz\u00e1rdi v\u00e9delmet, a hazaiak azonban Dombai h\u00e1rompontos\u00e1val v\u00e1laszoltak az akci\u00f3ra. Angyal Barbi v\u00e1llalta mag\u00e1ra ism\u00e9t a befejez\u00e9seket a negyed elej\u00e9n, aminek k\u00f6sz\u00f6nhet\u0151en tizenh\u00e1rom pontra z\u00e1rk\u00f3ztunk s\u0151t, Gy\u00f6ngy\u00f6si b\u00fcntet\u0151ivel megk\u00f6zel\u00edtett\u00fck a b\u0171v\u00f6s t\u00edzest. V\u00e9dekez\u00e9sben is hat\u00e9konyak tudtunk lenni, Angyal Barbi \u00fajabb tripl\u00e1j\u00e1val bek\u00f6sz\u00f6nt\u00fcnk t\u00edz al\u00e1, a 3-11-es rohamunkat pedig id\u0151k\u00e9r\u00e9ssel igyekezett megf\u00e9kezni a KSC. Rodrigues h\u00e1rompontos\u00e1val rendezt\u00e9k soraikat a hazaiak, \u00e1m Angyal Barbi b\u00fcntet\u0151ivel \u00e9s Mad\u00e1r Eszti dupl\u00e1j\u00e1val megint volt v\u00e1laszunk. A j\u00f3 etapot k\u00f6vet\u0151en sajnos ism\u00e9t hull\u00e1mv\u00f6lgybe ker\u00fclt\u00fcnk, tov\u00e1bbi z\u00e1rk\u00f3z\u00e1s helyett k\u00e9t eladott labd\u00e1nk is volt, Baa v\u00e9dekezett agressz\u00edvan \u00e9s szerzett bel\u0151le n\u00e9gy pontot a Szeksz\u00e1rdnak. Dombai \u00e9s Goree \u00f6sszj\u00e1t\u00e9k\u00e1b\u00f3l vissza\u00e1llt a hazaiak sz\u00e1m\u00e1ra megnyugtat\u00f3 k\u00fcl\u00f6nbs\u00e9g, r\u00e1ad\u00e1sul Kiss Angi dupl\u00e1j\u00e1ra egy Theodore\u00e1n \u00e9s egy Baa h\u00e1rompontos \u00e9rkezett v\u00e1laszul. Hi\u00e1ba z\u00e1rk\u00f3ztunk a f\u00e9lid\u0151 ut\u00e1n h\u00e9t pontra, 64-46-os h\u00e1tr\u00e1nyb\u00f3l v\u00e1rhattuk az utols\u00f3 negyedet. Dombai dupl\u00e1j\u00e1val megint h\u00fasz pontra n\u0151tt a k\u00fcl\u00f6nbs\u00e9g, majd Rodrigues verte meg ellenfel\u00e9t \u00e9s dobott k\u00f6nny\u0171 ziccert. M\u00e1sf\u00e9l perc alatt nem sz\u00fcletett Vasas kos\u00e1r, \u00edgy Nenad Markovic id\u0151t k\u00e9rt. Mad\u00e1r Eszti kapott labd\u00e1t Moln\u00e1r-Bud\u00e1csik Dork\u00e1t\u00f3l \u00e9s tal\u00e1lt be faulttal egy\u00fctt, a b\u00fcntet\u0151 azonban sajnos r\u00f6vidnek bizonyult. Csapatkapit\u00e1nyunk nagyot harcolt a k\u00f6vetkez\u0151 t\u00e1mad\u00e1sunkn\u00e1l, egy t\u00e1mad\u00f3lepattan\u00f3t k\u00f6vet\u0151en Angyal Barbit\u00f3l kapott labd\u00e1t a sarokban, aminek egy sikeres tripla lett az eredm\u00e9nye. Nem a l\u00e1tv\u00e1nyr\u00f3l \u00e9s az eredm\u00e9nyess\u00e9gr\u0151l sz\u00f3ltak az utols\u00f3 percek, r\u00e1ad\u00e1sul jobban haszn\u00e1lta ki helyzeteit a KSC, \u00edgy magabiztos k\u00fcl\u00f6nbs\u00e9ggel nyerte meg a p\u00e1rharc els\u0151 tal\u00e1lkoz\u00f3j\u00e1t a hazai egy\u00fcttes. Kevesebb hib\u00e1val \u00e9s t\u00f6bb j\u00f3 peri\u00f3dussal kell j\u00e1tszanunk szombaton, ha ki akarjuk harcolni a harmadik \u00f6sszecsap\u00e1st, a KSC azonban a meccs ut\u00e1ni Theodore\u00e1n b\u00facs\u00faztat\u00f3val jelezte, nem tervez visszat\u00e9rni Szeksz\u00e1rdra.<\/p>\n<p><strong>TARR KSC Szeksz\u00e1rd &#8211; Vasas Akad\u00e9mia 78 -56<\/strong> (28-12, 16-16, 20-18, 14-10)<\/p>\n<p><img loading=\"lazy\" decoding=\"async\" class=\" wp-image-16710 aligncenter\" src=\"https:\/\/vasasbasket.hu\/wp-content\/uploads\/2026\/04\/Kepernyokep-2026-04-29-202411.png\" alt=\"\" width=\"801\" height=\"756\" srcset=\"https:\/\/vasasbasket.hu\/wp-content\/uploads\/2026\/04\/Kepernyokep-2026-04-29-202411.png 853w, https:\/\/vasasbasket.hu\/wp-content\/uploads\/2026\/04\/Kepernyokep-2026-04-29-202411-300x283.png 300w, https:\/\/vasasbasket.hu\/wp-content\/uploads\/2026\/04\/Kepernyokep-2026-04-29-202411-768x725.png 768w, https:\/\/vasasbasket.hu\/wp-content\/uploads\/2026\/04\/Kepernyokep-2026-04-29-202411-128x121.png 128w, https:\/\/vasasbasket.hu\/wp-content\/uploads\/2026\/04\/Kepernyokep-2026-04-29-202411-32x30.png 32w, https:\/\/vasasbasket.hu\/wp-content\/uploads\/2026\/04\/Kepernyokep-2026-04-29-202411-98x92.png 98w, https:\/\/vasasbasket.hu\/wp-content\/uploads\/2026\/04\/Kepernyokep-2026-04-29-202411-570x538.png 570w, https:\/\/vasasbasket.hu\/wp-content\/uploads\/2026\/04\/Kepernyokep-2026-04-29-202411-440x415.png 440w\" sizes=\"auto, (max-width: 801px) 100vw, 801px\" \/><\/p>\n","protected":false},"excerpt":{"rendered":"<p>Magabiztos, 78-56-os gy\u0151zelmet aratott hazai p\u00e1ly\u00e1n a TARR KCS Szeksz\u00e1rd a Vasas Akad\u00e9mia ellen a N\u0151i NBI\/A r\u00e1j\u00e1tsz\u00e1s\u00e1nak utols\u00f3 p\u00e1rharc\u00e1ban. Nagyon rosszul kezdt\u00fck a m\u00e9rk\u0151z\u00e9st, ami miatt v\u00e9gig futnunk kellett sz eredm\u00e9ny ut\u00e1n. Nincs sok id\u0151nk b\u00faslakodni, szombaton ugyanis hazai p\u00e1ly\u00e1n folytat\u00f3dik a k\u00e9t egy\u00fcttes viadala, m\u00e9g meccsben vagyunk a 7. hely\u00e9rt. Kiss Anginak k\u00f6sz\u00f6nhet\u0151en&#8230;<\/p>\n","protected":false},"author":3,"featured_media":16711,"comment_status":"closed","ping_status":"closed","sticky":false,"template":"","format":"standard","meta":{"footnotes":""},"categories":[49,92],"tags":[],"class_list":["post-16709","post","type-post","status-publish","format-standard","has-post-thumbnail","hentry","category-nb1","category-hirek"],"yoast_head":"<!-- This site is optimized with the Yoast SEO plugin v26.0 - https:\/\/yoast.com\/wordpress\/plugins\/seo\/ -->\n<title>Szeksz\u00e1rdi gy\u0151zelemmel kezd\u0151d\u00f6tt a v\u00e9gs\u0151 p\u00e1rharc - Vasas n\u0151i kos\u00e1rlabda<\/title>\n<meta name=\"robots\" content=\"index, follow, max-snippet:-1, max-image-preview:large, max-video-preview:-1\" \/>\n<link rel=\"canonical\" href=\"https:\/\/vasasbasket.hu\/index.php\/szekszardi-gyozelemmel-kezdodott-a-vegso-parharc\/\" \/>\n<meta property=\"og:locale\" content=\"hu_HU\" \/>\n<meta property=\"og:type\" content=\"article\" \/>\n<meta property=\"og:title\" content=\"Szeksz\u00e1rdi gy\u0151zelemmel kezd\u0151d\u00f6tt a v\u00e9gs\u0151 p\u00e1rharc - Vasas n\u0151i kos\u00e1rlabda\" \/>\n<meta property=\"og:description\" content=\"Magabiztos, 78-56-os gy\u0151zelmet aratott hazai p\u00e1ly\u00e1n a TARR KCS Szeksz\u00e1rd a Vasas Akad\u00e9mia ellen a N\u0151i NBI\/A r\u00e1j\u00e1tsz\u00e1s\u00e1nak utols\u00f3 p\u00e1rharc\u00e1ban. Nagyon rosszul kezdt\u00fck a m\u00e9rk\u0151z\u00e9st, ami miatt v\u00e9gig futnunk kellett sz eredm\u00e9ny ut\u00e1n. Nincs sok id\u0151nk b\u00faslakodni, szombaton ugyanis hazai p\u00e1ly\u00e1n folytat\u00f3dik a k\u00e9t egy\u00fcttes viadala, m\u00e9g meccsben vagyunk a 7. hely\u00e9rt. Kiss Anginak k\u00f6sz\u00f6nhet\u0151en...\" \/>\n<meta property=\"og:url\" content=\"https:\/\/vasasbasket.hu\/index.php\/szekszardi-gyozelemmel-kezdodott-a-vegso-parharc\/\" \/>\n<meta property=\"og:site_name\" content=\"Vasas n\u0151i kos\u00e1rlabda\" \/>\n<meta property=\"article:publisher\" content=\"https:\/\/www.facebook.com\/vasaswbasket\/\" \/>\n<meta property=\"article:published_time\" content=\"2026-04-29T18:29:24+00:00\" \/>\n<meta property=\"og:image\" content=\"https:\/\/vasasbasket.hu\/wp-content\/uploads\/2026\/04\/20260110_IF_098.jpg\" \/>\n\t<meta property=\"og:image:width\" content=\"2500\" \/>\n\t<meta property=\"og:image:height\" content=\"1667\" \/>\n\t<meta property=\"og:image:type\" content=\"image\/jpeg\" \/>\n<meta name=\"author\" content=\"Staszelis Rafal\" \/>\n<meta name=\"twitter:card\" content=\"summary_large_image\" \/>\n<meta name=\"twitter:label1\" content=\"Szerz\u0151:\" \/>\n\t<meta name=\"twitter:data1\" content=\"Staszelis Rafal\" \/>\n\t<meta name=\"twitter:label2\" content=\"Becs\u00fclt olvas\u00e1si id\u0151\" \/>\n\t<meta name=\"twitter:data2\" content=\"4 perc\" \/>\n<script type=\"application\/ld+json\" class=\"yoast-schema-graph\">{\"@context\":\"https:\/\/schema.org\",\"@graph\":[{\"@type\":\"Article\",\"@id\":\"https:\/\/vasasbasket.hu\/index.php\/szekszardi-gyozelemmel-kezdodott-a-vegso-parharc\/#article\",\"isPartOf\":{\"@id\":\"https:\/\/vasasbasket.hu\/index.php\/szekszardi-gyozelemmel-kezdodott-a-vegso-parharc\/\"},\"author\":{\"name\":\"Staszelis Rafal\",\"@id\":\"https:\/\/vasasbasket.hu\/#\/schema\/person\/cce3d40284d729c98742af771668678b\"},\"headline\":\"Szeksz\u00e1rdi gy\u0151zelemmel kezd\u0151d\u00f6tt a v\u00e9gs\u0151 p\u00e1rharc\",\"datePublished\":\"2026-04-29T18:29:24+00:00\",\"mainEntityOfPage\":{\"@id\":\"https:\/\/vasasbasket.hu\/index.php\/szekszardi-gyozelemmel-kezdodott-a-vegso-parharc\/\"},\"wordCount\":955,\"publisher\":{\"@id\":\"https:\/\/vasasbasket.hu\/#organization\"},\"image\":{\"@id\":\"https:\/\/vasasbasket.hu\/index.php\/szekszardi-gyozelemmel-kezdodott-a-vegso-parharc\/#primaryimage\"},\"thumbnailUrl\":\"https:\/\/vasasbasket.hu\/wp-content\/uploads\/2026\/04\/20260110_IF_098.jpg\",\"articleSection\":[\"NB1\/A\",\"\u00d6sszes H\u00edr\"],\"inLanguage\":\"hu\"},{\"@type\":\"WebPage\",\"@id\":\"https:\/\/vasasbasket.hu\/index.php\/szekszardi-gyozelemmel-kezdodott-a-vegso-parharc\/\",\"url\":\"https:\/\/vasasbasket.hu\/index.php\/szekszardi-gyozelemmel-kezdodott-a-vegso-parharc\/\",\"name\":\"Szeksz\u00e1rdi gy\u0151zelemmel kezd\u0151d\u00f6tt a v\u00e9gs\u0151 p\u00e1rharc - Vasas n\u0151i kos\u00e1rlabda\",\"isPartOf\":{\"@id\":\"https:\/\/vasasbasket.hu\/#website\"},\"primaryImageOfPage\":{\"@id\":\"https:\/\/vasasbasket.hu\/index.php\/szekszardi-gyozelemmel-kezdodott-a-vegso-parharc\/#primaryimage\"},\"image\":{\"@id\":\"https:\/\/vasasbasket.hu\/index.php\/szekszardi-gyozelemmel-kezdodott-a-vegso-parharc\/#primaryimage\"},\"thumbnailUrl\":\"https:\/\/vasasbasket.hu\/wp-content\/uploads\/2026\/04\/20260110_IF_098.jpg\",\"datePublished\":\"2026-04-29T18:29:24+00:00\",\"breadcrumb\":{\"@id\":\"https:\/\/vasasbasket.hu\/index.php\/szekszardi-gyozelemmel-kezdodott-a-vegso-parharc\/#breadcrumb\"},\"inLanguage\":\"hu\",\"potentialAction\":[{\"@type\":\"ReadAction\",\"target\":[\"https:\/\/vasasbasket.hu\/index.php\/szekszardi-gyozelemmel-kezdodott-a-vegso-parharc\/\"]}]},{\"@type\":\"ImageObject\",\"inLanguage\":\"hu\",\"@id\":\"https:\/\/vasasbasket.hu\/index.php\/szekszardi-gyozelemmel-kezdodott-a-vegso-parharc\/#primaryimage\",\"url\":\"https:\/\/vasasbasket.hu\/wp-content\/uploads\/2026\/04\/20260110_IF_098.jpg\",\"contentUrl\":\"https:\/\/vasasbasket.hu\/wp-content\/uploads\/2026\/04\/20260110_IF_098.jpg\",\"width\":2500,\"height\":1667},{\"@type\":\"BreadcrumbList\",\"@id\":\"https:\/\/vasasbasket.hu\/index.php\/szekszardi-gyozelemmel-kezdodott-a-vegso-parharc\/#breadcrumb\",\"itemListElement\":[{\"@type\":\"ListItem\",\"position\":1,\"name\":\"Kezd\u0151lap\",\"item\":\"https:\/\/vasasbasket.hu\/\"},{\"@type\":\"ListItem\",\"position\":2,\"name\":\"Szeksz\u00e1rdi gy\u0151zelemmel kezd\u0151d\u00f6tt a v\u00e9gs\u0151 p\u00e1rharc\"}]},{\"@type\":\"WebSite\",\"@id\":\"https:\/\/vasasbasket.hu\/#website\",\"url\":\"https:\/\/vasasbasket.hu\/\",\"name\":\"Vasas n\u0151i kos\u00e1rlabda\",\"description\":\"Vasas Basket N\u0151i\",\"publisher\":{\"@id\":\"https:\/\/vasasbasket.hu\/#organization\"},\"potentialAction\":[{\"@type\":\"SearchAction\",\"target\":{\"@type\":\"EntryPoint\",\"urlTemplate\":\"https:\/\/vasasbasket.hu\/?s={search_term_string}\"},\"query-input\":{\"@type\":\"PropertyValueSpecification\",\"valueRequired\":true,\"valueName\":\"search_term_string\"}}],\"inLanguage\":\"hu\"},{\"@type\":\"Organization\",\"@id\":\"https:\/\/vasasbasket.hu\/#organization\",\"name\":\"Vasas n\u0151i kos\u00e1rlabda\",\"url\":\"https:\/\/vasasbasket.hu\/\",\"logo\":{\"@type\":\"ImageObject\",\"inLanguage\":\"hu\",\"@id\":\"https:\/\/vasasbasket.hu\/#\/schema\/logo\/image\/\",\"url\":\"https:\/\/vasasbasket.hu\/wp-content\/uploads\/2017\/03\/vasas_cimer_1200.jpg\",\"contentUrl\":\"https:\/\/vasasbasket.hu\/wp-content\/uploads\/2017\/03\/vasas_cimer_1200.jpg\",\"width\":1200,\"height\":1200,\"caption\":\"Vasas n\u0151i kos\u00e1rlabda\"},\"image\":{\"@id\":\"https:\/\/vasasbasket.hu\/#\/schema\/logo\/image\/\"},\"sameAs\":[\"https:\/\/www.facebook.com\/vasaswbasket\/\"]},{\"@type\":\"Person\",\"@id\":\"https:\/\/vasasbasket.hu\/#\/schema\/person\/cce3d40284d729c98742af771668678b\",\"name\":\"Staszelis Rafal\",\"image\":{\"@type\":\"ImageObject\",\"inLanguage\":\"hu\",\"@id\":\"https:\/\/vasasbasket.hu\/#\/schema\/person\/image\/\",\"url\":\"https:\/\/secure.gravatar.com\/avatar\/dd648a2eae6e2ec122d87922ad625d8e10c16f8a8b4c7ab41bd9614806a230bb?s=96&d=mm&r=g\",\"contentUrl\":\"https:\/\/secure.gravatar.com\/avatar\/dd648a2eae6e2ec122d87922ad625d8e10c16f8a8b4c7ab41bd9614806a230bb?s=96&d=mm&r=g\",\"caption\":\"Staszelis Rafal\"},\"url\":\"https:\/\/vasasbasket.hu\/index.php\/author\/rafi\/\"}]}<\/script>\n<!-- \/ Yoast SEO plugin. -->","yoast_head_json":{"title":"Szeksz\u00e1rdi gy\u0151zelemmel kezd\u0151d\u00f6tt a v\u00e9gs\u0151 p\u00e1rharc - Vasas n\u0151i kos\u00e1rlabda","robots":{"index":"index","follow":"follow","max-snippet":"max-snippet:-1","max-image-preview":"max-image-preview:large","max-video-preview":"max-video-preview:-1"},"canonical":"https:\/\/vasasbasket.hu\/index.php\/szekszardi-gyozelemmel-kezdodott-a-vegso-parharc\/","og_locale":"hu_HU","og_type":"article","og_title":"Szeksz\u00e1rdi gy\u0151zelemmel kezd\u0151d\u00f6tt a v\u00e9gs\u0151 p\u00e1rharc - Vasas n\u0151i kos\u00e1rlabda","og_description":"Magabiztos, 78-56-os gy\u0151zelmet aratott hazai p\u00e1ly\u00e1n a TARR KCS Szeksz\u00e1rd a Vasas Akad\u00e9mia ellen a N\u0151i NBI\/A r\u00e1j\u00e1tsz\u00e1s\u00e1nak utols\u00f3 p\u00e1rharc\u00e1ban. Nagyon rosszul kezdt\u00fck a m\u00e9rk\u0151z\u00e9st, ami miatt v\u00e9gig futnunk kellett sz eredm\u00e9ny ut\u00e1n. Nincs sok id\u0151nk b\u00faslakodni, szombaton ugyanis hazai p\u00e1ly\u00e1n folytat\u00f3dik a k\u00e9t egy\u00fcttes viadala, m\u00e9g meccsben vagyunk a 7. hely\u00e9rt. Kiss Anginak k\u00f6sz\u00f6nhet\u0151en...","og_url":"https:\/\/vasasbasket.hu\/index.php\/szekszardi-gyozelemmel-kezdodott-a-vegso-parharc\/","og_site_name":"Vasas n\u0151i kos\u00e1rlabda","article_publisher":"https:\/\/www.facebook.com\/vasaswbasket\/","article_published_time":"2026-04-29T18:29:24+00:00","og_image":[{"width":2500,"height":1667,"url":"https:\/\/vasasbasket.hu\/wp-content\/uploads\/2026\/04\/20260110_IF_098.jpg","type":"image\/jpeg"}],"author":"Staszelis Rafal","twitter_card":"summary_large_image","twitter_misc":{"Szerz\u0151:":"Staszelis Rafal","Becs\u00fclt olvas\u00e1si id\u0151":"4 perc"},"schema":{"@context":"https:\/\/schema.org","@graph":[{"@type":"Article","@id":"https:\/\/vasasbasket.hu\/index.php\/szekszardi-gyozelemmel-kezdodott-a-vegso-parharc\/#article","isPartOf":{"@id":"https:\/\/vasasbasket.hu\/index.php\/szekszardi-gyozelemmel-kezdodott-a-vegso-parharc\/"},"author":{"name":"Staszelis Rafal","@id":"https:\/\/vasasbasket.hu\/#\/schema\/person\/cce3d40284d729c98742af771668678b"},"headline":"Szeksz\u00e1rdi gy\u0151zelemmel kezd\u0151d\u00f6tt a v\u00e9gs\u0151 p\u00e1rharc","datePublished":"2026-04-29T18:29:24+00:00","mainEntityOfPage":{"@id":"https:\/\/vasasbasket.hu\/index.php\/szekszardi-gyozelemmel-kezdodott-a-vegso-parharc\/"},"wordCount":955,"publisher":{"@id":"https:\/\/vasasbasket.hu\/#organization"},"image":{"@id":"https:\/\/vasasbasket.hu\/index.php\/szekszardi-gyozelemmel-kezdodott-a-vegso-parharc\/#primaryimage"},"thumbnailUrl":"https:\/\/vasasbasket.hu\/wp-content\/uploads\/2026\/04\/20260110_IF_098.jpg","articleSection":["NB1\/A","\u00d6sszes H\u00edr"],"inLanguage":"hu"},{"@type":"WebPage","@id":"https:\/\/vasasbasket.hu\/index.php\/szekszardi-gyozelemmel-kezdodott-a-vegso-parharc\/","url":"https:\/\/vasasbasket.hu\/index.php\/szekszardi-gyozelemmel-kezdodott-a-vegso-parharc\/","name":"Szeksz\u00e1rdi gy\u0151zelemmel kezd\u0151d\u00f6tt a v\u00e9gs\u0151 p\u00e1rharc - Vasas n\u0151i kos\u00e1rlabda","isPartOf":{"@id":"https:\/\/vasasbasket.hu\/#website"},"primaryImageOfPage":{"@id":"https:\/\/vasasbasket.hu\/index.php\/szekszardi-gyozelemmel-kezdodott-a-vegso-parharc\/#primaryimage"},"image":{"@id":"https:\/\/vasasbasket.hu\/index.php\/szekszardi-gyozelemmel-kezdodott-a-vegso-parharc\/#primaryimage"},"thumbnailUrl":"https:\/\/vasasbasket.hu\/wp-content\/uploads\/2026\/04\/20260110_IF_098.jpg","datePublished":"2026-04-29T18:29:24+00:00","breadcrumb":{"@id":"https:\/\/vasasbasket.hu\/index.php\/szekszardi-gyozelemmel-kezdodott-a-vegso-parharc\/#breadcrumb"},"inLanguage":"hu","potentialAction":[{"@type":"ReadAction","target":["https:\/\/vasasbasket.hu\/index.php\/szekszardi-gyozelemmel-kezdodott-a-vegso-parharc\/"]}]},{"@type":"ImageObject","inLanguage":"hu","@id":"https:\/\/vasasbasket.hu\/index.php\/szekszardi-gyozelemmel-kezdodott-a-vegso-parharc\/#primaryimage","url":"https:\/\/vasasbasket.hu\/wp-content\/uploads\/2026\/04\/20260110_IF_098.jpg","contentUrl":"https:\/\/vasasbasket.hu\/wp-content\/uploads\/2026\/04\/20260110_IF_098.jpg","width":2500,"height":1667},{"@type":"BreadcrumbList","@id":"https:\/\/vasasbasket.hu\/index.php\/szekszardi-gyozelemmel-kezdodott-a-vegso-parharc\/#breadcrumb","itemListElement":[{"@type":"ListItem","position":1,"name":"Kezd\u0151lap","item":"https:\/\/vasasbasket.hu\/"},{"@type":"ListItem","position":2,"name":"Szeksz\u00e1rdi gy\u0151zelemmel kezd\u0151d\u00f6tt a v\u00e9gs\u0151 p\u00e1rharc"}]},{"@type":"WebSite","@id":"https:\/\/vasasbasket.hu\/#website","url":"https:\/\/vasasbasket.hu\/","name":"Vasas n\u0151i kos\u00e1rlabda","description":"Vasas Basket N\u0151i","publisher":{"@id":"https:\/\/vasasbasket.hu\/#organization"},"potentialAction":[{"@type":"SearchAction","target":{"@type":"EntryPoint","urlTemplate":"https:\/\/vasasbasket.hu\/?s={search_term_string}"},"query-input":{"@type":"PropertyValueSpecification","valueRequired":true,"valueName":"search_term_string"}}],"inLanguage":"hu"},{"@type":"Organization","@id":"https:\/\/vasasbasket.hu\/#organization","name":"Vasas n\u0151i kos\u00e1rlabda","url":"https:\/\/vasasbasket.hu\/","logo":{"@type":"ImageObject","inLanguage":"hu","@id":"https:\/\/vasasbasket.hu\/#\/schema\/logo\/image\/","url":"https:\/\/vasasbasket.hu\/wp-content\/uploads\/2017\/03\/vasas_cimer_1200.jpg","contentUrl":"https:\/\/vasasbasket.hu\/wp-content\/uploads\/2017\/03\/vasas_cimer_1200.jpg","width":1200,"height":1200,"caption":"Vasas n\u0151i kos\u00e1rlabda"},"image":{"@id":"https:\/\/vasasbasket.hu\/#\/schema\/logo\/image\/"},"sameAs":["https:\/\/www.facebook.com\/vasaswbasket\/"]},{"@type":"Person","@id":"https:\/\/vasasbasket.hu\/#\/schema\/person\/cce3d40284d729c98742af771668678b","name":"Staszelis Rafal","image":{"@type":"ImageObject","inLanguage":"hu","@id":"https:\/\/vasasbasket.hu\/#\/schema\/person\/image\/","url":"https:\/\/secure.gravatar.com\/avatar\/dd648a2eae6e2ec122d87922ad625d8e10c16f8a8b4c7ab41bd9614806a230bb?s=96&d=mm&r=g","contentUrl":"https:\/\/secure.gravatar.com\/avatar\/dd648a2eae6e2ec122d87922ad625d8e10c16f8a8b4c7ab41bd9614806a230bb?s=96&d=mm&r=g","caption":"Staszelis Rafal"},"url":"https:\/\/vasasbasket.hu\/index.php\/author\/rafi\/"}]}},"_links":{"self":[{"href":"https:\/\/vasasbasket.hu\/index.php\/wp-json\/wp\/v2\/posts\/16709","targetHints":{"allow":["GET"]}}],"collection":[{"href":"https:\/\/vasasbasket.hu\/index.php\/wp-json\/wp\/v2\/posts"}],"about":[{"href":"https:\/\/vasasbasket.hu\/index.php\/wp-json\/wp\/v2\/types\/post"}],"author":[{"embeddable":true,"href":"https:\/\/vasasbasket.hu\/index.php\/wp-json\/wp\/v2\/users\/3"}],"replies":[{"embeddable":true,"href":"https:\/\/vasasbasket.hu\/index.php\/wp-json\/wp\/v2\/comments?post=16709"}],"version-history":[{"count":1,"href":"https:\/\/vasasbasket.hu\/index.php\/wp-json\/wp\/v2\/posts\/16709\/revisions"}],"predecessor-version":[{"id":16712,"href":"https:\/\/vasasbasket.hu\/index.php\/wp-json\/wp\/v2\/posts\/16709\/revisions\/16712"}],"wp:featuredmedia":[{"embeddable":true,"href":"https:\/\/vasasbasket.hu\/index.php\/wp-json\/wp\/v2\/media\/16711"}],"wp:attachment":[{"href":"https:\/\/vasasbasket.hu\/index.php\/wp-json\/wp\/v2\/media?parent=16709"}],"wp:term":[{"taxonomy":"category","embeddable":true,"href":"https:\/\/vasasbasket.hu\/index.php\/wp-json\/wp\/v2\/categories?post=16709"},{"taxonomy":"post_tag","embeddable":true,"href":"https:\/\/vasasbasket.hu\/index.php\/wp-json\/wp\/v2\/tags?post=16709"}],"curies":[{"name":"wp","href":"https:\/\/api.w.org\/{rel}","templated":true}]}}