{"id":16706,"date":"2026-04-28T14:31:20","date_gmt":"2026-04-28T14:31:20","guid":{"rendered":"https:\/\/vasasbasket.hu\/?p=16706"},"modified":"2026-04-28T14:31:20","modified_gmt":"2026-04-28T14:31:20","slug":"izgalmas-parharccal-zarjuk-a-szezont","status":"publish","type":"post","link":"https:\/\/vasasbasket.hu\/index.php\/izgalmas-parharccal-zarjuk-a-szezont\/","title":{"rendered":"Izgalmas p\u00e1rharccal z\u00e1rjuk a szezont"},"content":{"rendered":"<p><strong>Szerd\u00e1n megkezdj\u00fck a N\u0151i NBI\/A r\u00e1j\u00e1tsz\u00e1s\u00e1nak utols\u00f3 k\u00f6r\u00e9t, a 7. hely\u00e9rt a Vasas Akad\u00e9mia n\u00e9mi meglepet\u00e9sre a TARR KSC Szeksz\u00e1rddal fog csat\u00e1t v\u00edvni. A Play-Off-ban f\u0151v\u00e1rosi csapatok ellen eddig nem volt szerencs\u00e9je az alapszakaszt 4. helyen z\u00e1r\u00f3 egy\u00fcttesnek, amely el\u0151bb a TFSE, majd a BEAC elleni p\u00e1rharcot is elvesz\u00edtette. Az els\u0151 felvon\u00e1st szerd\u00e1n 18:00-kor j\u00e1tsszuk idegenben, Pasar\u00e9ten pedig szombaton, a megszokott id\u0151ben l\u00e9p\u00fcnk p\u00e1ly\u00e1ra.<\/strong><\/p>\n<p>Nenad Markovic egy\u00fcttese a szezon utols\u00f3 p\u00e1rharc\u00e1ra k\u00e9sz\u00fcl, maximum h\u00e1rom m\u00e9rk\u0151z\u00e9s v\u00e1r m\u00e1r csak l\u00e1nyainkra. A Csata TKK elleni 2-0-s veres\u00e9get k\u00f6vet\u0151en a 7. hely megszerz\u00e9se maradt a c\u00e9l, amit Moln\u00e1r-Bud\u00e1csik Dork\u00e1\u00e9k bizony\u00e1ra be is akarnak majd h\u00fazni. Nem lesz k\u00f6nny\u0171 feladatuk, hiszen a TARR KSC Szeksz\u00e1rdot kell fel\u00fclm\u00falni, amelyet az alapszakasz sor\u00e1n egyszer sem siker\u00fclt. A megfogyatkozott tolnaiak nincsenek k\u00f6nny\u0171 helyzetben, m\u00e1r most elmondhat\u00f3, hogy v\u00e1rakoz\u00e1son alul teljes\u00edtettek a bajnoks\u00e1gban, pedig m\u00e9g nincs v\u00e9ge a szezonnak. Az alapszakasz 4. egy\u00fcttes el\u0151bb a TFSE-t\u0151l kapott ki 2-1-es \u00f6sszes\u00edt\u00e9ssel, majd az ELTE BEAC \u00dajbud\u00e1t sem tudt\u00e1k legy\u0171rni h\u00e1rom meccsben. Az utols\u00f3 p\u00e1rharc preszt\u00edzs k\u00e9rd\u00e9s a Szeksz\u00e1rd sz\u00e1m\u00e1ra, \u00edgy v\u00e1rhat\u00f3an mindent bele fognak adni, hogy ne \u0151k z\u00e1rj\u00e1k a r\u00e1j\u00e1tsz\u00e1st az utols\u00f3 helyen. L\u00e1nyaink pedig a t\u00f6bbi f\u0151v\u00e1rosi egy\u00fcttes sikerein felb\u00e1torodva ny\u00edlt sisakkal \u00e9rkezhetnek meg az \u00f6sszecsap\u00e1sba, aminek els\u0151 felvon\u00e1s\u00e1t szerd\u00e1n rendezik a Szeksz\u00e1rdi Szabadid\u0151k\u00f6zpontban.<\/p>\n<p><strong>A p\u00e1rharc m\u00e9rk\u0151z\u00e9sei:<\/strong><\/p>\n<p>TARR KSC Szeksz\u00e1rd &#8211; <strong>Vasas Akad\u00e9mia<\/strong> 1. meccs: szerda 18:00, Szeksz\u00e1rdi Szabadid\u0151k\u00f6zpont<br \/>\n<strong>Vasas Akad\u00e9mia<\/strong> &#8211; TARR KSC Szeksz\u00e1rd 2. meccs: szombat 18:00, Pasar\u00e9ti Sportcentrum<\/p>\n","protected":false},"excerpt":{"rendered":"<p>Szerd\u00e1n megkezdj\u00fck a N\u0151i NBI\/A r\u00e1j\u00e1tsz\u00e1s\u00e1nak utols\u00f3 k\u00f6r\u00e9t, a 7. hely\u00e9rt a Vasas Akad\u00e9mia n\u00e9mi meglepet\u00e9sre a TARR KSC Szeksz\u00e1rddal fog csat\u00e1t v\u00edvni. A Play-Off-ban f\u0151v\u00e1rosi csapatok ellen eddig nem volt szerencs\u00e9je az alapszakaszt 4. helyen z\u00e1r\u00f3 egy\u00fcttesnek, amely el\u0151bb a TFSE, majd a BEAC elleni p\u00e1rharcot is elvesz\u00edtette. Az els\u0151 felvon\u00e1st szerd\u00e1n 18:00-kor j\u00e1tsszuk&#8230;<\/p>\n","protected":false},"author":3,"featured_media":16707,"comment_status":"closed","ping_status":"closed","sticky":false,"template":"","format":"standard","meta":{"footnotes":""},"categories":[49,92],"tags":[],"class_list":["post-16706","post","type-post","status-publish","format-standard","has-post-thumbnail","hentry","category-nb1","category-hirek"],"yoast_head":"<!-- This site is optimized with the Yoast SEO plugin v26.0 - https:\/\/yoast.com\/wordpress\/plugins\/seo\/ -->\n<title>Izgalmas p\u00e1rharccal z\u00e1rjuk a szezont - Vasas n\u0151i kos\u00e1rlabda<\/title>\n<meta name=\"robots\" content=\"index, follow, max-snippet:-1, max-image-preview:large, max-video-preview:-1\" \/>\n<link rel=\"canonical\" href=\"https:\/\/vasasbasket.hu\/index.php\/izgalmas-parharccal-zarjuk-a-szezont\/\" \/>\n<meta property=\"og:locale\" content=\"hu_HU\" \/>\n<meta property=\"og:type\" content=\"article\" \/>\n<meta property=\"og:title\" content=\"Izgalmas p\u00e1rharccal z\u00e1rjuk a szezont - Vasas n\u0151i kos\u00e1rlabda\" \/>\n<meta property=\"og:description\" content=\"Szerd\u00e1n megkezdj\u00fck a N\u0151i NBI\/A r\u00e1j\u00e1tsz\u00e1s\u00e1nak utols\u00f3 k\u00f6r\u00e9t, a 7. hely\u00e9rt a Vasas Akad\u00e9mia n\u00e9mi meglepet\u00e9sre a TARR KSC Szeksz\u00e1rddal fog csat\u00e1t v\u00edvni. A Play-Off-ban f\u0151v\u00e1rosi csapatok ellen eddig nem volt szerencs\u00e9je az alapszakaszt 4. helyen z\u00e1r\u00f3 egy\u00fcttesnek, amely el\u0151bb a TFSE, majd a BEAC elleni p\u00e1rharcot is elvesz\u00edtette. Az els\u0151 felvon\u00e1st szerd\u00e1n 18:00-kor j\u00e1tsszuk...\" \/>\n<meta property=\"og:url\" content=\"https:\/\/vasasbasket.hu\/index.php\/izgalmas-parharccal-zarjuk-a-szezont\/\" \/>\n<meta property=\"og:site_name\" content=\"Vasas n\u0151i kos\u00e1rlabda\" \/>\n<meta property=\"article:publisher\" content=\"https:\/\/www.facebook.com\/vasaswbasket\/\" \/>\n<meta property=\"article:published_time\" content=\"2026-04-28T14:31:20+00:00\" \/>\n<meta property=\"og:image\" content=\"https:\/\/vasasbasket.hu\/wp-content\/uploads\/2026\/04\/20260110_IF_047-1024x683.jpg\" \/>\n\t<meta property=\"og:image:width\" content=\"1024\" \/>\n\t<meta property=\"og:image:height\" content=\"683\" \/>\n\t<meta property=\"og:image:type\" content=\"image\/jpeg\" \/>\n<meta name=\"author\" content=\"Staszelis Rafal\" \/>\n<meta name=\"twitter:card\" content=\"summary_large_image\" \/>\n<meta name=\"twitter:label1\" content=\"Szerz\u0151:\" \/>\n\t<meta name=\"twitter:data1\" content=\"Staszelis Rafal\" \/>\n\t<meta name=\"twitter:label2\" content=\"Becs\u00fclt olvas\u00e1si id\u0151\" \/>\n\t<meta name=\"twitter:data2\" content=\"2 perc\" \/>\n<script type=\"application\/ld+json\" class=\"yoast-schema-graph\">{\"@context\":\"https:\/\/schema.org\",\"@graph\":[{\"@type\":\"Article\",\"@id\":\"https:\/\/vasasbasket.hu\/index.php\/izgalmas-parharccal-zarjuk-a-szezont\/#article\",\"isPartOf\":{\"@id\":\"https:\/\/vasasbasket.hu\/index.php\/izgalmas-parharccal-zarjuk-a-szezont\/\"},\"author\":{\"name\":\"Staszelis Rafal\",\"@id\":\"https:\/\/vasasbasket.hu\/#\/schema\/person\/cce3d40284d729c98742af771668678b\"},\"headline\":\"Izgalmas p\u00e1rharccal z\u00e1rjuk a szezont\",\"datePublished\":\"2026-04-28T14:31:20+00:00\",\"mainEntityOfPage\":{\"@id\":\"https:\/\/vasasbasket.hu\/index.php\/izgalmas-parharccal-zarjuk-a-szezont\/\"},\"wordCount\":354,\"publisher\":{\"@id\":\"https:\/\/vasasbasket.hu\/#organization\"},\"image\":{\"@id\":\"https:\/\/vasasbasket.hu\/index.php\/izgalmas-parharccal-zarjuk-a-szezont\/#primaryimage\"},\"thumbnailUrl\":\"https:\/\/vasasbasket.hu\/wp-content\/uploads\/2026\/04\/20260110_IF_047.jpg\",\"articleSection\":[\"NB1\/A\",\"\u00d6sszes H\u00edr\"],\"inLanguage\":\"hu\"},{\"@type\":\"WebPage\",\"@id\":\"https:\/\/vasasbasket.hu\/index.php\/izgalmas-parharccal-zarjuk-a-szezont\/\",\"url\":\"https:\/\/vasasbasket.hu\/index.php\/izgalmas-parharccal-zarjuk-a-szezont\/\",\"name\":\"Izgalmas p\u00e1rharccal z\u00e1rjuk a szezont - Vasas n\u0151i kos\u00e1rlabda\",\"isPartOf\":{\"@id\":\"https:\/\/vasasbasket.hu\/#website\"},\"primaryImageOfPage\":{\"@id\":\"https:\/\/vasasbasket.hu\/index.php\/izgalmas-parharccal-zarjuk-a-szezont\/#primaryimage\"},\"image\":{\"@id\":\"https:\/\/vasasbasket.hu\/index.php\/izgalmas-parharccal-zarjuk-a-szezont\/#primaryimage\"},\"thumbnailUrl\":\"https:\/\/vasasbasket.hu\/wp-content\/uploads\/2026\/04\/20260110_IF_047.jpg\",\"datePublished\":\"2026-04-28T14:31:20+00:00\",\"breadcrumb\":{\"@id\":\"https:\/\/vasasbasket.hu\/index.php\/izgalmas-parharccal-zarjuk-a-szezont\/#breadcrumb\"},\"inLanguage\":\"hu\",\"potentialAction\":[{\"@type\":\"ReadAction\",\"target\":[\"https:\/\/vasasbasket.hu\/index.php\/izgalmas-parharccal-zarjuk-a-szezont\/\"]}]},{\"@type\":\"ImageObject\",\"inLanguage\":\"hu\",\"@id\":\"https:\/\/vasasbasket.hu\/index.php\/izgalmas-parharccal-zarjuk-a-szezont\/#primaryimage\",\"url\":\"https:\/\/vasasbasket.hu\/wp-content\/uploads\/2026\/04\/20260110_IF_047.jpg\",\"contentUrl\":\"https:\/\/vasasbasket.hu\/wp-content\/uploads\/2026\/04\/20260110_IF_047.jpg\",\"width\":2500,\"height\":1667},{\"@type\":\"BreadcrumbList\",\"@id\":\"https:\/\/vasasbasket.hu\/index.php\/izgalmas-parharccal-zarjuk-a-szezont\/#breadcrumb\",\"itemListElement\":[{\"@type\":\"ListItem\",\"position\":1,\"name\":\"Kezd\u0151lap\",\"item\":\"https:\/\/vasasbasket.hu\/\"},{\"@type\":\"ListItem\",\"position\":2,\"name\":\"Izgalmas p\u00e1rharccal z\u00e1rjuk a szezont\"}]},{\"@type\":\"WebSite\",\"@id\":\"https:\/\/vasasbasket.hu\/#website\",\"url\":\"https:\/\/vasasbasket.hu\/\",\"name\":\"Vasas n\u0151i kos\u00e1rlabda\",\"description\":\"Vasas Basket N\u0151i\",\"publisher\":{\"@id\":\"https:\/\/vasasbasket.hu\/#organization\"},\"potentialAction\":[{\"@type\":\"SearchAction\",\"target\":{\"@type\":\"EntryPoint\",\"urlTemplate\":\"https:\/\/vasasbasket.hu\/?s={search_term_string}\"},\"query-input\":{\"@type\":\"PropertyValueSpecification\",\"valueRequired\":true,\"valueName\":\"search_term_string\"}}],\"inLanguage\":\"hu\"},{\"@type\":\"Organization\",\"@id\":\"https:\/\/vasasbasket.hu\/#organization\",\"name\":\"Vasas n\u0151i kos\u00e1rlabda\",\"url\":\"https:\/\/vasasbasket.hu\/\",\"logo\":{\"@type\":\"ImageObject\",\"inLanguage\":\"hu\",\"@id\":\"https:\/\/vasasbasket.hu\/#\/schema\/logo\/image\/\",\"url\":\"https:\/\/vasasbasket.hu\/wp-content\/uploads\/2017\/03\/vasas_cimer_1200.jpg\",\"contentUrl\":\"https:\/\/vasasbasket.hu\/wp-content\/uploads\/2017\/03\/vasas_cimer_1200.jpg\",\"width\":1200,\"height\":1200,\"caption\":\"Vasas n\u0151i kos\u00e1rlabda\"},\"image\":{\"@id\":\"https:\/\/vasasbasket.hu\/#\/schema\/logo\/image\/\"},\"sameAs\":[\"https:\/\/www.facebook.com\/vasaswbasket\/\"]},{\"@type\":\"Person\",\"@id\":\"https:\/\/vasasbasket.hu\/#\/schema\/person\/cce3d40284d729c98742af771668678b\",\"name\":\"Staszelis Rafal\",\"image\":{\"@type\":\"ImageObject\",\"inLanguage\":\"hu\",\"@id\":\"https:\/\/vasasbasket.hu\/#\/schema\/person\/image\/\",\"url\":\"https:\/\/secure.gravatar.com\/avatar\/dd648a2eae6e2ec122d87922ad625d8e10c16f8a8b4c7ab41bd9614806a230bb?s=96&d=mm&r=g\",\"contentUrl\":\"https:\/\/secure.gravatar.com\/avatar\/dd648a2eae6e2ec122d87922ad625d8e10c16f8a8b4c7ab41bd9614806a230bb?s=96&d=mm&r=g\",\"caption\":\"Staszelis Rafal\"},\"url\":\"https:\/\/vasasbasket.hu\/index.php\/author\/rafi\/\"}]}<\/script>\n<!-- \/ Yoast SEO plugin. -->","yoast_head_json":{"title":"Izgalmas p\u00e1rharccal z\u00e1rjuk a szezont - Vasas n\u0151i kos\u00e1rlabda","robots":{"index":"index","follow":"follow","max-snippet":"max-snippet:-1","max-image-preview":"max-image-preview:large","max-video-preview":"max-video-preview:-1"},"canonical":"https:\/\/vasasbasket.hu\/index.php\/izgalmas-parharccal-zarjuk-a-szezont\/","og_locale":"hu_HU","og_type":"article","og_title":"Izgalmas p\u00e1rharccal z\u00e1rjuk a szezont - Vasas n\u0151i kos\u00e1rlabda","og_description":"Szerd\u00e1n megkezdj\u00fck a N\u0151i NBI\/A r\u00e1j\u00e1tsz\u00e1s\u00e1nak utols\u00f3 k\u00f6r\u00e9t, a 7. hely\u00e9rt a Vasas Akad\u00e9mia n\u00e9mi meglepet\u00e9sre a TARR KSC Szeksz\u00e1rddal fog csat\u00e1t v\u00edvni. A Play-Off-ban f\u0151v\u00e1rosi csapatok ellen eddig nem volt szerencs\u00e9je az alapszakaszt 4. helyen z\u00e1r\u00f3 egy\u00fcttesnek, amely el\u0151bb a TFSE, majd a BEAC elleni p\u00e1rharcot is elvesz\u00edtette. Az els\u0151 felvon\u00e1st szerd\u00e1n 18:00-kor j\u00e1tsszuk...","og_url":"https:\/\/vasasbasket.hu\/index.php\/izgalmas-parharccal-zarjuk-a-szezont\/","og_site_name":"Vasas n\u0151i kos\u00e1rlabda","article_publisher":"https:\/\/www.facebook.com\/vasaswbasket\/","article_published_time":"2026-04-28T14:31:20+00:00","og_image":[{"width":1024,"height":683,"url":"https:\/\/vasasbasket.hu\/wp-content\/uploads\/2026\/04\/20260110_IF_047-1024x683.jpg","type":"image\/jpeg"}],"author":"Staszelis Rafal","twitter_card":"summary_large_image","twitter_misc":{"Szerz\u0151:":"Staszelis Rafal","Becs\u00fclt olvas\u00e1si id\u0151":"2 perc"},"schema":{"@context":"https:\/\/schema.org","@graph":[{"@type":"Article","@id":"https:\/\/vasasbasket.hu\/index.php\/izgalmas-parharccal-zarjuk-a-szezont\/#article","isPartOf":{"@id":"https:\/\/vasasbasket.hu\/index.php\/izgalmas-parharccal-zarjuk-a-szezont\/"},"author":{"name":"Staszelis Rafal","@id":"https:\/\/vasasbasket.hu\/#\/schema\/person\/cce3d40284d729c98742af771668678b"},"headline":"Izgalmas p\u00e1rharccal z\u00e1rjuk a szezont","datePublished":"2026-04-28T14:31:20+00:00","mainEntityOfPage":{"@id":"https:\/\/vasasbasket.hu\/index.php\/izgalmas-parharccal-zarjuk-a-szezont\/"},"wordCount":354,"publisher":{"@id":"https:\/\/vasasbasket.hu\/#organization"},"image":{"@id":"https:\/\/vasasbasket.hu\/index.php\/izgalmas-parharccal-zarjuk-a-szezont\/#primaryimage"},"thumbnailUrl":"https:\/\/vasasbasket.hu\/wp-content\/uploads\/2026\/04\/20260110_IF_047.jpg","articleSection":["NB1\/A","\u00d6sszes H\u00edr"],"inLanguage":"hu"},{"@type":"WebPage","@id":"https:\/\/vasasbasket.hu\/index.php\/izgalmas-parharccal-zarjuk-a-szezont\/","url":"https:\/\/vasasbasket.hu\/index.php\/izgalmas-parharccal-zarjuk-a-szezont\/","name":"Izgalmas p\u00e1rharccal z\u00e1rjuk a szezont - Vasas n\u0151i kos\u00e1rlabda","isPartOf":{"@id":"https:\/\/vasasbasket.hu\/#website"},"primaryImageOfPage":{"@id":"https:\/\/vasasbasket.hu\/index.php\/izgalmas-parharccal-zarjuk-a-szezont\/#primaryimage"},"image":{"@id":"https:\/\/vasasbasket.hu\/index.php\/izgalmas-parharccal-zarjuk-a-szezont\/#primaryimage"},"thumbnailUrl":"https:\/\/vasasbasket.hu\/wp-content\/uploads\/2026\/04\/20260110_IF_047.jpg","datePublished":"2026-04-28T14:31:20+00:00","breadcrumb":{"@id":"https:\/\/vasasbasket.hu\/index.php\/izgalmas-parharccal-zarjuk-a-szezont\/#breadcrumb"},"inLanguage":"hu","potentialAction":[{"@type":"ReadAction","target":["https:\/\/vasasbasket.hu\/index.php\/izgalmas-parharccal-zarjuk-a-szezont\/"]}]},{"@type":"ImageObject","inLanguage":"hu","@id":"https:\/\/vasasbasket.hu\/index.php\/izgalmas-parharccal-zarjuk-a-szezont\/#primaryimage","url":"https:\/\/vasasbasket.hu\/wp-content\/uploads\/2026\/04\/20260110_IF_047.jpg","contentUrl":"https:\/\/vasasbasket.hu\/wp-content\/uploads\/2026\/04\/20260110_IF_047.jpg","width":2500,"height":1667},{"@type":"BreadcrumbList","@id":"https:\/\/vasasbasket.hu\/index.php\/izgalmas-parharccal-zarjuk-a-szezont\/#breadcrumb","itemListElement":[{"@type":"ListItem","position":1,"name":"Kezd\u0151lap","item":"https:\/\/vasasbasket.hu\/"},{"@type":"ListItem","position":2,"name":"Izgalmas p\u00e1rharccal z\u00e1rjuk a szezont"}]},{"@type":"WebSite","@id":"https:\/\/vasasbasket.hu\/#website","url":"https:\/\/vasasbasket.hu\/","name":"Vasas n\u0151i kos\u00e1rlabda","description":"Vasas Basket N\u0151i","publisher":{"@id":"https:\/\/vasasbasket.hu\/#organization"},"potentialAction":[{"@type":"SearchAction","target":{"@type":"EntryPoint","urlTemplate":"https:\/\/vasasbasket.hu\/?s={search_term_string}"},"query-input":{"@type":"PropertyValueSpecification","valueRequired":true,"valueName":"search_term_string"}}],"inLanguage":"hu"},{"@type":"Organization","@id":"https:\/\/vasasbasket.hu\/#organization","name":"Vasas n\u0151i kos\u00e1rlabda","url":"https:\/\/vasasbasket.hu\/","logo":{"@type":"ImageObject","inLanguage":"hu","@id":"https:\/\/vasasbasket.hu\/#\/schema\/logo\/image\/","url":"https:\/\/vasasbasket.hu\/wp-content\/uploads\/2017\/03\/vasas_cimer_1200.jpg","contentUrl":"https:\/\/vasasbasket.hu\/wp-content\/uploads\/2017\/03\/vasas_cimer_1200.jpg","width":1200,"height":1200,"caption":"Vasas n\u0151i kos\u00e1rlabda"},"image":{"@id":"https:\/\/vasasbasket.hu\/#\/schema\/logo\/image\/"},"sameAs":["https:\/\/www.facebook.com\/vasaswbasket\/"]},{"@type":"Person","@id":"https:\/\/vasasbasket.hu\/#\/schema\/person\/cce3d40284d729c98742af771668678b","name":"Staszelis Rafal","image":{"@type":"ImageObject","inLanguage":"hu","@id":"https:\/\/vasasbasket.hu\/#\/schema\/person\/image\/","url":"https:\/\/secure.gravatar.com\/avatar\/dd648a2eae6e2ec122d87922ad625d8e10c16f8a8b4c7ab41bd9614806a230bb?s=96&d=mm&r=g","contentUrl":"https:\/\/secure.gravatar.com\/avatar\/dd648a2eae6e2ec122d87922ad625d8e10c16f8a8b4c7ab41bd9614806a230bb?s=96&d=mm&r=g","caption":"Staszelis Rafal"},"url":"https:\/\/vasasbasket.hu\/index.php\/author\/rafi\/"}]}},"_links":{"self":[{"href":"https:\/\/vasasbasket.hu\/index.php\/wp-json\/wp\/v2\/posts\/16706","targetHints":{"allow":["GET"]}}],"collection":[{"href":"https:\/\/vasasbasket.hu\/index.php\/wp-json\/wp\/v2\/posts"}],"about":[{"href":"https:\/\/vasasbasket.hu\/index.php\/wp-json\/wp\/v2\/types\/post"}],"author":[{"embeddable":true,"href":"https:\/\/vasasbasket.hu\/index.php\/wp-json\/wp\/v2\/users\/3"}],"replies":[{"embeddable":true,"href":"https:\/\/vasasbasket.hu\/index.php\/wp-json\/wp\/v2\/comments?post=16706"}],"version-history":[{"count":1,"href":"https:\/\/vasasbasket.hu\/index.php\/wp-json\/wp\/v2\/posts\/16706\/revisions"}],"predecessor-version":[{"id":16708,"href":"https:\/\/vasasbasket.hu\/index.php\/wp-json\/wp\/v2\/posts\/16706\/revisions\/16708"}],"wp:featuredmedia":[{"embeddable":true,"href":"https:\/\/vasasbasket.hu\/index.php\/wp-json\/wp\/v2\/media\/16707"}],"wp:attachment":[{"href":"https:\/\/vasasbasket.hu\/index.php\/wp-json\/wp\/v2\/media?parent=16706"}],"wp:term":[{"taxonomy":"category","embeddable":true,"href":"https:\/\/vasasbasket.hu\/index.php\/wp-json\/wp\/v2\/categories?post=16706"},{"taxonomy":"post_tag","embeddable":true,"href":"https:\/\/vasasbasket.hu\/index.php\/wp-json\/wp\/v2\/tags?post=16706"}],"curies":[{"name":"wp","href":"https:\/\/api.w.org\/{rel}","templated":true}]}}