{"id":16703,"date":"2026-04-28T08:01:55","date_gmt":"2026-04-28T08:01:55","guid":{"rendered":"https:\/\/vasasbasket.hu\/?p=16703"},"modified":"2026-04-28T08:01:55","modified_gmt":"2026-04-28T08:01:55","slug":"gyozelemmel-zartak-az-alapszakaszt-2","status":"publish","type":"post","link":"https:\/\/vasasbasket.hu\/index.php\/gyozelemmel-zartak-az-alapszakaszt-2\/","title":{"rendered":"Gy\u0151zelemmel z\u00e1rt\u00e1k az alapszakaszt"},"content":{"rendered":"<p><strong>A Vasas Amazonok U12-es csapata t\u00e9t n\u00e9lk\u00fcl v\u00e1ghatott neki az alapszakasz utols\u00f3 fordul\u00f3j\u00e1hoz, l\u00e1nyaink a K\u0151b\u00e1nyai Dar\u00e1zsl\u00e1nyok \/ \u00e9s a BSC Le\u00e1ny\/A egy\u00fctteseivel m\u00e9rk\u0151ztek meg. Nem siker\u00fclt kell\u0151en felp\u00f6r\u00f6gni az els\u0151 \u00f6sszecsap\u00e1sra, a BSC ellen azonban rendezt\u00fck sorainkat, \u00edgy gy\u0151zelemmel \u00fcnnepelhett\u00fck az alapszakasz v\u00e9g\u00e9t.<\/strong><\/p>\n<p>El\u00e9rkezt\u00fcnk az alapszakasz utols\u00f3 fordul\u00f3j\u00e1hoz. Nyom\u00e1s m\u00e1r nem volt rajtunk, hiszen a m\u00e9rk\u0151z\u00e9sek kimenetele a d\u00f6nt\u0151 szempontj\u00e1b\u00f3l m\u00e1r nem sz\u00e1m\u00edtottak. Sajnos az els\u0151 m\u00e9rk\u0151z\u00e9s\u00fcnk pontosan t\u00fckr\u00f6zte a heti edz\u00e9smunk\u00e1t is, t\u00f6bb dologban is alulmaradtunk. A p\u00e1ratlan negyedekben l\u00e1thattunk a l\u00e1nyokt\u00f3l sz\u00e9p passz befut\u00e1s g\u00f3lokat, Rozi, Panka, Elza, Helga \u00e9s S\u00e1ri j\u00f3l megtal\u00e1lt\u00e1k egym\u00e1st a p\u00e1ly\u00e1n. A p\u00e1ros negyedekben ezekb\u0151l kevesebbet l\u00e1thattunk, itt szeretn\u00e9m kiemelni Vir\u00e1g \u00e9s Milla b\u00e1tor t\u00e1mad\u00e1sait. Pontatlanok voltak a befejez\u00e9sek, a passzok amikb\u0151l sok eladott labd\u00e1nk volt \u00e9s v\u00e9dekez\u00e9sben sem voltunk kell\u0151en agressz\u00edvak. \u00dagy gondolom, hogy a l\u00e1nyoknak ez a veres\u00e9g hasznos volt, hogy megtapasztalj\u00e1k \u0151k is, hogy az edz\u00e9sen v\u00e9gzett munka min\u0151s\u00e9ge megl\u00e1tszik a m\u00e9rk\u0151z\u00e9sen &#8211; mondta a csapat edz\u0151je, Simon R\u00e9ka.<\/p>\n<p><strong>Vasas Amazonok &#8211; K\u0151b\u00e1nyai Dar\u00e1zsl\u00e1nyok\/A 34-48<\/strong> (8-8, 10-19, 4-7, 12-14)<br \/>\n<em>Pontszerz\u0151k:<\/em><br \/>\n<strong>Vasas Amazonok: <\/strong>Bog\u00e1r Milla 6, Bosny\u00e1k Vir\u00e1g 5, Borosnyai Luca 4, Forg\u00e1cs Helga 4, Kendel\u00e9nyi Lelle 4, Menyh\u00e9rt Lilla 3, Hajd\u00fa F\u00e1ni 2, Sz\u00e9csi &#8211; Bozs\u00f3 Panka 2, Bal\u00e1zs Elza 2, Mohos Zs\u00f3fi 2, Somos Rozi, Kov\u00e1cs S\u00e1ri<\/p>\n<p>A m\u00e1sodik m\u00e9rk\u0151z\u00e9sen szerett\u00fck volna jav\u00edtani a teljes\u00edtm\u00e9ny\u00fcnket. A l\u00e1nyok nagy lend\u00fclettel kezdt\u00e9k meg a m\u00e9rk\u0151z\u00e9st, agressz\u00edvan v\u00e9dekeztek amib\u0151l tudtunk labd\u00e1kat szerezni \u00e9s k\u00f6nny\u0171 kosarakat dobni. Az els\u0151 negyedben szeretn\u00e9m kiemelni F\u00e1nit, aki pontjaival \u00e9s t\u00e1mad\u00f3lepattan\u00f3ival vitte h\u00e1t\u00e1n a csapatot. A m\u00e1sodik negyedben egy kisebb m\u00e9lyzuhan\u00e1sba ker\u00fclt\u00fcnk, az ellenf\u00e9l magass\u00e1g\u00e1val nem tudtunk mit kezdeni, \u00edgy itt szinte eg\u00e1lt j\u00e1tszottunk a BSC l\u00e1nyaival. A m\u00e1sodik f\u00e9lid\u0151ben mozg\u00f3s\u00edtottuk az \u00f6sszes megmaradt energi\u00e1t, aminek k\u00f6sz\u00f6nhet\u0151en gy\u0151zelemmel tudtuk z\u00e1rni az alapszakaszt. A negyedik negyedben szeretn\u00e9m kiemelni Lilla v\u00e9dekez\u00e9s\u00e9t, aki sz\u00e9pen v\u00e9dte az ellenf\u00e9l magas j\u00e1t\u00e9kos\u00e1t. Ez a gy\u0151zelem csapatmunka volt, mindenki hozz\u00e1j\u00e1rult pontjaival. \u00d6sszess\u00e9g\u00e9ben azt gondolom, hogy hasznos m\u00e9rk\u0151z\u00e9seket j\u00e1tszottunk, \u00e9s nagyon j\u00f3 tanul\u00f3p\u00e9nz volt sz\u00e1munkra, \u00edgy az Orsz\u00e1gos D\u00f6nt\u0151 el\u0151tt. Igyeksz\u00fcnk a hib\u00e1inkat kijav\u00edtani a k\u00f6vetkez\u0151 hetekben, \u00e9s felvenni a versenyt a k\u00f6zelg\u0151 n\u00e9gy napos torn\u00e1n &#8211; \u00e9rt\u00e9kelt Simon R\u00e9ka.<\/p>\n<p><strong>BSC Le\u00e1ny\/A &#8211; Vasas Amazonok 33-78<\/strong> (4-18, 14-18, 7-20, 8-22)<br \/>\n<em>Pontszerz\u0151k:<\/em><br \/>\n<strong>Vasas Amazonok:: <\/strong>Borosnyai Luca 16, Hajd\u00fa F\u00e1ni 14, Sz\u00e9csi &#8211; Bozs\u00f3 Panka 8, Komor\u00f3czki Emma 8, Kendel\u00e9nyi Lelle 8, Forg\u00e1cs Helga 6, Kov\u00e1cs S\u00e1ri 6, Bal\u00e1zs Elza 4, Koncz Minci 2, Menyh\u00e9rt Lilla 2, Mohos Zs\u00f3fi 2, Bosny\u00e1k Vir\u00e1g 2<\/p>\n","protected":false},"excerpt":{"rendered":"<p>A Vasas Amazonok U12-es csapata t\u00e9t n\u00e9lk\u00fcl v\u00e1ghatott neki az alapszakasz utols\u00f3 fordul\u00f3j\u00e1hoz, l\u00e1nyaink a K\u0151b\u00e1nyai Dar\u00e1zsl\u00e1nyok \/ \u00e9s a BSC Le\u00e1ny\/A egy\u00fctteseivel m\u00e9rk\u0151ztek meg. Nem siker\u00fclt kell\u0151en felp\u00f6r\u00f6gni az els\u0151 \u00f6sszecsap\u00e1sra, a BSC ellen azonban rendezt\u00fck sorainkat, \u00edgy gy\u0151zelemmel \u00fcnnepelhett\u00fck az alapszakasz v\u00e9g\u00e9t. El\u00e9rkezt\u00fcnk az alapszakasz utols\u00f3 fordul\u00f3j\u00e1hoz. Nyom\u00e1s m\u00e1r nem volt rajtunk, hiszen&#8230;<\/p>\n","protected":false},"author":3,"featured_media":16704,"comment_status":"closed","ping_status":"closed","sticky":false,"template":"","format":"standard","meta":{"footnotes":""},"categories":[73,92],"tags":[],"class_list":["post-16703","post","type-post","status-publish","format-standard","has-post-thumbnail","hentry","category-gyerek","category-hirek"],"yoast_head":"<!-- This site is optimized with the Yoast SEO plugin v26.0 - https:\/\/yoast.com\/wordpress\/plugins\/seo\/ -->\n<title>Gy\u0151zelemmel z\u00e1rt\u00e1k az alapszakaszt - Vasas n\u0151i kos\u00e1rlabda<\/title>\n<meta name=\"robots\" content=\"index, follow, max-snippet:-1, max-image-preview:large, max-video-preview:-1\" \/>\n<link rel=\"canonical\" href=\"https:\/\/vasasbasket.hu\/index.php\/gyozelemmel-zartak-az-alapszakaszt-2\/\" \/>\n<meta property=\"og:locale\" content=\"hu_HU\" \/>\n<meta property=\"og:type\" content=\"article\" \/>\n<meta property=\"og:title\" content=\"Gy\u0151zelemmel z\u00e1rt\u00e1k az alapszakaszt - Vasas n\u0151i kos\u00e1rlabda\" \/>\n<meta property=\"og:description\" content=\"A Vasas Amazonok U12-es csapata t\u00e9t n\u00e9lk\u00fcl v\u00e1ghatott neki az alapszakasz utols\u00f3 fordul\u00f3j\u00e1hoz, l\u00e1nyaink a K\u0151b\u00e1nyai Dar\u00e1zsl\u00e1nyok \/ \u00e9s a BSC Le\u00e1ny\/A egy\u00fctteseivel m\u00e9rk\u0151ztek meg. Nem siker\u00fclt kell\u0151en felp\u00f6r\u00f6gni az els\u0151 \u00f6sszecsap\u00e1sra, a BSC ellen azonban rendezt\u00fck sorainkat, \u00edgy gy\u0151zelemmel \u00fcnnepelhett\u00fck az alapszakasz v\u00e9g\u00e9t. El\u00e9rkezt\u00fcnk az alapszakasz utols\u00f3 fordul\u00f3j\u00e1hoz. Nyom\u00e1s m\u00e1r nem volt rajtunk, hiszen...\" \/>\n<meta property=\"og:url\" content=\"https:\/\/vasasbasket.hu\/index.php\/gyozelemmel-zartak-az-alapszakaszt-2\/\" \/>\n<meta property=\"og:site_name\" content=\"Vasas n\u0151i kos\u00e1rlabda\" \/>\n<meta property=\"article:publisher\" content=\"https:\/\/www.facebook.com\/vasaswbasket\/\" \/>\n<meta property=\"article:published_time\" content=\"2026-04-28T08:01:55+00:00\" \/>\n<meta property=\"og:image\" content=\"https:\/\/vasasbasket.hu\/wp-content\/uploads\/2026\/04\/IMG_9126-scaled.jpeg\" \/>\n\t<meta property=\"og:image:width\" content=\"2560\" \/>\n\t<meta property=\"og:image:height\" content=\"1920\" \/>\n\t<meta property=\"og:image:type\" content=\"image\/jpeg\" \/>\n<meta name=\"author\" content=\"Staszelis Rafal\" \/>\n<meta name=\"twitter:card\" content=\"summary_large_image\" \/>\n<meta name=\"twitter:label1\" content=\"Szerz\u0151:\" \/>\n\t<meta name=\"twitter:data1\" content=\"Staszelis Rafal\" \/>\n\t<meta name=\"twitter:label2\" content=\"Becs\u00fclt olvas\u00e1si id\u0151\" \/>\n\t<meta name=\"twitter:data2\" content=\"3 perc\" \/>\n<script type=\"application\/ld+json\" class=\"yoast-schema-graph\">{\"@context\":\"https:\/\/schema.org\",\"@graph\":[{\"@type\":\"Article\",\"@id\":\"https:\/\/vasasbasket.hu\/index.php\/gyozelemmel-zartak-az-alapszakaszt-2\/#article\",\"isPartOf\":{\"@id\":\"https:\/\/vasasbasket.hu\/index.php\/gyozelemmel-zartak-az-alapszakaszt-2\/\"},\"author\":{\"name\":\"Staszelis Rafal\",\"@id\":\"https:\/\/vasasbasket.hu\/#\/schema\/person\/cce3d40284d729c98742af771668678b\"},\"headline\":\"Gy\u0151zelemmel z\u00e1rt\u00e1k az alapszakaszt\",\"datePublished\":\"2026-04-28T08:01:55+00:00\",\"mainEntityOfPage\":{\"@id\":\"https:\/\/vasasbasket.hu\/index.php\/gyozelemmel-zartak-az-alapszakaszt-2\/\"},\"wordCount\":590,\"publisher\":{\"@id\":\"https:\/\/vasasbasket.hu\/#organization\"},\"image\":{\"@id\":\"https:\/\/vasasbasket.hu\/index.php\/gyozelemmel-zartak-az-alapszakaszt-2\/#primaryimage\"},\"thumbnailUrl\":\"https:\/\/vasasbasket.hu\/wp-content\/uploads\/2026\/04\/IMG_9126-scaled.jpeg\",\"articleSection\":[\"Gyerek\",\"\u00d6sszes H\u00edr\"],\"inLanguage\":\"hu\"},{\"@type\":\"WebPage\",\"@id\":\"https:\/\/vasasbasket.hu\/index.php\/gyozelemmel-zartak-az-alapszakaszt-2\/\",\"url\":\"https:\/\/vasasbasket.hu\/index.php\/gyozelemmel-zartak-az-alapszakaszt-2\/\",\"name\":\"Gy\u0151zelemmel z\u00e1rt\u00e1k az alapszakaszt - Vasas n\u0151i kos\u00e1rlabda\",\"isPartOf\":{\"@id\":\"https:\/\/vasasbasket.hu\/#website\"},\"primaryImageOfPage\":{\"@id\":\"https:\/\/vasasbasket.hu\/index.php\/gyozelemmel-zartak-az-alapszakaszt-2\/#primaryimage\"},\"image\":{\"@id\":\"https:\/\/vasasbasket.hu\/index.php\/gyozelemmel-zartak-az-alapszakaszt-2\/#primaryimage\"},\"thumbnailUrl\":\"https:\/\/vasasbasket.hu\/wp-content\/uploads\/2026\/04\/IMG_9126-scaled.jpeg\",\"datePublished\":\"2026-04-28T08:01:55+00:00\",\"breadcrumb\":{\"@id\":\"https:\/\/vasasbasket.hu\/index.php\/gyozelemmel-zartak-az-alapszakaszt-2\/#breadcrumb\"},\"inLanguage\":\"hu\",\"potentialAction\":[{\"@type\":\"ReadAction\",\"target\":[\"https:\/\/vasasbasket.hu\/index.php\/gyozelemmel-zartak-az-alapszakaszt-2\/\"]}]},{\"@type\":\"ImageObject\",\"inLanguage\":\"hu\",\"@id\":\"https:\/\/vasasbasket.hu\/index.php\/gyozelemmel-zartak-az-alapszakaszt-2\/#primaryimage\",\"url\":\"https:\/\/vasasbasket.hu\/wp-content\/uploads\/2026\/04\/IMG_9126-scaled.jpeg\",\"contentUrl\":\"https:\/\/vasasbasket.hu\/wp-content\/uploads\/2026\/04\/IMG_9126-scaled.jpeg\",\"width\":2560,\"height\":1920},{\"@type\":\"BreadcrumbList\",\"@id\":\"https:\/\/vasasbasket.hu\/index.php\/gyozelemmel-zartak-az-alapszakaszt-2\/#breadcrumb\",\"itemListElement\":[{\"@type\":\"ListItem\",\"position\":1,\"name\":\"Kezd\u0151lap\",\"item\":\"https:\/\/vasasbasket.hu\/\"},{\"@type\":\"ListItem\",\"position\":2,\"name\":\"Gy\u0151zelemmel z\u00e1rt\u00e1k az alapszakaszt\"}]},{\"@type\":\"WebSite\",\"@id\":\"https:\/\/vasasbasket.hu\/#website\",\"url\":\"https:\/\/vasasbasket.hu\/\",\"name\":\"Vasas n\u0151i kos\u00e1rlabda\",\"description\":\"Vasas Basket N\u0151i\",\"publisher\":{\"@id\":\"https:\/\/vasasbasket.hu\/#organization\"},\"potentialAction\":[{\"@type\":\"SearchAction\",\"target\":{\"@type\":\"EntryPoint\",\"urlTemplate\":\"https:\/\/vasasbasket.hu\/?s={search_term_string}\"},\"query-input\":{\"@type\":\"PropertyValueSpecification\",\"valueRequired\":true,\"valueName\":\"search_term_string\"}}],\"inLanguage\":\"hu\"},{\"@type\":\"Organization\",\"@id\":\"https:\/\/vasasbasket.hu\/#organization\",\"name\":\"Vasas n\u0151i kos\u00e1rlabda\",\"url\":\"https:\/\/vasasbasket.hu\/\",\"logo\":{\"@type\":\"ImageObject\",\"inLanguage\":\"hu\",\"@id\":\"https:\/\/vasasbasket.hu\/#\/schema\/logo\/image\/\",\"url\":\"https:\/\/vasasbasket.hu\/wp-content\/uploads\/2017\/03\/vasas_cimer_1200.jpg\",\"contentUrl\":\"https:\/\/vasasbasket.hu\/wp-content\/uploads\/2017\/03\/vasas_cimer_1200.jpg\",\"width\":1200,\"height\":1200,\"caption\":\"Vasas n\u0151i kos\u00e1rlabda\"},\"image\":{\"@id\":\"https:\/\/vasasbasket.hu\/#\/schema\/logo\/image\/\"},\"sameAs\":[\"https:\/\/www.facebook.com\/vasaswbasket\/\"]},{\"@type\":\"Person\",\"@id\":\"https:\/\/vasasbasket.hu\/#\/schema\/person\/cce3d40284d729c98742af771668678b\",\"name\":\"Staszelis Rafal\",\"image\":{\"@type\":\"ImageObject\",\"inLanguage\":\"hu\",\"@id\":\"https:\/\/vasasbasket.hu\/#\/schema\/person\/image\/\",\"url\":\"https:\/\/secure.gravatar.com\/avatar\/dd648a2eae6e2ec122d87922ad625d8e10c16f8a8b4c7ab41bd9614806a230bb?s=96&d=mm&r=g\",\"contentUrl\":\"https:\/\/secure.gravatar.com\/avatar\/dd648a2eae6e2ec122d87922ad625d8e10c16f8a8b4c7ab41bd9614806a230bb?s=96&d=mm&r=g\",\"caption\":\"Staszelis Rafal\"},\"url\":\"https:\/\/vasasbasket.hu\/index.php\/author\/rafi\/\"}]}<\/script>\n<!-- \/ Yoast SEO plugin. -->","yoast_head_json":{"title":"Gy\u0151zelemmel z\u00e1rt\u00e1k az alapszakaszt - Vasas n\u0151i kos\u00e1rlabda","robots":{"index":"index","follow":"follow","max-snippet":"max-snippet:-1","max-image-preview":"max-image-preview:large","max-video-preview":"max-video-preview:-1"},"canonical":"https:\/\/vasasbasket.hu\/index.php\/gyozelemmel-zartak-az-alapszakaszt-2\/","og_locale":"hu_HU","og_type":"article","og_title":"Gy\u0151zelemmel z\u00e1rt\u00e1k az alapszakaszt - Vasas n\u0151i kos\u00e1rlabda","og_description":"A Vasas Amazonok U12-es csapata t\u00e9t n\u00e9lk\u00fcl v\u00e1ghatott neki az alapszakasz utols\u00f3 fordul\u00f3j\u00e1hoz, l\u00e1nyaink a K\u0151b\u00e1nyai Dar\u00e1zsl\u00e1nyok \/ \u00e9s a BSC Le\u00e1ny\/A egy\u00fctteseivel m\u00e9rk\u0151ztek meg. Nem siker\u00fclt kell\u0151en felp\u00f6r\u00f6gni az els\u0151 \u00f6sszecsap\u00e1sra, a BSC ellen azonban rendezt\u00fck sorainkat, \u00edgy gy\u0151zelemmel \u00fcnnepelhett\u00fck az alapszakasz v\u00e9g\u00e9t. El\u00e9rkezt\u00fcnk az alapszakasz utols\u00f3 fordul\u00f3j\u00e1hoz. Nyom\u00e1s m\u00e1r nem volt rajtunk, hiszen...","og_url":"https:\/\/vasasbasket.hu\/index.php\/gyozelemmel-zartak-az-alapszakaszt-2\/","og_site_name":"Vasas n\u0151i kos\u00e1rlabda","article_publisher":"https:\/\/www.facebook.com\/vasaswbasket\/","article_published_time":"2026-04-28T08:01:55+00:00","og_image":[{"width":2560,"height":1920,"url":"https:\/\/vasasbasket.hu\/wp-content\/uploads\/2026\/04\/IMG_9126-scaled.jpeg","type":"image\/jpeg"}],"author":"Staszelis Rafal","twitter_card":"summary_large_image","twitter_misc":{"Szerz\u0151:":"Staszelis Rafal","Becs\u00fclt olvas\u00e1si id\u0151":"3 perc"},"schema":{"@context":"https:\/\/schema.org","@graph":[{"@type":"Article","@id":"https:\/\/vasasbasket.hu\/index.php\/gyozelemmel-zartak-az-alapszakaszt-2\/#article","isPartOf":{"@id":"https:\/\/vasasbasket.hu\/index.php\/gyozelemmel-zartak-az-alapszakaszt-2\/"},"author":{"name":"Staszelis Rafal","@id":"https:\/\/vasasbasket.hu\/#\/schema\/person\/cce3d40284d729c98742af771668678b"},"headline":"Gy\u0151zelemmel z\u00e1rt\u00e1k az alapszakaszt","datePublished":"2026-04-28T08:01:55+00:00","mainEntityOfPage":{"@id":"https:\/\/vasasbasket.hu\/index.php\/gyozelemmel-zartak-az-alapszakaszt-2\/"},"wordCount":590,"publisher":{"@id":"https:\/\/vasasbasket.hu\/#organization"},"image":{"@id":"https:\/\/vasasbasket.hu\/index.php\/gyozelemmel-zartak-az-alapszakaszt-2\/#primaryimage"},"thumbnailUrl":"https:\/\/vasasbasket.hu\/wp-content\/uploads\/2026\/04\/IMG_9126-scaled.jpeg","articleSection":["Gyerek","\u00d6sszes H\u00edr"],"inLanguage":"hu"},{"@type":"WebPage","@id":"https:\/\/vasasbasket.hu\/index.php\/gyozelemmel-zartak-az-alapszakaszt-2\/","url":"https:\/\/vasasbasket.hu\/index.php\/gyozelemmel-zartak-az-alapszakaszt-2\/","name":"Gy\u0151zelemmel z\u00e1rt\u00e1k az alapszakaszt - Vasas n\u0151i kos\u00e1rlabda","isPartOf":{"@id":"https:\/\/vasasbasket.hu\/#website"},"primaryImageOfPage":{"@id":"https:\/\/vasasbasket.hu\/index.php\/gyozelemmel-zartak-az-alapszakaszt-2\/#primaryimage"},"image":{"@id":"https:\/\/vasasbasket.hu\/index.php\/gyozelemmel-zartak-az-alapszakaszt-2\/#primaryimage"},"thumbnailUrl":"https:\/\/vasasbasket.hu\/wp-content\/uploads\/2026\/04\/IMG_9126-scaled.jpeg","datePublished":"2026-04-28T08:01:55+00:00","breadcrumb":{"@id":"https:\/\/vasasbasket.hu\/index.php\/gyozelemmel-zartak-az-alapszakaszt-2\/#breadcrumb"},"inLanguage":"hu","potentialAction":[{"@type":"ReadAction","target":["https:\/\/vasasbasket.hu\/index.php\/gyozelemmel-zartak-az-alapszakaszt-2\/"]}]},{"@type":"ImageObject","inLanguage":"hu","@id":"https:\/\/vasasbasket.hu\/index.php\/gyozelemmel-zartak-az-alapszakaszt-2\/#primaryimage","url":"https:\/\/vasasbasket.hu\/wp-content\/uploads\/2026\/04\/IMG_9126-scaled.jpeg","contentUrl":"https:\/\/vasasbasket.hu\/wp-content\/uploads\/2026\/04\/IMG_9126-scaled.jpeg","width":2560,"height":1920},{"@type":"BreadcrumbList","@id":"https:\/\/vasasbasket.hu\/index.php\/gyozelemmel-zartak-az-alapszakaszt-2\/#breadcrumb","itemListElement":[{"@type":"ListItem","position":1,"name":"Kezd\u0151lap","item":"https:\/\/vasasbasket.hu\/"},{"@type":"ListItem","position":2,"name":"Gy\u0151zelemmel z\u00e1rt\u00e1k az alapszakaszt"}]},{"@type":"WebSite","@id":"https:\/\/vasasbasket.hu\/#website","url":"https:\/\/vasasbasket.hu\/","name":"Vasas n\u0151i kos\u00e1rlabda","description":"Vasas Basket N\u0151i","publisher":{"@id":"https:\/\/vasasbasket.hu\/#organization"},"potentialAction":[{"@type":"SearchAction","target":{"@type":"EntryPoint","urlTemplate":"https:\/\/vasasbasket.hu\/?s={search_term_string}"},"query-input":{"@type":"PropertyValueSpecification","valueRequired":true,"valueName":"search_term_string"}}],"inLanguage":"hu"},{"@type":"Organization","@id":"https:\/\/vasasbasket.hu\/#organization","name":"Vasas n\u0151i kos\u00e1rlabda","url":"https:\/\/vasasbasket.hu\/","logo":{"@type":"ImageObject","inLanguage":"hu","@id":"https:\/\/vasasbasket.hu\/#\/schema\/logo\/image\/","url":"https:\/\/vasasbasket.hu\/wp-content\/uploads\/2017\/03\/vasas_cimer_1200.jpg","contentUrl":"https:\/\/vasasbasket.hu\/wp-content\/uploads\/2017\/03\/vasas_cimer_1200.jpg","width":1200,"height":1200,"caption":"Vasas n\u0151i kos\u00e1rlabda"},"image":{"@id":"https:\/\/vasasbasket.hu\/#\/schema\/logo\/image\/"},"sameAs":["https:\/\/www.facebook.com\/vasaswbasket\/"]},{"@type":"Person","@id":"https:\/\/vasasbasket.hu\/#\/schema\/person\/cce3d40284d729c98742af771668678b","name":"Staszelis Rafal","image":{"@type":"ImageObject","inLanguage":"hu","@id":"https:\/\/vasasbasket.hu\/#\/schema\/person\/image\/","url":"https:\/\/secure.gravatar.com\/avatar\/dd648a2eae6e2ec122d87922ad625d8e10c16f8a8b4c7ab41bd9614806a230bb?s=96&d=mm&r=g","contentUrl":"https:\/\/secure.gravatar.com\/avatar\/dd648a2eae6e2ec122d87922ad625d8e10c16f8a8b4c7ab41bd9614806a230bb?s=96&d=mm&r=g","caption":"Staszelis Rafal"},"url":"https:\/\/vasasbasket.hu\/index.php\/author\/rafi\/"}]}},"_links":{"self":[{"href":"https:\/\/vasasbasket.hu\/index.php\/wp-json\/wp\/v2\/posts\/16703","targetHints":{"allow":["GET"]}}],"collection":[{"href":"https:\/\/vasasbasket.hu\/index.php\/wp-json\/wp\/v2\/posts"}],"about":[{"href":"https:\/\/vasasbasket.hu\/index.php\/wp-json\/wp\/v2\/types\/post"}],"author":[{"embeddable":true,"href":"https:\/\/vasasbasket.hu\/index.php\/wp-json\/wp\/v2\/users\/3"}],"replies":[{"embeddable":true,"href":"https:\/\/vasasbasket.hu\/index.php\/wp-json\/wp\/v2\/comments?post=16703"}],"version-history":[{"count":1,"href":"https:\/\/vasasbasket.hu\/index.php\/wp-json\/wp\/v2\/posts\/16703\/revisions"}],"predecessor-version":[{"id":16705,"href":"https:\/\/vasasbasket.hu\/index.php\/wp-json\/wp\/v2\/posts\/16703\/revisions\/16705"}],"wp:featuredmedia":[{"embeddable":true,"href":"https:\/\/vasasbasket.hu\/index.php\/wp-json\/wp\/v2\/media\/16704"}],"wp:attachment":[{"href":"https:\/\/vasasbasket.hu\/index.php\/wp-json\/wp\/v2\/media?parent=16703"}],"wp:term":[{"taxonomy":"category","embeddable":true,"href":"https:\/\/vasasbasket.hu\/index.php\/wp-json\/wp\/v2\/categories?post=16703"},{"taxonomy":"post_tag","embeddable":true,"href":"https:\/\/vasasbasket.hu\/index.php\/wp-json\/wp\/v2\/tags?post=16703"}],"curies":[{"name":"wp","href":"https:\/\/api.w.org\/{rel}","templated":true}]}}