{"id":16700,"date":"2026-04-27T10:36:25","date_gmt":"2026-04-27T10:36:25","guid":{"rendered":"https:\/\/vasasbasket.hu\/?p=16700"},"modified":"2026-04-27T10:36:25","modified_gmt":"2026-04-27T10:36:25","slug":"javult-a-jatekunk-a-visszavagora","status":"publish","type":"post","link":"https:\/\/vasasbasket.hu\/index.php\/javult-a-jatekunk-a-visszavagora\/","title":{"rendered":"Javult a j\u00e1t\u00e9kunk a visszav\u00e1g\u00f3ra"},"content":{"rendered":"<p><strong>U16\/B csapatunk az MTK Budapest egy\u00fcttes\u00e9t fogadta hazai p\u00e1ly\u00e1n a bajnoki r\u00e1j\u00e1tsz\u00e1sban. Siker\u00fclt javulnunk a m\u00e1rciusi odav\u00e1g\u00f3hoz k\u00e9pest, \u00e1m m\u00e9g mindig voltak r\u00f6vidz\u00e1rlatok, amit id\u0151sebb ellenfel\u00fcnk ki tudott haszn\u00e1lni.<\/strong><\/p>\n<p>A m\u00e9rk\u0151z\u00e9s \u00e9s a m\u00e9rk\u0151z\u00e9shez val\u00f3 hozz\u00e1\u00e1ll\u00e1sunk is sokkal jobb volt, mint az odav\u00e1g\u00f3n. Jobban akartunk t\u00e1madni \u00e9s v\u00e9dekezni is, ez\u00e1ltal rengeteg csod\u00e1s dolgot hajtottunk v\u00e9gre. Azonban egy hat emberes rot\u00e1ci\u00f3val j\u00e1tsz\u00f3 csapat gy\u0151z\u00f6tt le minket. T\u00f6bb pontja is volt a m\u00e9rk\u0151z\u00e9snek, ahol ak\u00e1r a magunk oldal\u00e1ra is ford\u00edthattuk volna azt, de ahhoz m\u00e9g nagyobb lend\u00fclet \u00e9s agressz\u00edvabb v\u00e9dekez\u00e9s kellett volna. Ez a m\u00e9rk\u0151z\u00e9s nagy r\u00e9sz\u00e9ben hi\u00e1nyzott a j\u00e1t\u00e9kunkb\u00f3l. Amikor viszont megvolt, akkor le tudtuk ind\u00edtani ellenfel\u00fcnket, vitt\u00fcnk labd\u00e1kat passzs\u00e1vb\u00f3l, tudtunk szorosan \u00e9s j\u00f3l v\u00e9dekezni, valamint z\u00e1rk\u00f3ztunk pontokban is. K\u00e9pes erre a csapat, szeretn\u00e9nk, hogy ezekb\u0151l legyen egyre t\u00f6bb \u00e9s t\u00f6bb &#8211; mondta a csapat edz\u0151je, Ruska Norbert.<\/p>\n<p><strong>Vasas Akad\u00e9mia\/B &#8211; MTK Budapest 42-61<\/strong> (6-11, 12-15, 10-19, 14-16)<br \/>\n<em>Pontszerz\u0151k:<\/em><br \/>\n<strong>Vasas Akad\u00e9mia\/B: <\/strong>Szab\u00f3-Iv\u00e1n Lili\u00e1na 8, Gergely Lujza 7, Hujber Anna 5\/3, Tapodi S\u00e1ri 4, Szarvas Bogl\u00e1rka 4, S\u00e1rga Emese 4, Juh\u00e1sz Janka 4, Kapolyi Lilla 4, Ga\u00e1l Sz\u00e1va 2, Bal\u00e1s-Piri Kata, K\u00e1lovics Roz\u00e1lia<\/p>\n","protected":false},"excerpt":{"rendered":"<p>U16\/B csapatunk az MTK Budapest egy\u00fcttes\u00e9t fogadta hazai p\u00e1ly\u00e1n a bajnoki r\u00e1j\u00e1tsz\u00e1sban. Siker\u00fclt javulnunk a m\u00e1rciusi odav\u00e1g\u00f3hoz k\u00e9pest, \u00e1m m\u00e9g mindig voltak r\u00f6vidz\u00e1rlatok, amit id\u0151sebb ellenfel\u00fcnk ki tudott haszn\u00e1lni. A m\u00e9rk\u0151z\u00e9s \u00e9s a m\u00e9rk\u0151z\u00e9shez val\u00f3 hozz\u00e1\u00e1ll\u00e1sunk is sokkal jobb volt, mint az odav\u00e1g\u00f3n. Jobban akartunk t\u00e1madni \u00e9s v\u00e9dekezni is, ez\u00e1ltal rengeteg csod\u00e1s dolgot hajtottunk v\u00e9gre&#8230;.<\/p>\n","protected":false},"author":3,"featured_media":16701,"comment_status":"closed","ping_status":"closed","sticky":false,"template":"","format":"standard","meta":{"footnotes":""},"categories":[51,92],"tags":[],"class_list":["post-16700","post","type-post","status-publish","format-standard","has-post-thumbnail","hentry","category-kadett","category-hirek"],"yoast_head":"<!-- This site is optimized with the Yoast SEO plugin v26.0 - https:\/\/yoast.com\/wordpress\/plugins\/seo\/ -->\n<title>Javult a j\u00e1t\u00e9kunk a visszav\u00e1g\u00f3ra - Vasas n\u0151i kos\u00e1rlabda<\/title>\n<meta name=\"robots\" content=\"index, follow, max-snippet:-1, max-image-preview:large, max-video-preview:-1\" \/>\n<link rel=\"canonical\" href=\"https:\/\/vasasbasket.hu\/index.php\/javult-a-jatekunk-a-visszavagora\/\" \/>\n<meta property=\"og:locale\" content=\"hu_HU\" \/>\n<meta property=\"og:type\" content=\"article\" \/>\n<meta property=\"og:title\" content=\"Javult a j\u00e1t\u00e9kunk a visszav\u00e1g\u00f3ra - Vasas n\u0151i kos\u00e1rlabda\" \/>\n<meta property=\"og:description\" content=\"U16\/B csapatunk az MTK Budapest egy\u00fcttes\u00e9t fogadta hazai p\u00e1ly\u00e1n a bajnoki r\u00e1j\u00e1tsz\u00e1sban. Siker\u00fclt javulnunk a m\u00e1rciusi odav\u00e1g\u00f3hoz k\u00e9pest, \u00e1m m\u00e9g mindig voltak r\u00f6vidz\u00e1rlatok, amit id\u0151sebb ellenfel\u00fcnk ki tudott haszn\u00e1lni. A m\u00e9rk\u0151z\u00e9s \u00e9s a m\u00e9rk\u0151z\u00e9shez val\u00f3 hozz\u00e1\u00e1ll\u00e1sunk is sokkal jobb volt, mint az odav\u00e1g\u00f3n. Jobban akartunk t\u00e1madni \u00e9s v\u00e9dekezni is, ez\u00e1ltal rengeteg csod\u00e1s dolgot hajtottunk v\u00e9gre....\" \/>\n<meta property=\"og:url\" content=\"https:\/\/vasasbasket.hu\/index.php\/javult-a-jatekunk-a-visszavagora\/\" \/>\n<meta property=\"og:site_name\" content=\"Vasas n\u0151i kos\u00e1rlabda\" \/>\n<meta property=\"article:publisher\" content=\"https:\/\/www.facebook.com\/vasaswbasket\/\" \/>\n<meta property=\"article:published_time\" content=\"2026-04-27T10:36:25+00:00\" \/>\n<meta property=\"og:image\" content=\"https:\/\/vasasbasket.hu\/wp-content\/uploads\/2026\/04\/image0-1.jpeg\" \/>\n\t<meta property=\"og:image:width\" content=\"1641\" \/>\n\t<meta property=\"og:image:height\" content=\"779\" \/>\n\t<meta property=\"og:image:type\" content=\"image\/jpeg\" \/>\n<meta name=\"author\" content=\"Staszelis Rafal\" \/>\n<meta name=\"twitter:card\" content=\"summary_large_image\" \/>\n<meta name=\"twitter:label1\" content=\"Szerz\u0151:\" \/>\n\t<meta name=\"twitter:data1\" content=\"Staszelis Rafal\" \/>\n\t<meta name=\"twitter:label2\" content=\"Becs\u00fclt olvas\u00e1si id\u0151\" \/>\n\t<meta name=\"twitter:data2\" content=\"2 perc\" \/>\n<script type=\"application\/ld+json\" class=\"yoast-schema-graph\">{\"@context\":\"https:\/\/schema.org\",\"@graph\":[{\"@type\":\"Article\",\"@id\":\"https:\/\/vasasbasket.hu\/index.php\/javult-a-jatekunk-a-visszavagora\/#article\",\"isPartOf\":{\"@id\":\"https:\/\/vasasbasket.hu\/index.php\/javult-a-jatekunk-a-visszavagora\/\"},\"author\":{\"name\":\"Staszelis Rafal\",\"@id\":\"https:\/\/vasasbasket.hu\/#\/schema\/person\/cce3d40284d729c98742af771668678b\"},\"headline\":\"Javult a j\u00e1t\u00e9kunk a visszav\u00e1g\u00f3ra\",\"datePublished\":\"2026-04-27T10:36:25+00:00\",\"mainEntityOfPage\":{\"@id\":\"https:\/\/vasasbasket.hu\/index.php\/javult-a-jatekunk-a-visszavagora\/\"},\"wordCount\":274,\"publisher\":{\"@id\":\"https:\/\/vasasbasket.hu\/#organization\"},\"image\":{\"@id\":\"https:\/\/vasasbasket.hu\/index.php\/javult-a-jatekunk-a-visszavagora\/#primaryimage\"},\"thumbnailUrl\":\"https:\/\/vasasbasket.hu\/wp-content\/uploads\/2026\/04\/image0-1.jpeg\",\"articleSection\":[\"Kadett\",\"\u00d6sszes H\u00edr\"],\"inLanguage\":\"hu\"},{\"@type\":\"WebPage\",\"@id\":\"https:\/\/vasasbasket.hu\/index.php\/javult-a-jatekunk-a-visszavagora\/\",\"url\":\"https:\/\/vasasbasket.hu\/index.php\/javult-a-jatekunk-a-visszavagora\/\",\"name\":\"Javult a j\u00e1t\u00e9kunk a visszav\u00e1g\u00f3ra - Vasas n\u0151i kos\u00e1rlabda\",\"isPartOf\":{\"@id\":\"https:\/\/vasasbasket.hu\/#website\"},\"primaryImageOfPage\":{\"@id\":\"https:\/\/vasasbasket.hu\/index.php\/javult-a-jatekunk-a-visszavagora\/#primaryimage\"},\"image\":{\"@id\":\"https:\/\/vasasbasket.hu\/index.php\/javult-a-jatekunk-a-visszavagora\/#primaryimage\"},\"thumbnailUrl\":\"https:\/\/vasasbasket.hu\/wp-content\/uploads\/2026\/04\/image0-1.jpeg\",\"datePublished\":\"2026-04-27T10:36:25+00:00\",\"breadcrumb\":{\"@id\":\"https:\/\/vasasbasket.hu\/index.php\/javult-a-jatekunk-a-visszavagora\/#breadcrumb\"},\"inLanguage\":\"hu\",\"potentialAction\":[{\"@type\":\"ReadAction\",\"target\":[\"https:\/\/vasasbasket.hu\/index.php\/javult-a-jatekunk-a-visszavagora\/\"]}]},{\"@type\":\"ImageObject\",\"inLanguage\":\"hu\",\"@id\":\"https:\/\/vasasbasket.hu\/index.php\/javult-a-jatekunk-a-visszavagora\/#primaryimage\",\"url\":\"https:\/\/vasasbasket.hu\/wp-content\/uploads\/2026\/04\/image0-1.jpeg\",\"contentUrl\":\"https:\/\/vasasbasket.hu\/wp-content\/uploads\/2026\/04\/image0-1.jpeg\",\"width\":1641,\"height\":779},{\"@type\":\"BreadcrumbList\",\"@id\":\"https:\/\/vasasbasket.hu\/index.php\/javult-a-jatekunk-a-visszavagora\/#breadcrumb\",\"itemListElement\":[{\"@type\":\"ListItem\",\"position\":1,\"name\":\"Kezd\u0151lap\",\"item\":\"https:\/\/vasasbasket.hu\/\"},{\"@type\":\"ListItem\",\"position\":2,\"name\":\"Javult a j\u00e1t\u00e9kunk a visszav\u00e1g\u00f3ra\"}]},{\"@type\":\"WebSite\",\"@id\":\"https:\/\/vasasbasket.hu\/#website\",\"url\":\"https:\/\/vasasbasket.hu\/\",\"name\":\"Vasas n\u0151i kos\u00e1rlabda\",\"description\":\"Vasas Basket N\u0151i\",\"publisher\":{\"@id\":\"https:\/\/vasasbasket.hu\/#organization\"},\"potentialAction\":[{\"@type\":\"SearchAction\",\"target\":{\"@type\":\"EntryPoint\",\"urlTemplate\":\"https:\/\/vasasbasket.hu\/?s={search_term_string}\"},\"query-input\":{\"@type\":\"PropertyValueSpecification\",\"valueRequired\":true,\"valueName\":\"search_term_string\"}}],\"inLanguage\":\"hu\"},{\"@type\":\"Organization\",\"@id\":\"https:\/\/vasasbasket.hu\/#organization\",\"name\":\"Vasas n\u0151i kos\u00e1rlabda\",\"url\":\"https:\/\/vasasbasket.hu\/\",\"logo\":{\"@type\":\"ImageObject\",\"inLanguage\":\"hu\",\"@id\":\"https:\/\/vasasbasket.hu\/#\/schema\/logo\/image\/\",\"url\":\"https:\/\/vasasbasket.hu\/wp-content\/uploads\/2017\/03\/vasas_cimer_1200.jpg\",\"contentUrl\":\"https:\/\/vasasbasket.hu\/wp-content\/uploads\/2017\/03\/vasas_cimer_1200.jpg\",\"width\":1200,\"height\":1200,\"caption\":\"Vasas n\u0151i kos\u00e1rlabda\"},\"image\":{\"@id\":\"https:\/\/vasasbasket.hu\/#\/schema\/logo\/image\/\"},\"sameAs\":[\"https:\/\/www.facebook.com\/vasaswbasket\/\"]},{\"@type\":\"Person\",\"@id\":\"https:\/\/vasasbasket.hu\/#\/schema\/person\/cce3d40284d729c98742af771668678b\",\"name\":\"Staszelis Rafal\",\"image\":{\"@type\":\"ImageObject\",\"inLanguage\":\"hu\",\"@id\":\"https:\/\/vasasbasket.hu\/#\/schema\/person\/image\/\",\"url\":\"https:\/\/secure.gravatar.com\/avatar\/dd648a2eae6e2ec122d87922ad625d8e10c16f8a8b4c7ab41bd9614806a230bb?s=96&d=mm&r=g\",\"contentUrl\":\"https:\/\/secure.gravatar.com\/avatar\/dd648a2eae6e2ec122d87922ad625d8e10c16f8a8b4c7ab41bd9614806a230bb?s=96&d=mm&r=g\",\"caption\":\"Staszelis Rafal\"},\"url\":\"https:\/\/vasasbasket.hu\/index.php\/author\/rafi\/\"}]}<\/script>\n<!-- \/ Yoast SEO plugin. -->","yoast_head_json":{"title":"Javult a j\u00e1t\u00e9kunk a visszav\u00e1g\u00f3ra - Vasas n\u0151i kos\u00e1rlabda","robots":{"index":"index","follow":"follow","max-snippet":"max-snippet:-1","max-image-preview":"max-image-preview:large","max-video-preview":"max-video-preview:-1"},"canonical":"https:\/\/vasasbasket.hu\/index.php\/javult-a-jatekunk-a-visszavagora\/","og_locale":"hu_HU","og_type":"article","og_title":"Javult a j\u00e1t\u00e9kunk a visszav\u00e1g\u00f3ra - Vasas n\u0151i kos\u00e1rlabda","og_description":"U16\/B csapatunk az MTK Budapest egy\u00fcttes\u00e9t fogadta hazai p\u00e1ly\u00e1n a bajnoki r\u00e1j\u00e1tsz\u00e1sban. Siker\u00fclt javulnunk a m\u00e1rciusi odav\u00e1g\u00f3hoz k\u00e9pest, \u00e1m m\u00e9g mindig voltak r\u00f6vidz\u00e1rlatok, amit id\u0151sebb ellenfel\u00fcnk ki tudott haszn\u00e1lni. A m\u00e9rk\u0151z\u00e9s \u00e9s a m\u00e9rk\u0151z\u00e9shez val\u00f3 hozz\u00e1\u00e1ll\u00e1sunk is sokkal jobb volt, mint az odav\u00e1g\u00f3n. Jobban akartunk t\u00e1madni \u00e9s v\u00e9dekezni is, ez\u00e1ltal rengeteg csod\u00e1s dolgot hajtottunk v\u00e9gre....","og_url":"https:\/\/vasasbasket.hu\/index.php\/javult-a-jatekunk-a-visszavagora\/","og_site_name":"Vasas n\u0151i kos\u00e1rlabda","article_publisher":"https:\/\/www.facebook.com\/vasaswbasket\/","article_published_time":"2026-04-27T10:36:25+00:00","og_image":[{"width":1641,"height":779,"url":"https:\/\/vasasbasket.hu\/wp-content\/uploads\/2026\/04\/image0-1.jpeg","type":"image\/jpeg"}],"author":"Staszelis Rafal","twitter_card":"summary_large_image","twitter_misc":{"Szerz\u0151:":"Staszelis Rafal","Becs\u00fclt olvas\u00e1si id\u0151":"2 perc"},"schema":{"@context":"https:\/\/schema.org","@graph":[{"@type":"Article","@id":"https:\/\/vasasbasket.hu\/index.php\/javult-a-jatekunk-a-visszavagora\/#article","isPartOf":{"@id":"https:\/\/vasasbasket.hu\/index.php\/javult-a-jatekunk-a-visszavagora\/"},"author":{"name":"Staszelis Rafal","@id":"https:\/\/vasasbasket.hu\/#\/schema\/person\/cce3d40284d729c98742af771668678b"},"headline":"Javult a j\u00e1t\u00e9kunk a visszav\u00e1g\u00f3ra","datePublished":"2026-04-27T10:36:25+00:00","mainEntityOfPage":{"@id":"https:\/\/vasasbasket.hu\/index.php\/javult-a-jatekunk-a-visszavagora\/"},"wordCount":274,"publisher":{"@id":"https:\/\/vasasbasket.hu\/#organization"},"image":{"@id":"https:\/\/vasasbasket.hu\/index.php\/javult-a-jatekunk-a-visszavagora\/#primaryimage"},"thumbnailUrl":"https:\/\/vasasbasket.hu\/wp-content\/uploads\/2026\/04\/image0-1.jpeg","articleSection":["Kadett","\u00d6sszes H\u00edr"],"inLanguage":"hu"},{"@type":"WebPage","@id":"https:\/\/vasasbasket.hu\/index.php\/javult-a-jatekunk-a-visszavagora\/","url":"https:\/\/vasasbasket.hu\/index.php\/javult-a-jatekunk-a-visszavagora\/","name":"Javult a j\u00e1t\u00e9kunk a visszav\u00e1g\u00f3ra - Vasas n\u0151i kos\u00e1rlabda","isPartOf":{"@id":"https:\/\/vasasbasket.hu\/#website"},"primaryImageOfPage":{"@id":"https:\/\/vasasbasket.hu\/index.php\/javult-a-jatekunk-a-visszavagora\/#primaryimage"},"image":{"@id":"https:\/\/vasasbasket.hu\/index.php\/javult-a-jatekunk-a-visszavagora\/#primaryimage"},"thumbnailUrl":"https:\/\/vasasbasket.hu\/wp-content\/uploads\/2026\/04\/image0-1.jpeg","datePublished":"2026-04-27T10:36:25+00:00","breadcrumb":{"@id":"https:\/\/vasasbasket.hu\/index.php\/javult-a-jatekunk-a-visszavagora\/#breadcrumb"},"inLanguage":"hu","potentialAction":[{"@type":"ReadAction","target":["https:\/\/vasasbasket.hu\/index.php\/javult-a-jatekunk-a-visszavagora\/"]}]},{"@type":"ImageObject","inLanguage":"hu","@id":"https:\/\/vasasbasket.hu\/index.php\/javult-a-jatekunk-a-visszavagora\/#primaryimage","url":"https:\/\/vasasbasket.hu\/wp-content\/uploads\/2026\/04\/image0-1.jpeg","contentUrl":"https:\/\/vasasbasket.hu\/wp-content\/uploads\/2026\/04\/image0-1.jpeg","width":1641,"height":779},{"@type":"BreadcrumbList","@id":"https:\/\/vasasbasket.hu\/index.php\/javult-a-jatekunk-a-visszavagora\/#breadcrumb","itemListElement":[{"@type":"ListItem","position":1,"name":"Kezd\u0151lap","item":"https:\/\/vasasbasket.hu\/"},{"@type":"ListItem","position":2,"name":"Javult a j\u00e1t\u00e9kunk a visszav\u00e1g\u00f3ra"}]},{"@type":"WebSite","@id":"https:\/\/vasasbasket.hu\/#website","url":"https:\/\/vasasbasket.hu\/","name":"Vasas n\u0151i kos\u00e1rlabda","description":"Vasas Basket N\u0151i","publisher":{"@id":"https:\/\/vasasbasket.hu\/#organization"},"potentialAction":[{"@type":"SearchAction","target":{"@type":"EntryPoint","urlTemplate":"https:\/\/vasasbasket.hu\/?s={search_term_string}"},"query-input":{"@type":"PropertyValueSpecification","valueRequired":true,"valueName":"search_term_string"}}],"inLanguage":"hu"},{"@type":"Organization","@id":"https:\/\/vasasbasket.hu\/#organization","name":"Vasas n\u0151i kos\u00e1rlabda","url":"https:\/\/vasasbasket.hu\/","logo":{"@type":"ImageObject","inLanguage":"hu","@id":"https:\/\/vasasbasket.hu\/#\/schema\/logo\/image\/","url":"https:\/\/vasasbasket.hu\/wp-content\/uploads\/2017\/03\/vasas_cimer_1200.jpg","contentUrl":"https:\/\/vasasbasket.hu\/wp-content\/uploads\/2017\/03\/vasas_cimer_1200.jpg","width":1200,"height":1200,"caption":"Vasas n\u0151i kos\u00e1rlabda"},"image":{"@id":"https:\/\/vasasbasket.hu\/#\/schema\/logo\/image\/"},"sameAs":["https:\/\/www.facebook.com\/vasaswbasket\/"]},{"@type":"Person","@id":"https:\/\/vasasbasket.hu\/#\/schema\/person\/cce3d40284d729c98742af771668678b","name":"Staszelis Rafal","image":{"@type":"ImageObject","inLanguage":"hu","@id":"https:\/\/vasasbasket.hu\/#\/schema\/person\/image\/","url":"https:\/\/secure.gravatar.com\/avatar\/dd648a2eae6e2ec122d87922ad625d8e10c16f8a8b4c7ab41bd9614806a230bb?s=96&d=mm&r=g","contentUrl":"https:\/\/secure.gravatar.com\/avatar\/dd648a2eae6e2ec122d87922ad625d8e10c16f8a8b4c7ab41bd9614806a230bb?s=96&d=mm&r=g","caption":"Staszelis Rafal"},"url":"https:\/\/vasasbasket.hu\/index.php\/author\/rafi\/"}]}},"_links":{"self":[{"href":"https:\/\/vasasbasket.hu\/index.php\/wp-json\/wp\/v2\/posts\/16700","targetHints":{"allow":["GET"]}}],"collection":[{"href":"https:\/\/vasasbasket.hu\/index.php\/wp-json\/wp\/v2\/posts"}],"about":[{"href":"https:\/\/vasasbasket.hu\/index.php\/wp-json\/wp\/v2\/types\/post"}],"author":[{"embeddable":true,"href":"https:\/\/vasasbasket.hu\/index.php\/wp-json\/wp\/v2\/users\/3"}],"replies":[{"embeddable":true,"href":"https:\/\/vasasbasket.hu\/index.php\/wp-json\/wp\/v2\/comments?post=16700"}],"version-history":[{"count":1,"href":"https:\/\/vasasbasket.hu\/index.php\/wp-json\/wp\/v2\/posts\/16700\/revisions"}],"predecessor-version":[{"id":16702,"href":"https:\/\/vasasbasket.hu\/index.php\/wp-json\/wp\/v2\/posts\/16700\/revisions\/16702"}],"wp:featuredmedia":[{"embeddable":true,"href":"https:\/\/vasasbasket.hu\/index.php\/wp-json\/wp\/v2\/media\/16701"}],"wp:attachment":[{"href":"https:\/\/vasasbasket.hu\/index.php\/wp-json\/wp\/v2\/media?parent=16700"}],"wp:term":[{"taxonomy":"category","embeddable":true,"href":"https:\/\/vasasbasket.hu\/index.php\/wp-json\/wp\/v2\/categories?post=16700"},{"taxonomy":"post_tag","embeddable":true,"href":"https:\/\/vasasbasket.hu\/index.php\/wp-json\/wp\/v2\/tags?post=16700"}],"curies":[{"name":"wp","href":"https:\/\/api.w.org\/{rel}","templated":true}]}}