{"id":16694,"date":"2026-04-27T10:04:14","date_gmt":"2026-04-27T10:04:14","guid":{"rendered":"https:\/\/vasasbasket.hu\/?p=16694"},"modified":"2026-04-27T10:04:14","modified_gmt":"2026-04-27T10:04:14","slug":"dupla-hosszabbitassal-zartak-a-szezont-a-bolhak","status":"publish","type":"post","link":"https:\/\/vasasbasket.hu\/index.php\/dupla-hosszabbitassal-zartak-a-szezont-a-bolhak\/","title":{"rendered":"Dupla hosszabb\u00edt\u00e1ssal z\u00e1rt\u00e1k a szezont a Bolh\u00e1k"},"content":{"rendered":"<p><strong>Izgalmas h\u00e9t\u00e9v\u00e9gt z\u00e1rt a Vasas Bolh\u00e1k U12-es csapata, a megszokott m\u00f3don k\u00e9t m\u00e9rk\u0151z\u00e9s v\u00e1rt l\u00e1nyainkra. A K\u00f6l\u00f6k\u00f6s L\u00e1nyok ellen sajnos nem voltunk t\u00fal eredm\u00e9nyesek t\u00e1mad\u00e1sban, maradt azonban benn\u00fcnk hit \u00e9s energia, a Kasz\u00e1s Kis Boszik ellen pedig mindkett\u0151re nagy sz\u00fcks\u00e9g volt. K\u00e9tszeri hosszabb\u00edt\u00e1sba torkollott az \u00f6sszecsap\u00e1s, \u00edgy egy maratoni m\u00e9rk\u0151z\u00e9ssel \u00e9rt v\u00e9get a szezon.<\/strong><\/p>\n<p>Az utols\u00f3 fordul\u00f3ban, miut\u00e1n a &#8222;C&#8221; csoportban versenyezt\u00fcnk, neh\u00e9z ellenfeleket kaptunk. Ennek ellen\u00e9re a K\u00f6l\u00f6k\u00f6s L\u00e1nyok ellen v\u00e9dekez\u00e9sben nagyot k\u00fczd\u00f6ttek a l\u00e1nyok, ami\u00e9rt nagy dics\u00e9retet \u00e9rdemelnek. Nagyon b\u00fcszke vagyok arra, hogy volt olyan alapvonali bedob\u00e1sa az ellenf\u00e9lnek, amit negyedj\u00e9re sem tudtak v\u00e9grehajtani. T\u00e1mad\u00e1sban nem voltunk olyan hat\u00e9konyak \u00e9s pontosak, viszont az\u00e9rt lehet dics\u00e9rni a l\u00e1nyokat, hogy fejl\u0151dtek a m\u00e9rk\u0151z\u00e9s folyam\u00e1n. A m\u00e1sodik f\u00e9lid\u0151ben mindk\u00e9t \u00f6t\u00f6s\u00fcnknek, illetve hatosunknak t\u00f6bb kosarat siker\u00fclt szerezni. Volt gy\u00f6ny\u00f6r\u0171 h\u00e1rom s\u00e1vos ind\u00edt\u00e1sunk, amikor Simon Lizi passz\u00e1b\u00f3l Somos Rozi sebess\u00e9gb\u0151l bal ziccer dobott. \u00d6r\u00fclhett\u00fcnk Bog\u00e1r Milla lend\u00fcletes bet\u00f6r\u00e9seinek, \u00e9s Pelcz Tami harmadik negyedben ny\u00fajtott teljes\u00edtm\u00e9ny\u00e9nek &#8211; mondta a csapat edz\u0151je, Di\u00f3sadi De\u00e1k \u00c9va.<\/p>\n<p><strong>K\u00f6l\u00f6k\u00f6s L\u00e1nyok &#8211; Vasas Bolh\u00e1k\u00a0 68-30<\/strong> (16-2, 16-9, 18-6, 18-13)<br \/>\n<em>Pontszerz\u0151k:<\/em><br \/>\n<strong>Vasas Amazonok:<\/strong> Somos R\u00f3za 9, Bog\u00e1r Milla 7, Simon R\u00f3za Eliza 6, Pelcz Tamara 4, Koncz Em\u00edlia 2, Holdampf-Pascoal Li\u00e1na 2, T\u00f3th Norina, Krieg Nina, L\u0151k\u00f6s Katerina, Cs\u00e9p\u00e1ny-Filemon Abig\u00e9l, Matusz Letti, Rosta Eliza<\/p>\n<p><img loading=\"lazy\" decoding=\"async\" class=\" wp-image-16698 aligncenter\" src=\"https:\/\/vasasbasket.hu\/wp-content\/uploads\/2026\/04\/IMG_0583-e1777282564591.jpeg\" alt=\"\" width=\"1200\" height=\"465\" srcset=\"https:\/\/vasasbasket.hu\/wp-content\/uploads\/2026\/04\/IMG_0583-e1777282564591.jpeg 2358w, https:\/\/vasasbasket.hu\/wp-content\/uploads\/2026\/04\/IMG_0583-e1777282564591-300x116.jpeg 300w, https:\/\/vasasbasket.hu\/wp-content\/uploads\/2026\/04\/IMG_0583-e1777282564591-1024x396.jpeg 1024w, https:\/\/vasasbasket.hu\/wp-content\/uploads\/2026\/04\/IMG_0583-e1777282564591-768x297.jpeg 768w, https:\/\/vasasbasket.hu\/wp-content\/uploads\/2026\/04\/IMG_0583-e1777282564591-1536x595.jpeg 1536w, https:\/\/vasasbasket.hu\/wp-content\/uploads\/2026\/04\/IMG_0583-e1777282564591-2048x793.jpeg 2048w, https:\/\/vasasbasket.hu\/wp-content\/uploads\/2026\/04\/IMG_0583-e1777282564591-128x50.jpeg 128w, https:\/\/vasasbasket.hu\/wp-content\/uploads\/2026\/04\/IMG_0583-e1777282564591-32x12.jpeg 32w, https:\/\/vasasbasket.hu\/wp-content\/uploads\/2026\/04\/IMG_0583-e1777282564591-98x38.jpeg 98w, https:\/\/vasasbasket.hu\/wp-content\/uploads\/2026\/04\/IMG_0583-e1777282564591-570x221.jpeg 570w, https:\/\/vasasbasket.hu\/wp-content\/uploads\/2026\/04\/IMG_0583-e1777282564591-440x170.jpeg 440w\" sizes=\"auto, (max-width: 1200px) 100vw, 1200px\" \/><\/p>\n<p>A Vasas Bolh\u00e1k utols\u00f3 szezonbeli m\u00e9rk\u0151z\u00e9se is sok\u00e1ig eml\u00e9kezetes marad, mert k\u00e9tszeres hosszabb\u00edt\u00e1s ritk\u00e1n fordul el\u0151 U12-es m\u00e9rk\u0151z\u00e9sen. V\u00e9gig nagyot harcolt egym\u00e1ssal a k\u00e9t csapat, hull\u00e1mz\u00f3 negyedekkel. A p\u00e1ratlan negyedekben mi voltunk er\u0151sebbek, T\u00f3th Norina, Pelcz Tami, T\u00e1rnoki N\u00f3ri \u00e9s Birck Meske teljes\u00edtm\u00e9ny\u00e9vel. A p\u00e1ros negyedekben sajnos v\u00e9dekez\u00e9s\u00fcnk nem volt el\u00e9g hat\u00e9kony, itt Simon Lizi, Flored\u00e1n Szonja \u00e9s Horv\u00e1th Panka pr\u00f3b\u00e1lta ellens\u00falyozni a Kasz\u00e1sok f\u00f6l\u00e9ny\u00e9t. Az els\u0151 hosszabb\u00edt\u00e1sban Simon Lizi v\u00e9dekez\u00e9s\u00e9vel \u00e9s g\u00f3ljaival m\u00e9g egyens\u00falyban tudtunk maradni, de a m\u00e1sodik hosszabb\u00edt\u00e1sban m\u00e1r a maguk jav\u00e1ra tudt\u00e1k ford\u00edtani a m\u00e9rk\u0151z\u00e9st az \u00f3budai l\u00e1nyok. Mindk\u00e9t csapat j\u00e1t\u00e9kosait dics\u00e9ret illeti ez\u00e9rt a szezonz\u00e1r\u00f3 m\u00e9rk\u0151z\u00e9s\u00e9rt &#8211; \u00e9rt\u00e9kelt Di\u00f3sadi De\u00e1k \u00c9va.<\/p>\n<p><strong>Vasas Bolh\u00e1k &#8211; Kasz\u00e1s Kis Boszik 48-52<\/strong> (12-4, 6-12, 14-2, 4-18, 6-6, 6-10)<br \/>\n<em>Pontszerz\u0151k:<\/em><br \/>\n<strong>Vasas Amazonok:<\/strong> Pelcz Tamara 9, T\u00f3th Norina 9, Simon R\u00f3za Eliza 8, T\u00e1rnoki N\u00f3ra 6, Flored\u00e1n Szonja 6, Horv\u00e1th Panna 4, Birck Emese 2, M\u00e1ty\u00e1s J\u00falia 2, Szab\u00f3 Emili 2, L\u0151k\u00f6s Katerina, Cs\u00e9p\u00e1ny-Filemon Abig\u00e9l, Rosta Eliza<\/p>\n","protected":false},"excerpt":{"rendered":"<p>Izgalmas h\u00e9t\u00e9v\u00e9gt z\u00e1rt a Vasas Bolh\u00e1k U12-es csapata, a megszokott m\u00f3don k\u00e9t m\u00e9rk\u0151z\u00e9s v\u00e1rt l\u00e1nyainkra. A K\u00f6l\u00f6k\u00f6s L\u00e1nyok ellen sajnos nem voltunk t\u00fal eredm\u00e9nyesek t\u00e1mad\u00e1sban, maradt azonban benn\u00fcnk hit \u00e9s energia, a Kasz\u00e1s Kis Boszik ellen pedig mindkett\u0151re nagy sz\u00fcks\u00e9g volt. K\u00e9tszeri hosszabb\u00edt\u00e1sba torkollott az \u00f6sszecsap\u00e1s, \u00edgy egy maratoni m\u00e9rk\u0151z\u00e9ssel \u00e9rt v\u00e9get a szezon. Az&#8230;<\/p>\n","protected":false},"author":3,"featured_media":16697,"comment_status":"closed","ping_status":"closed","sticky":false,"template":"","format":"standard","meta":{"footnotes":""},"categories":[73,92],"tags":[],"class_list":["post-16694","post","type-post","status-publish","format-standard","has-post-thumbnail","hentry","category-gyerek","category-hirek"],"yoast_head":"<!-- This site is optimized with the Yoast SEO plugin v26.0 - https:\/\/yoast.com\/wordpress\/plugins\/seo\/ -->\n<title>Dupla hosszabb\u00edt\u00e1ssal z\u00e1rt\u00e1k a szezont a Bolh\u00e1k - Vasas n\u0151i kos\u00e1rlabda<\/title>\n<meta name=\"robots\" content=\"index, follow, max-snippet:-1, max-image-preview:large, max-video-preview:-1\" \/>\n<link rel=\"canonical\" href=\"https:\/\/vasasbasket.hu\/index.php\/dupla-hosszabbitassal-zartak-a-szezont-a-bolhak\/\" \/>\n<meta property=\"og:locale\" content=\"hu_HU\" \/>\n<meta property=\"og:type\" content=\"article\" \/>\n<meta property=\"og:title\" content=\"Dupla hosszabb\u00edt\u00e1ssal z\u00e1rt\u00e1k a szezont a Bolh\u00e1k - Vasas n\u0151i kos\u00e1rlabda\" \/>\n<meta property=\"og:description\" content=\"Izgalmas h\u00e9t\u00e9v\u00e9gt z\u00e1rt a Vasas Bolh\u00e1k U12-es csapata, a megszokott m\u00f3don k\u00e9t m\u00e9rk\u0151z\u00e9s v\u00e1rt l\u00e1nyainkra. A K\u00f6l\u00f6k\u00f6s L\u00e1nyok ellen sajnos nem voltunk t\u00fal eredm\u00e9nyesek t\u00e1mad\u00e1sban, maradt azonban benn\u00fcnk hit \u00e9s energia, a Kasz\u00e1s Kis Boszik ellen pedig mindkett\u0151re nagy sz\u00fcks\u00e9g volt. K\u00e9tszeri hosszabb\u00edt\u00e1sba torkollott az \u00f6sszecsap\u00e1s, \u00edgy egy maratoni m\u00e9rk\u0151z\u00e9ssel \u00e9rt v\u00e9get a szezon. Az...\" \/>\n<meta property=\"og:url\" content=\"https:\/\/vasasbasket.hu\/index.php\/dupla-hosszabbitassal-zartak-a-szezont-a-bolhak\/\" \/>\n<meta property=\"og:site_name\" content=\"Vasas n\u0151i kos\u00e1rlabda\" \/>\n<meta property=\"article:publisher\" content=\"https:\/\/www.facebook.com\/vasaswbasket\/\" \/>\n<meta property=\"article:published_time\" content=\"2026-04-27T10:04:14+00:00\" \/>\n<meta property=\"og:image\" content=\"https:\/\/vasasbasket.hu\/wp-content\/uploads\/2026\/04\/IMG_0398-1.jpeg\" \/>\n\t<meta property=\"og:image:width\" content=\"2500\" \/>\n\t<meta property=\"og:image:height\" content=\"1875\" \/>\n\t<meta property=\"og:image:type\" content=\"image\/jpeg\" \/>\n<meta name=\"author\" content=\"Staszelis Rafal\" \/>\n<meta name=\"twitter:card\" content=\"summary_large_image\" \/>\n<meta name=\"twitter:label1\" content=\"Szerz\u0151:\" \/>\n\t<meta name=\"twitter:data1\" content=\"Staszelis Rafal\" \/>\n\t<meta name=\"twitter:label2\" content=\"Becs\u00fclt olvas\u00e1si id\u0151\" \/>\n\t<meta name=\"twitter:data2\" content=\"3 perc\" \/>\n<script type=\"application\/ld+json\" class=\"yoast-schema-graph\">{\"@context\":\"https:\/\/schema.org\",\"@graph\":[{\"@type\":\"Article\",\"@id\":\"https:\/\/vasasbasket.hu\/index.php\/dupla-hosszabbitassal-zartak-a-szezont-a-bolhak\/#article\",\"isPartOf\":{\"@id\":\"https:\/\/vasasbasket.hu\/index.php\/dupla-hosszabbitassal-zartak-a-szezont-a-bolhak\/\"},\"author\":{\"name\":\"Staszelis Rafal\",\"@id\":\"https:\/\/vasasbasket.hu\/#\/schema\/person\/cce3d40284d729c98742af771668678b\"},\"headline\":\"Dupla hosszabb\u00edt\u00e1ssal z\u00e1rt\u00e1k a szezont a Bolh\u00e1k\",\"datePublished\":\"2026-04-27T10:04:14+00:00\",\"mainEntityOfPage\":{\"@id\":\"https:\/\/vasasbasket.hu\/index.php\/dupla-hosszabbitassal-zartak-a-szezont-a-bolhak\/\"},\"wordCount\":561,\"publisher\":{\"@id\":\"https:\/\/vasasbasket.hu\/#organization\"},\"image\":{\"@id\":\"https:\/\/vasasbasket.hu\/index.php\/dupla-hosszabbitassal-zartak-a-szezont-a-bolhak\/#primaryimage\"},\"thumbnailUrl\":\"https:\/\/vasasbasket.hu\/wp-content\/uploads\/2026\/04\/IMG_0398-1.jpeg\",\"articleSection\":[\"Gyerek\",\"\u00d6sszes H\u00edr\"],\"inLanguage\":\"hu\"},{\"@type\":\"WebPage\",\"@id\":\"https:\/\/vasasbasket.hu\/index.php\/dupla-hosszabbitassal-zartak-a-szezont-a-bolhak\/\",\"url\":\"https:\/\/vasasbasket.hu\/index.php\/dupla-hosszabbitassal-zartak-a-szezont-a-bolhak\/\",\"name\":\"Dupla hosszabb\u00edt\u00e1ssal z\u00e1rt\u00e1k a szezont a Bolh\u00e1k - Vasas n\u0151i kos\u00e1rlabda\",\"isPartOf\":{\"@id\":\"https:\/\/vasasbasket.hu\/#website\"},\"primaryImageOfPage\":{\"@id\":\"https:\/\/vasasbasket.hu\/index.php\/dupla-hosszabbitassal-zartak-a-szezont-a-bolhak\/#primaryimage\"},\"image\":{\"@id\":\"https:\/\/vasasbasket.hu\/index.php\/dupla-hosszabbitassal-zartak-a-szezont-a-bolhak\/#primaryimage\"},\"thumbnailUrl\":\"https:\/\/vasasbasket.hu\/wp-content\/uploads\/2026\/04\/IMG_0398-1.jpeg\",\"datePublished\":\"2026-04-27T10:04:14+00:00\",\"breadcrumb\":{\"@id\":\"https:\/\/vasasbasket.hu\/index.php\/dupla-hosszabbitassal-zartak-a-szezont-a-bolhak\/#breadcrumb\"},\"inLanguage\":\"hu\",\"potentialAction\":[{\"@type\":\"ReadAction\",\"target\":[\"https:\/\/vasasbasket.hu\/index.php\/dupla-hosszabbitassal-zartak-a-szezont-a-bolhak\/\"]}]},{\"@type\":\"ImageObject\",\"inLanguage\":\"hu\",\"@id\":\"https:\/\/vasasbasket.hu\/index.php\/dupla-hosszabbitassal-zartak-a-szezont-a-bolhak\/#primaryimage\",\"url\":\"https:\/\/vasasbasket.hu\/wp-content\/uploads\/2026\/04\/IMG_0398-1.jpeg\",\"contentUrl\":\"https:\/\/vasasbasket.hu\/wp-content\/uploads\/2026\/04\/IMG_0398-1.jpeg\",\"width\":2500,\"height\":1875},{\"@type\":\"BreadcrumbList\",\"@id\":\"https:\/\/vasasbasket.hu\/index.php\/dupla-hosszabbitassal-zartak-a-szezont-a-bolhak\/#breadcrumb\",\"itemListElement\":[{\"@type\":\"ListItem\",\"position\":1,\"name\":\"Kezd\u0151lap\",\"item\":\"https:\/\/vasasbasket.hu\/\"},{\"@type\":\"ListItem\",\"position\":2,\"name\":\"Dupla hosszabb\u00edt\u00e1ssal z\u00e1rt\u00e1k a szezont a Bolh\u00e1k\"}]},{\"@type\":\"WebSite\",\"@id\":\"https:\/\/vasasbasket.hu\/#website\",\"url\":\"https:\/\/vasasbasket.hu\/\",\"name\":\"Vasas n\u0151i kos\u00e1rlabda\",\"description\":\"Vasas Basket N\u0151i\",\"publisher\":{\"@id\":\"https:\/\/vasasbasket.hu\/#organization\"},\"potentialAction\":[{\"@type\":\"SearchAction\",\"target\":{\"@type\":\"EntryPoint\",\"urlTemplate\":\"https:\/\/vasasbasket.hu\/?s={search_term_string}\"},\"query-input\":{\"@type\":\"PropertyValueSpecification\",\"valueRequired\":true,\"valueName\":\"search_term_string\"}}],\"inLanguage\":\"hu\"},{\"@type\":\"Organization\",\"@id\":\"https:\/\/vasasbasket.hu\/#organization\",\"name\":\"Vasas n\u0151i kos\u00e1rlabda\",\"url\":\"https:\/\/vasasbasket.hu\/\",\"logo\":{\"@type\":\"ImageObject\",\"inLanguage\":\"hu\",\"@id\":\"https:\/\/vasasbasket.hu\/#\/schema\/logo\/image\/\",\"url\":\"https:\/\/vasasbasket.hu\/wp-content\/uploads\/2017\/03\/vasas_cimer_1200.jpg\",\"contentUrl\":\"https:\/\/vasasbasket.hu\/wp-content\/uploads\/2017\/03\/vasas_cimer_1200.jpg\",\"width\":1200,\"height\":1200,\"caption\":\"Vasas n\u0151i kos\u00e1rlabda\"},\"image\":{\"@id\":\"https:\/\/vasasbasket.hu\/#\/schema\/logo\/image\/\"},\"sameAs\":[\"https:\/\/www.facebook.com\/vasaswbasket\/\"]},{\"@type\":\"Person\",\"@id\":\"https:\/\/vasasbasket.hu\/#\/schema\/person\/cce3d40284d729c98742af771668678b\",\"name\":\"Staszelis Rafal\",\"image\":{\"@type\":\"ImageObject\",\"inLanguage\":\"hu\",\"@id\":\"https:\/\/vasasbasket.hu\/#\/schema\/person\/image\/\",\"url\":\"https:\/\/secure.gravatar.com\/avatar\/dd648a2eae6e2ec122d87922ad625d8e10c16f8a8b4c7ab41bd9614806a230bb?s=96&d=mm&r=g\",\"contentUrl\":\"https:\/\/secure.gravatar.com\/avatar\/dd648a2eae6e2ec122d87922ad625d8e10c16f8a8b4c7ab41bd9614806a230bb?s=96&d=mm&r=g\",\"caption\":\"Staszelis Rafal\"},\"url\":\"https:\/\/vasasbasket.hu\/index.php\/author\/rafi\/\"}]}<\/script>\n<!-- \/ Yoast SEO plugin. -->","yoast_head_json":{"title":"Dupla hosszabb\u00edt\u00e1ssal z\u00e1rt\u00e1k a szezont a Bolh\u00e1k - Vasas n\u0151i kos\u00e1rlabda","robots":{"index":"index","follow":"follow","max-snippet":"max-snippet:-1","max-image-preview":"max-image-preview:large","max-video-preview":"max-video-preview:-1"},"canonical":"https:\/\/vasasbasket.hu\/index.php\/dupla-hosszabbitassal-zartak-a-szezont-a-bolhak\/","og_locale":"hu_HU","og_type":"article","og_title":"Dupla hosszabb\u00edt\u00e1ssal z\u00e1rt\u00e1k a szezont a Bolh\u00e1k - Vasas n\u0151i kos\u00e1rlabda","og_description":"Izgalmas h\u00e9t\u00e9v\u00e9gt z\u00e1rt a Vasas Bolh\u00e1k U12-es csapata, a megszokott m\u00f3don k\u00e9t m\u00e9rk\u0151z\u00e9s v\u00e1rt l\u00e1nyainkra. A K\u00f6l\u00f6k\u00f6s L\u00e1nyok ellen sajnos nem voltunk t\u00fal eredm\u00e9nyesek t\u00e1mad\u00e1sban, maradt azonban benn\u00fcnk hit \u00e9s energia, a Kasz\u00e1s Kis Boszik ellen pedig mindkett\u0151re nagy sz\u00fcks\u00e9g volt. K\u00e9tszeri hosszabb\u00edt\u00e1sba torkollott az \u00f6sszecsap\u00e1s, \u00edgy egy maratoni m\u00e9rk\u0151z\u00e9ssel \u00e9rt v\u00e9get a szezon. Az...","og_url":"https:\/\/vasasbasket.hu\/index.php\/dupla-hosszabbitassal-zartak-a-szezont-a-bolhak\/","og_site_name":"Vasas n\u0151i kos\u00e1rlabda","article_publisher":"https:\/\/www.facebook.com\/vasaswbasket\/","article_published_time":"2026-04-27T10:04:14+00:00","og_image":[{"width":2500,"height":1875,"url":"https:\/\/vasasbasket.hu\/wp-content\/uploads\/2026\/04\/IMG_0398-1.jpeg","type":"image\/jpeg"}],"author":"Staszelis Rafal","twitter_card":"summary_large_image","twitter_misc":{"Szerz\u0151:":"Staszelis Rafal","Becs\u00fclt olvas\u00e1si id\u0151":"3 perc"},"schema":{"@context":"https:\/\/schema.org","@graph":[{"@type":"Article","@id":"https:\/\/vasasbasket.hu\/index.php\/dupla-hosszabbitassal-zartak-a-szezont-a-bolhak\/#article","isPartOf":{"@id":"https:\/\/vasasbasket.hu\/index.php\/dupla-hosszabbitassal-zartak-a-szezont-a-bolhak\/"},"author":{"name":"Staszelis Rafal","@id":"https:\/\/vasasbasket.hu\/#\/schema\/person\/cce3d40284d729c98742af771668678b"},"headline":"Dupla hosszabb\u00edt\u00e1ssal z\u00e1rt\u00e1k a szezont a Bolh\u00e1k","datePublished":"2026-04-27T10:04:14+00:00","mainEntityOfPage":{"@id":"https:\/\/vasasbasket.hu\/index.php\/dupla-hosszabbitassal-zartak-a-szezont-a-bolhak\/"},"wordCount":561,"publisher":{"@id":"https:\/\/vasasbasket.hu\/#organization"},"image":{"@id":"https:\/\/vasasbasket.hu\/index.php\/dupla-hosszabbitassal-zartak-a-szezont-a-bolhak\/#primaryimage"},"thumbnailUrl":"https:\/\/vasasbasket.hu\/wp-content\/uploads\/2026\/04\/IMG_0398-1.jpeg","articleSection":["Gyerek","\u00d6sszes H\u00edr"],"inLanguage":"hu"},{"@type":"WebPage","@id":"https:\/\/vasasbasket.hu\/index.php\/dupla-hosszabbitassal-zartak-a-szezont-a-bolhak\/","url":"https:\/\/vasasbasket.hu\/index.php\/dupla-hosszabbitassal-zartak-a-szezont-a-bolhak\/","name":"Dupla hosszabb\u00edt\u00e1ssal z\u00e1rt\u00e1k a szezont a Bolh\u00e1k - Vasas n\u0151i kos\u00e1rlabda","isPartOf":{"@id":"https:\/\/vasasbasket.hu\/#website"},"primaryImageOfPage":{"@id":"https:\/\/vasasbasket.hu\/index.php\/dupla-hosszabbitassal-zartak-a-szezont-a-bolhak\/#primaryimage"},"image":{"@id":"https:\/\/vasasbasket.hu\/index.php\/dupla-hosszabbitassal-zartak-a-szezont-a-bolhak\/#primaryimage"},"thumbnailUrl":"https:\/\/vasasbasket.hu\/wp-content\/uploads\/2026\/04\/IMG_0398-1.jpeg","datePublished":"2026-04-27T10:04:14+00:00","breadcrumb":{"@id":"https:\/\/vasasbasket.hu\/index.php\/dupla-hosszabbitassal-zartak-a-szezont-a-bolhak\/#breadcrumb"},"inLanguage":"hu","potentialAction":[{"@type":"ReadAction","target":["https:\/\/vasasbasket.hu\/index.php\/dupla-hosszabbitassal-zartak-a-szezont-a-bolhak\/"]}]},{"@type":"ImageObject","inLanguage":"hu","@id":"https:\/\/vasasbasket.hu\/index.php\/dupla-hosszabbitassal-zartak-a-szezont-a-bolhak\/#primaryimage","url":"https:\/\/vasasbasket.hu\/wp-content\/uploads\/2026\/04\/IMG_0398-1.jpeg","contentUrl":"https:\/\/vasasbasket.hu\/wp-content\/uploads\/2026\/04\/IMG_0398-1.jpeg","width":2500,"height":1875},{"@type":"BreadcrumbList","@id":"https:\/\/vasasbasket.hu\/index.php\/dupla-hosszabbitassal-zartak-a-szezont-a-bolhak\/#breadcrumb","itemListElement":[{"@type":"ListItem","position":1,"name":"Kezd\u0151lap","item":"https:\/\/vasasbasket.hu\/"},{"@type":"ListItem","position":2,"name":"Dupla hosszabb\u00edt\u00e1ssal z\u00e1rt\u00e1k a szezont a Bolh\u00e1k"}]},{"@type":"WebSite","@id":"https:\/\/vasasbasket.hu\/#website","url":"https:\/\/vasasbasket.hu\/","name":"Vasas n\u0151i kos\u00e1rlabda","description":"Vasas Basket N\u0151i","publisher":{"@id":"https:\/\/vasasbasket.hu\/#organization"},"potentialAction":[{"@type":"SearchAction","target":{"@type":"EntryPoint","urlTemplate":"https:\/\/vasasbasket.hu\/?s={search_term_string}"},"query-input":{"@type":"PropertyValueSpecification","valueRequired":true,"valueName":"search_term_string"}}],"inLanguage":"hu"},{"@type":"Organization","@id":"https:\/\/vasasbasket.hu\/#organization","name":"Vasas n\u0151i kos\u00e1rlabda","url":"https:\/\/vasasbasket.hu\/","logo":{"@type":"ImageObject","inLanguage":"hu","@id":"https:\/\/vasasbasket.hu\/#\/schema\/logo\/image\/","url":"https:\/\/vasasbasket.hu\/wp-content\/uploads\/2017\/03\/vasas_cimer_1200.jpg","contentUrl":"https:\/\/vasasbasket.hu\/wp-content\/uploads\/2017\/03\/vasas_cimer_1200.jpg","width":1200,"height":1200,"caption":"Vasas n\u0151i kos\u00e1rlabda"},"image":{"@id":"https:\/\/vasasbasket.hu\/#\/schema\/logo\/image\/"},"sameAs":["https:\/\/www.facebook.com\/vasaswbasket\/"]},{"@type":"Person","@id":"https:\/\/vasasbasket.hu\/#\/schema\/person\/cce3d40284d729c98742af771668678b","name":"Staszelis Rafal","image":{"@type":"ImageObject","inLanguage":"hu","@id":"https:\/\/vasasbasket.hu\/#\/schema\/person\/image\/","url":"https:\/\/secure.gravatar.com\/avatar\/dd648a2eae6e2ec122d87922ad625d8e10c16f8a8b4c7ab41bd9614806a230bb?s=96&d=mm&r=g","contentUrl":"https:\/\/secure.gravatar.com\/avatar\/dd648a2eae6e2ec122d87922ad625d8e10c16f8a8b4c7ab41bd9614806a230bb?s=96&d=mm&r=g","caption":"Staszelis Rafal"},"url":"https:\/\/vasasbasket.hu\/index.php\/author\/rafi\/"}]}},"_links":{"self":[{"href":"https:\/\/vasasbasket.hu\/index.php\/wp-json\/wp\/v2\/posts\/16694","targetHints":{"allow":["GET"]}}],"collection":[{"href":"https:\/\/vasasbasket.hu\/index.php\/wp-json\/wp\/v2\/posts"}],"about":[{"href":"https:\/\/vasasbasket.hu\/index.php\/wp-json\/wp\/v2\/types\/post"}],"author":[{"embeddable":true,"href":"https:\/\/vasasbasket.hu\/index.php\/wp-json\/wp\/v2\/users\/3"}],"replies":[{"embeddable":true,"href":"https:\/\/vasasbasket.hu\/index.php\/wp-json\/wp\/v2\/comments?post=16694"}],"version-history":[{"count":1,"href":"https:\/\/vasasbasket.hu\/index.php\/wp-json\/wp\/v2\/posts\/16694\/revisions"}],"predecessor-version":[{"id":16699,"href":"https:\/\/vasasbasket.hu\/index.php\/wp-json\/wp\/v2\/posts\/16694\/revisions\/16699"}],"wp:featuredmedia":[{"embeddable":true,"href":"https:\/\/vasasbasket.hu\/index.php\/wp-json\/wp\/v2\/media\/16697"}],"wp:attachment":[{"href":"https:\/\/vasasbasket.hu\/index.php\/wp-json\/wp\/v2\/media?parent=16694"}],"wp:term":[{"taxonomy":"category","embeddable":true,"href":"https:\/\/vasasbasket.hu\/index.php\/wp-json\/wp\/v2\/categories?post=16694"},{"taxonomy":"post_tag","embeddable":true,"href":"https:\/\/vasasbasket.hu\/index.php\/wp-json\/wp\/v2\/tags?post=16694"}],"curies":[{"name":"wp","href":"https:\/\/api.w.org\/{rel}","templated":true}]}}