{"id":16458,"date":"2026-03-11T09:37:56","date_gmt":"2026-03-11T09:37:56","guid":{"rendered":"https:\/\/vasasbasket.hu\/?p=16458"},"modified":"2026-03-11T09:46:48","modified_gmt":"2026-03-11T09:46:48","slug":"negy-vasas-akademia-nevelessel-kezdodik-a-vb-selejtezo","status":"publish","type":"post","link":"https:\/\/vasasbasket.hu\/index.php\/negy-vasas-akademia-nevelessel-kezdodik-a-vb-selejtezo\/","title":{"rendered":"N\u00e9gy Vasas Akad\u00e9mia nevel\u00e9ssel kezd\u0151dik a vb-selejtez\u0151"},"content":{"rendered":"<p><strong>A mai napon Jap\u00e1n ellen kezdi meg a vil\u00e1gbajnoki selejtez\u0151t feln\u0151tt n\u0151i v\u00e1logatottunk, amelynek harmad\u00e1t a Vasas Akad\u00e9mia neveltjei alkotj\u00e1k. Statisztikai mutat\u00f3k alapj\u00e1n a magyar csapat rendelkezik a legnagyobb \u00e1tlagmagass\u00e1ggal \u00e9s a legfiatalabb \u00e1tlag\u00e9letkorral. N\u00e9gy egykori tan\u00edtv\u00e1nyunk, Aho Nina, Dombai R\u00e9ka, D\u00fal Terka \u00e9s Varga Al\u00edz kapott megh\u00edv\u00f3t a 12 f\u0151s keretbe, amely ma 15:30-kor kezdi meg a selejtez\u0151t. Hajr\u00e1 l\u00e1nyok, hajr\u00e1 magyarok!<\/strong><\/p>\n<p>&nbsp;<\/p>\n<figure id=\"attachment_16463\" aria-describedby=\"caption-attachment-16463\" style=\"width: 600px\" class=\"wp-caption aligncenter\"><img loading=\"lazy\" decoding=\"async\" class=\" wp-image-16463\" src=\"https:\/\/vasasbasket.hu\/wp-content\/uploads\/2026\/03\/Kepernyokep-2026-03-11-104200.png\" alt=\"\" width=\"600\" height=\"857\" srcset=\"https:\/\/vasasbasket.hu\/wp-content\/uploads\/2026\/03\/Kepernyokep-2026-03-11-104200.png 608w, https:\/\/vasasbasket.hu\/wp-content\/uploads\/2026\/03\/Kepernyokep-2026-03-11-104200-210x300.png 210w, https:\/\/vasasbasket.hu\/wp-content\/uploads\/2026\/03\/Kepernyokep-2026-03-11-104200-90x128.png 90w, https:\/\/vasasbasket.hu\/wp-content\/uploads\/2026\/03\/Kepernyokep-2026-03-11-104200-22x32.png 22w, https:\/\/vasasbasket.hu\/wp-content\/uploads\/2026\/03\/Kepernyokep-2026-03-11-104200-69x98.png 69w, https:\/\/vasasbasket.hu\/wp-content\/uploads\/2026\/03\/Kepernyokep-2026-03-11-104200-570x814.png 570w, https:\/\/vasasbasket.hu\/wp-content\/uploads\/2026\/03\/Kepernyokep-2026-03-11-104200-440x628.png 440w\" sizes=\"auto, (max-width: 600px) 100vw, 600px\" \/><figcaption id=\"caption-attachment-16463\" class=\"wp-caption-text\">Fot\u00f3: FIBA<\/figcaption><\/figure>\n<figure id=\"attachment_16466\" aria-describedby=\"caption-attachment-16466\" style=\"width: 600px\" class=\"wp-caption aligncenter\"><img loading=\"lazy\" decoding=\"async\" class=\" wp-image-16466\" src=\"https:\/\/vasasbasket.hu\/wp-content\/uploads\/2026\/03\/Kepernyokep-2026-03-11-104206.png\" alt=\"\" width=\"600\" height=\"897\" srcset=\"https:\/\/vasasbasket.hu\/wp-content\/uploads\/2026\/03\/Kepernyokep-2026-03-11-104206.png 593w, https:\/\/vasasbasket.hu\/wp-content\/uploads\/2026\/03\/Kepernyokep-2026-03-11-104206-201x300.png 201w, https:\/\/vasasbasket.hu\/wp-content\/uploads\/2026\/03\/Kepernyokep-2026-03-11-104206-86x128.png 86w, https:\/\/vasasbasket.hu\/wp-content\/uploads\/2026\/03\/Kepernyokep-2026-03-11-104206-21x32.png 21w, https:\/\/vasasbasket.hu\/wp-content\/uploads\/2026\/03\/Kepernyokep-2026-03-11-104206-66x98.png 66w, https:\/\/vasasbasket.hu\/wp-content\/uploads\/2026\/03\/Kepernyokep-2026-03-11-104206-570x853.png 570w, https:\/\/vasasbasket.hu\/wp-content\/uploads\/2026\/03\/Kepernyokep-2026-03-11-104206-440x658.png 440w\" sizes=\"auto, (max-width: 600px) 100vw, 600px\" \/><figcaption id=\"caption-attachment-16466\" class=\"wp-caption-text\">Fot\u00f3: FIBA<\/figcaption><\/figure>\n<figure id=\"attachment_16465\" aria-describedby=\"caption-attachment-16465\" style=\"width: 601px\" class=\"wp-caption aligncenter\"><img loading=\"lazy\" decoding=\"async\" class=\" wp-image-16465\" src=\"https:\/\/vasasbasket.hu\/wp-content\/uploads\/2026\/03\/Kepernyokep-2026-03-11-104214.png\" alt=\"\" width=\"601\" height=\"574\" srcset=\"https:\/\/vasasbasket.hu\/wp-content\/uploads\/2026\/03\/Kepernyokep-2026-03-11-104214.png 945w, https:\/\/vasasbasket.hu\/wp-content\/uploads\/2026\/03\/Kepernyokep-2026-03-11-104214-300x286.png 300w, https:\/\/vasasbasket.hu\/wp-content\/uploads\/2026\/03\/Kepernyokep-2026-03-11-104214-768x733.png 768w, https:\/\/vasasbasket.hu\/wp-content\/uploads\/2026\/03\/Kepernyokep-2026-03-11-104214-128x122.png 128w, https:\/\/vasasbasket.hu\/wp-content\/uploads\/2026\/03\/Kepernyokep-2026-03-11-104214-32x32.png 32w, https:\/\/vasasbasket.hu\/wp-content\/uploads\/2026\/03\/Kepernyokep-2026-03-11-104214-98x94.png 98w, https:\/\/vasasbasket.hu\/wp-content\/uploads\/2026\/03\/Kepernyokep-2026-03-11-104214-570x544.png 570w, https:\/\/vasasbasket.hu\/wp-content\/uploads\/2026\/03\/Kepernyokep-2026-03-11-104214-440x420.png 440w\" sizes=\"auto, (max-width: 601px) 100vw, 601px\" \/><figcaption id=\"caption-attachment-16465\" class=\"wp-caption-text\">Fot\u00f3: FIBA<\/figcaption><\/figure>\n<figure id=\"attachment_16464\" aria-describedby=\"caption-attachment-16464\" style=\"width: 600px\" class=\"wp-caption aligncenter\"><img loading=\"lazy\" decoding=\"async\" class=\" wp-image-16464\" src=\"https:\/\/vasasbasket.hu\/wp-content\/uploads\/2026\/03\/Kepernyokep-2026-03-11-104221.png\" alt=\"\" width=\"600\" height=\"915\" srcset=\"https:\/\/vasasbasket.hu\/wp-content\/uploads\/2026\/03\/Kepernyokep-2026-03-11-104221.png 591w, https:\/\/vasasbasket.hu\/wp-content\/uploads\/2026\/03\/Kepernyokep-2026-03-11-104221-197x300.png 197w, https:\/\/vasasbasket.hu\/wp-content\/uploads\/2026\/03\/Kepernyokep-2026-03-11-104221-84x128.png 84w, https:\/\/vasasbasket.hu\/wp-content\/uploads\/2026\/03\/Kepernyokep-2026-03-11-104221-21x32.png 21w, https:\/\/vasasbasket.hu\/wp-content\/uploads\/2026\/03\/Kepernyokep-2026-03-11-104221-64x98.png 64w, https:\/\/vasasbasket.hu\/wp-content\/uploads\/2026\/03\/Kepernyokep-2026-03-11-104221-570x869.png 570w, https:\/\/vasasbasket.hu\/wp-content\/uploads\/2026\/03\/Kepernyokep-2026-03-11-104221-440x671.png 440w\" sizes=\"auto, (max-width: 600px) 100vw, 600px\" \/><figcaption id=\"caption-attachment-16464\" class=\"wp-caption-text\">Fot\u00f3: FIBA<\/figcaption><\/figure>\n<figure id=\"attachment_16459\" aria-describedby=\"caption-attachment-16459\" style=\"width: 1000px\" class=\"wp-caption aligncenter\"><img loading=\"lazy\" decoding=\"async\" class=\"size-full wp-image-16459\" src=\"https:\/\/vasasbasket.hu\/wp-content\/uploads\/2026\/03\/batch_NZ8_6733.jpg\" alt=\"\" width=\"1000\" height=\"666\" srcset=\"https:\/\/vasasbasket.hu\/wp-content\/uploads\/2026\/03\/batch_NZ8_6733.jpg 1000w, https:\/\/vasasbasket.hu\/wp-content\/uploads\/2026\/03\/batch_NZ8_6733-300x200.jpg 300w, https:\/\/vasasbasket.hu\/wp-content\/uploads\/2026\/03\/batch_NZ8_6733-768x511.jpg 768w, https:\/\/vasasbasket.hu\/wp-content\/uploads\/2026\/03\/batch_NZ8_6733-128x85.jpg 128w, https:\/\/vasasbasket.hu\/wp-content\/uploads\/2026\/03\/batch_NZ8_6733-32x21.jpg 32w, https:\/\/vasasbasket.hu\/wp-content\/uploads\/2026\/03\/batch_NZ8_6733-360x240.jpg 360w, https:\/\/vasasbasket.hu\/wp-content\/uploads\/2026\/03\/batch_NZ8_6733-98x65.jpg 98w, https:\/\/vasasbasket.hu\/wp-content\/uploads\/2026\/03\/batch_NZ8_6733-570x380.jpg 570w, https:\/\/vasasbasket.hu\/wp-content\/uploads\/2026\/03\/batch_NZ8_6733-440x293.jpg 440w\" sizes=\"auto, (max-width: 1000px) 100vw, 1000px\" \/><figcaption id=\"caption-attachment-16459\" class=\"wp-caption-text\">Fot\u00f3: Girg\u00e1sz P\u00e9ter \/ MKOSZ<\/figcaption><\/figure>\n<p><strong>Bor\u00edt\u00f3k\u00e9p: FIBA<\/strong><\/p>\n","protected":false},"excerpt":{"rendered":"<p>A mai napon Jap\u00e1n ellen kezdi meg a vil\u00e1gbajnoki selejtez\u0151t feln\u0151tt n\u0151i v\u00e1logatottunk, amelynek harmad\u00e1t a Vasas Akad\u00e9mia neveltjei alkotj\u00e1k. Statisztikai mutat\u00f3k alapj\u00e1n a magyar csapat rendelkezik a legnagyobb \u00e1tlagmagass\u00e1ggal \u00e9s a legfiatalabb \u00e1tlag\u00e9letkorral. N\u00e9gy egykori tan\u00edtv\u00e1nyunk, Aho Nina, Dombai R\u00e9ka, D\u00fal Terka \u00e9s Varga Al\u00edz kapott megh\u00edv\u00f3t a 12 f\u0151s keretbe, amely ma 15:30-kor&#8230;<\/p>\n","protected":false},"author":3,"featured_media":16460,"comment_status":"closed","ping_status":"closed","sticky":false,"template":"","format":"standard","meta":{"footnotes":""},"categories":[91,92],"tags":[],"class_list":["post-16458","post","type-post","status-publish","format-standard","has-post-thumbnail","hentry","category-vasas","category-hirek"],"yoast_head":"<!-- This site is optimized with the Yoast SEO plugin v26.0 - https:\/\/yoast.com\/wordpress\/plugins\/seo\/ -->\n<title>N\u00e9gy Vasas Akad\u00e9mia nevel\u00e9ssel kezd\u0151dik a vb-selejtez\u0151 - Vasas n\u0151i kos\u00e1rlabda<\/title>\n<meta name=\"robots\" content=\"index, follow, max-snippet:-1, max-image-preview:large, max-video-preview:-1\" \/>\n<link rel=\"canonical\" href=\"https:\/\/vasasbasket.hu\/index.php\/negy-vasas-akademia-nevelessel-kezdodik-a-vb-selejtezo\/\" \/>\n<meta property=\"og:locale\" content=\"hu_HU\" \/>\n<meta property=\"og:type\" content=\"article\" \/>\n<meta property=\"og:title\" content=\"N\u00e9gy Vasas Akad\u00e9mia nevel\u00e9ssel kezd\u0151dik a vb-selejtez\u0151 - Vasas n\u0151i kos\u00e1rlabda\" \/>\n<meta property=\"og:description\" content=\"A mai napon Jap\u00e1n ellen kezdi meg a vil\u00e1gbajnoki selejtez\u0151t feln\u0151tt n\u0151i v\u00e1logatottunk, amelynek harmad\u00e1t a Vasas Akad\u00e9mia neveltjei alkotj\u00e1k. Statisztikai mutat\u00f3k alapj\u00e1n a magyar csapat rendelkezik a legnagyobb \u00e1tlagmagass\u00e1ggal \u00e9s a legfiatalabb \u00e1tlag\u00e9letkorral. N\u00e9gy egykori tan\u00edtv\u00e1nyunk, Aho Nina, Dombai R\u00e9ka, D\u00fal Terka \u00e9s Varga Al\u00edz kapott megh\u00edv\u00f3t a 12 f\u0151s keretbe, amely ma 15:30-kor...\" \/>\n<meta property=\"og:url\" content=\"https:\/\/vasasbasket.hu\/index.php\/negy-vasas-akademia-nevelessel-kezdodik-a-vb-selejtezo\/\" \/>\n<meta property=\"og:site_name\" content=\"Vasas n\u0151i kos\u00e1rlabda\" \/>\n<meta property=\"article:publisher\" content=\"https:\/\/www.facebook.com\/vasaswbasket\/\" \/>\n<meta property=\"article:published_time\" content=\"2026-03-11T09:37:56+00:00\" \/>\n<meta property=\"article:modified_time\" content=\"2026-03-11T09:46:48+00:00\" \/>\n<meta property=\"og:image\" content=\"https:\/\/vasasbasket.hu\/wp-content\/uploads\/2026\/03\/xmeaglbzzpmx9xglzw9q.webp\" \/>\n\t<meta property=\"og:image:width\" content=\"2400\" \/>\n\t<meta property=\"og:image:height\" content=\"1601\" \/>\n\t<meta property=\"og:image:type\" content=\"image\/webp\" \/>\n<meta name=\"author\" content=\"Staszelis Rafal\" \/>\n<meta name=\"twitter:card\" content=\"summary_large_image\" \/>\n<meta name=\"twitter:label1\" content=\"Szerz\u0151:\" \/>\n\t<meta name=\"twitter:data1\" content=\"Staszelis Rafal\" \/>\n\t<meta name=\"twitter:label2\" content=\"Becs\u00fclt olvas\u00e1si id\u0151\" \/>\n\t<meta name=\"twitter:data2\" content=\"2 perc\" \/>\n<script type=\"application\/ld+json\" class=\"yoast-schema-graph\">{\"@context\":\"https:\/\/schema.org\",\"@graph\":[{\"@type\":\"Article\",\"@id\":\"https:\/\/vasasbasket.hu\/index.php\/negy-vasas-akademia-nevelessel-kezdodik-a-vb-selejtezo\/#article\",\"isPartOf\":{\"@id\":\"https:\/\/vasasbasket.hu\/index.php\/negy-vasas-akademia-nevelessel-kezdodik-a-vb-selejtezo\/\"},\"author\":{\"name\":\"Staszelis Rafal\",\"@id\":\"https:\/\/vasasbasket.hu\/#\/schema\/person\/cce3d40284d729c98742af771668678b\"},\"headline\":\"N\u00e9gy Vasas Akad\u00e9mia nevel\u00e9ssel kezd\u0151dik a vb-selejtez\u0151\",\"datePublished\":\"2026-03-11T09:37:56+00:00\",\"dateModified\":\"2026-03-11T09:46:48+00:00\",\"mainEntityOfPage\":{\"@id\":\"https:\/\/vasasbasket.hu\/index.php\/negy-vasas-akademia-nevelessel-kezdodik-a-vb-selejtezo\/\"},\"wordCount\":152,\"publisher\":{\"@id\":\"https:\/\/vasasbasket.hu\/#organization\"},\"image\":{\"@id\":\"https:\/\/vasasbasket.hu\/index.php\/negy-vasas-akademia-nevelessel-kezdodik-a-vb-selejtezo\/#primaryimage\"},\"thumbnailUrl\":\"https:\/\/vasasbasket.hu\/wp-content\/uploads\/2026\/03\/xmeaglbzzpmx9xglzw9q.webp\",\"articleSection\":[\"V\u00e1logatott H\u00edrek\",\"\u00d6sszes H\u00edr\"],\"inLanguage\":\"hu\"},{\"@type\":\"WebPage\",\"@id\":\"https:\/\/vasasbasket.hu\/index.php\/negy-vasas-akademia-nevelessel-kezdodik-a-vb-selejtezo\/\",\"url\":\"https:\/\/vasasbasket.hu\/index.php\/negy-vasas-akademia-nevelessel-kezdodik-a-vb-selejtezo\/\",\"name\":\"N\u00e9gy Vasas Akad\u00e9mia nevel\u00e9ssel kezd\u0151dik a vb-selejtez\u0151 - Vasas n\u0151i kos\u00e1rlabda\",\"isPartOf\":{\"@id\":\"https:\/\/vasasbasket.hu\/#website\"},\"primaryImageOfPage\":{\"@id\":\"https:\/\/vasasbasket.hu\/index.php\/negy-vasas-akademia-nevelessel-kezdodik-a-vb-selejtezo\/#primaryimage\"},\"image\":{\"@id\":\"https:\/\/vasasbasket.hu\/index.php\/negy-vasas-akademia-nevelessel-kezdodik-a-vb-selejtezo\/#primaryimage\"},\"thumbnailUrl\":\"https:\/\/vasasbasket.hu\/wp-content\/uploads\/2026\/03\/xmeaglbzzpmx9xglzw9q.webp\",\"datePublished\":\"2026-03-11T09:37:56+00:00\",\"dateModified\":\"2026-03-11T09:46:48+00:00\",\"breadcrumb\":{\"@id\":\"https:\/\/vasasbasket.hu\/index.php\/negy-vasas-akademia-nevelessel-kezdodik-a-vb-selejtezo\/#breadcrumb\"},\"inLanguage\":\"hu\",\"potentialAction\":[{\"@type\":\"ReadAction\",\"target\":[\"https:\/\/vasasbasket.hu\/index.php\/negy-vasas-akademia-nevelessel-kezdodik-a-vb-selejtezo\/\"]}]},{\"@type\":\"ImageObject\",\"inLanguage\":\"hu\",\"@id\":\"https:\/\/vasasbasket.hu\/index.php\/negy-vasas-akademia-nevelessel-kezdodik-a-vb-selejtezo\/#primaryimage\",\"url\":\"https:\/\/vasasbasket.hu\/wp-content\/uploads\/2026\/03\/xmeaglbzzpmx9xglzw9q.webp\",\"contentUrl\":\"https:\/\/vasasbasket.hu\/wp-content\/uploads\/2026\/03\/xmeaglbzzpmx9xglzw9q.webp\",\"width\":2400,\"height\":1601},{\"@type\":\"BreadcrumbList\",\"@id\":\"https:\/\/vasasbasket.hu\/index.php\/negy-vasas-akademia-nevelessel-kezdodik-a-vb-selejtezo\/#breadcrumb\",\"itemListElement\":[{\"@type\":\"ListItem\",\"position\":1,\"name\":\"Kezd\u0151lap\",\"item\":\"https:\/\/vasasbasket.hu\/\"},{\"@type\":\"ListItem\",\"position\":2,\"name\":\"N\u00e9gy Vasas Akad\u00e9mia nevel\u00e9ssel kezd\u0151dik a vb-selejtez\u0151\"}]},{\"@type\":\"WebSite\",\"@id\":\"https:\/\/vasasbasket.hu\/#website\",\"url\":\"https:\/\/vasasbasket.hu\/\",\"name\":\"Vasas n\u0151i kos\u00e1rlabda\",\"description\":\"Vasas Basket N\u0151i\",\"publisher\":{\"@id\":\"https:\/\/vasasbasket.hu\/#organization\"},\"potentialAction\":[{\"@type\":\"SearchAction\",\"target\":{\"@type\":\"EntryPoint\",\"urlTemplate\":\"https:\/\/vasasbasket.hu\/?s={search_term_string}\"},\"query-input\":{\"@type\":\"PropertyValueSpecification\",\"valueRequired\":true,\"valueName\":\"search_term_string\"}}],\"inLanguage\":\"hu\"},{\"@type\":\"Organization\",\"@id\":\"https:\/\/vasasbasket.hu\/#organization\",\"name\":\"Vasas n\u0151i kos\u00e1rlabda\",\"url\":\"https:\/\/vasasbasket.hu\/\",\"logo\":{\"@type\":\"ImageObject\",\"inLanguage\":\"hu\",\"@id\":\"https:\/\/vasasbasket.hu\/#\/schema\/logo\/image\/\",\"url\":\"https:\/\/vasasbasket.hu\/wp-content\/uploads\/2017\/03\/vasas_cimer_1200.jpg\",\"contentUrl\":\"https:\/\/vasasbasket.hu\/wp-content\/uploads\/2017\/03\/vasas_cimer_1200.jpg\",\"width\":1200,\"height\":1200,\"caption\":\"Vasas n\u0151i kos\u00e1rlabda\"},\"image\":{\"@id\":\"https:\/\/vasasbasket.hu\/#\/schema\/logo\/image\/\"},\"sameAs\":[\"https:\/\/www.facebook.com\/vasaswbasket\/\"]},{\"@type\":\"Person\",\"@id\":\"https:\/\/vasasbasket.hu\/#\/schema\/person\/cce3d40284d729c98742af771668678b\",\"name\":\"Staszelis Rafal\",\"image\":{\"@type\":\"ImageObject\",\"inLanguage\":\"hu\",\"@id\":\"https:\/\/vasasbasket.hu\/#\/schema\/person\/image\/\",\"url\":\"https:\/\/secure.gravatar.com\/avatar\/dd648a2eae6e2ec122d87922ad625d8e10c16f8a8b4c7ab41bd9614806a230bb?s=96&d=mm&r=g\",\"contentUrl\":\"https:\/\/secure.gravatar.com\/avatar\/dd648a2eae6e2ec122d87922ad625d8e10c16f8a8b4c7ab41bd9614806a230bb?s=96&d=mm&r=g\",\"caption\":\"Staszelis Rafal\"},\"url\":\"https:\/\/vasasbasket.hu\/index.php\/author\/rafi\/\"}]}<\/script>\n<!-- \/ Yoast SEO plugin. -->","yoast_head_json":{"title":"N\u00e9gy Vasas Akad\u00e9mia nevel\u00e9ssel kezd\u0151dik a vb-selejtez\u0151 - Vasas n\u0151i kos\u00e1rlabda","robots":{"index":"index","follow":"follow","max-snippet":"max-snippet:-1","max-image-preview":"max-image-preview:large","max-video-preview":"max-video-preview:-1"},"canonical":"https:\/\/vasasbasket.hu\/index.php\/negy-vasas-akademia-nevelessel-kezdodik-a-vb-selejtezo\/","og_locale":"hu_HU","og_type":"article","og_title":"N\u00e9gy Vasas Akad\u00e9mia nevel\u00e9ssel kezd\u0151dik a vb-selejtez\u0151 - Vasas n\u0151i kos\u00e1rlabda","og_description":"A mai napon Jap\u00e1n ellen kezdi meg a vil\u00e1gbajnoki selejtez\u0151t feln\u0151tt n\u0151i v\u00e1logatottunk, amelynek harmad\u00e1t a Vasas Akad\u00e9mia neveltjei alkotj\u00e1k. Statisztikai mutat\u00f3k alapj\u00e1n a magyar csapat rendelkezik a legnagyobb \u00e1tlagmagass\u00e1ggal \u00e9s a legfiatalabb \u00e1tlag\u00e9letkorral. N\u00e9gy egykori tan\u00edtv\u00e1nyunk, Aho Nina, Dombai R\u00e9ka, D\u00fal Terka \u00e9s Varga Al\u00edz kapott megh\u00edv\u00f3t a 12 f\u0151s keretbe, amely ma 15:30-kor...","og_url":"https:\/\/vasasbasket.hu\/index.php\/negy-vasas-akademia-nevelessel-kezdodik-a-vb-selejtezo\/","og_site_name":"Vasas n\u0151i kos\u00e1rlabda","article_publisher":"https:\/\/www.facebook.com\/vasaswbasket\/","article_published_time":"2026-03-11T09:37:56+00:00","article_modified_time":"2026-03-11T09:46:48+00:00","og_image":[{"width":2400,"height":1601,"url":"https:\/\/vasasbasket.hu\/wp-content\/uploads\/2026\/03\/xmeaglbzzpmx9xglzw9q.webp","type":"image\/webp"}],"author":"Staszelis Rafal","twitter_card":"summary_large_image","twitter_misc":{"Szerz\u0151:":"Staszelis Rafal","Becs\u00fclt olvas\u00e1si id\u0151":"2 perc"},"schema":{"@context":"https:\/\/schema.org","@graph":[{"@type":"Article","@id":"https:\/\/vasasbasket.hu\/index.php\/negy-vasas-akademia-nevelessel-kezdodik-a-vb-selejtezo\/#article","isPartOf":{"@id":"https:\/\/vasasbasket.hu\/index.php\/negy-vasas-akademia-nevelessel-kezdodik-a-vb-selejtezo\/"},"author":{"name":"Staszelis Rafal","@id":"https:\/\/vasasbasket.hu\/#\/schema\/person\/cce3d40284d729c98742af771668678b"},"headline":"N\u00e9gy Vasas Akad\u00e9mia nevel\u00e9ssel kezd\u0151dik a vb-selejtez\u0151","datePublished":"2026-03-11T09:37:56+00:00","dateModified":"2026-03-11T09:46:48+00:00","mainEntityOfPage":{"@id":"https:\/\/vasasbasket.hu\/index.php\/negy-vasas-akademia-nevelessel-kezdodik-a-vb-selejtezo\/"},"wordCount":152,"publisher":{"@id":"https:\/\/vasasbasket.hu\/#organization"},"image":{"@id":"https:\/\/vasasbasket.hu\/index.php\/negy-vasas-akademia-nevelessel-kezdodik-a-vb-selejtezo\/#primaryimage"},"thumbnailUrl":"https:\/\/vasasbasket.hu\/wp-content\/uploads\/2026\/03\/xmeaglbzzpmx9xglzw9q.webp","articleSection":["V\u00e1logatott H\u00edrek","\u00d6sszes H\u00edr"],"inLanguage":"hu"},{"@type":"WebPage","@id":"https:\/\/vasasbasket.hu\/index.php\/negy-vasas-akademia-nevelessel-kezdodik-a-vb-selejtezo\/","url":"https:\/\/vasasbasket.hu\/index.php\/negy-vasas-akademia-nevelessel-kezdodik-a-vb-selejtezo\/","name":"N\u00e9gy Vasas Akad\u00e9mia nevel\u00e9ssel kezd\u0151dik a vb-selejtez\u0151 - Vasas n\u0151i kos\u00e1rlabda","isPartOf":{"@id":"https:\/\/vasasbasket.hu\/#website"},"primaryImageOfPage":{"@id":"https:\/\/vasasbasket.hu\/index.php\/negy-vasas-akademia-nevelessel-kezdodik-a-vb-selejtezo\/#primaryimage"},"image":{"@id":"https:\/\/vasasbasket.hu\/index.php\/negy-vasas-akademia-nevelessel-kezdodik-a-vb-selejtezo\/#primaryimage"},"thumbnailUrl":"https:\/\/vasasbasket.hu\/wp-content\/uploads\/2026\/03\/xmeaglbzzpmx9xglzw9q.webp","datePublished":"2026-03-11T09:37:56+00:00","dateModified":"2026-03-11T09:46:48+00:00","breadcrumb":{"@id":"https:\/\/vasasbasket.hu\/index.php\/negy-vasas-akademia-nevelessel-kezdodik-a-vb-selejtezo\/#breadcrumb"},"inLanguage":"hu","potentialAction":[{"@type":"ReadAction","target":["https:\/\/vasasbasket.hu\/index.php\/negy-vasas-akademia-nevelessel-kezdodik-a-vb-selejtezo\/"]}]},{"@type":"ImageObject","inLanguage":"hu","@id":"https:\/\/vasasbasket.hu\/index.php\/negy-vasas-akademia-nevelessel-kezdodik-a-vb-selejtezo\/#primaryimage","url":"https:\/\/vasasbasket.hu\/wp-content\/uploads\/2026\/03\/xmeaglbzzpmx9xglzw9q.webp","contentUrl":"https:\/\/vasasbasket.hu\/wp-content\/uploads\/2026\/03\/xmeaglbzzpmx9xglzw9q.webp","width":2400,"height":1601},{"@type":"BreadcrumbList","@id":"https:\/\/vasasbasket.hu\/index.php\/negy-vasas-akademia-nevelessel-kezdodik-a-vb-selejtezo\/#breadcrumb","itemListElement":[{"@type":"ListItem","position":1,"name":"Kezd\u0151lap","item":"https:\/\/vasasbasket.hu\/"},{"@type":"ListItem","position":2,"name":"N\u00e9gy Vasas Akad\u00e9mia nevel\u00e9ssel kezd\u0151dik a vb-selejtez\u0151"}]},{"@type":"WebSite","@id":"https:\/\/vasasbasket.hu\/#website","url":"https:\/\/vasasbasket.hu\/","name":"Vasas n\u0151i kos\u00e1rlabda","description":"Vasas Basket N\u0151i","publisher":{"@id":"https:\/\/vasasbasket.hu\/#organization"},"potentialAction":[{"@type":"SearchAction","target":{"@type":"EntryPoint","urlTemplate":"https:\/\/vasasbasket.hu\/?s={search_term_string}"},"query-input":{"@type":"PropertyValueSpecification","valueRequired":true,"valueName":"search_term_string"}}],"inLanguage":"hu"},{"@type":"Organization","@id":"https:\/\/vasasbasket.hu\/#organization","name":"Vasas n\u0151i kos\u00e1rlabda","url":"https:\/\/vasasbasket.hu\/","logo":{"@type":"ImageObject","inLanguage":"hu","@id":"https:\/\/vasasbasket.hu\/#\/schema\/logo\/image\/","url":"https:\/\/vasasbasket.hu\/wp-content\/uploads\/2017\/03\/vasas_cimer_1200.jpg","contentUrl":"https:\/\/vasasbasket.hu\/wp-content\/uploads\/2017\/03\/vasas_cimer_1200.jpg","width":1200,"height":1200,"caption":"Vasas n\u0151i kos\u00e1rlabda"},"image":{"@id":"https:\/\/vasasbasket.hu\/#\/schema\/logo\/image\/"},"sameAs":["https:\/\/www.facebook.com\/vasaswbasket\/"]},{"@type":"Person","@id":"https:\/\/vasasbasket.hu\/#\/schema\/person\/cce3d40284d729c98742af771668678b","name":"Staszelis Rafal","image":{"@type":"ImageObject","inLanguage":"hu","@id":"https:\/\/vasasbasket.hu\/#\/schema\/person\/image\/","url":"https:\/\/secure.gravatar.com\/avatar\/dd648a2eae6e2ec122d87922ad625d8e10c16f8a8b4c7ab41bd9614806a230bb?s=96&d=mm&r=g","contentUrl":"https:\/\/secure.gravatar.com\/avatar\/dd648a2eae6e2ec122d87922ad625d8e10c16f8a8b4c7ab41bd9614806a230bb?s=96&d=mm&r=g","caption":"Staszelis Rafal"},"url":"https:\/\/vasasbasket.hu\/index.php\/author\/rafi\/"}]}},"_links":{"self":[{"href":"https:\/\/vasasbasket.hu\/index.php\/wp-json\/wp\/v2\/posts\/16458","targetHints":{"allow":["GET"]}}],"collection":[{"href":"https:\/\/vasasbasket.hu\/index.php\/wp-json\/wp\/v2\/posts"}],"about":[{"href":"https:\/\/vasasbasket.hu\/index.php\/wp-json\/wp\/v2\/types\/post"}],"author":[{"embeddable":true,"href":"https:\/\/vasasbasket.hu\/index.php\/wp-json\/wp\/v2\/users\/3"}],"replies":[{"embeddable":true,"href":"https:\/\/vasasbasket.hu\/index.php\/wp-json\/wp\/v2\/comments?post=16458"}],"version-history":[{"count":4,"href":"https:\/\/vasasbasket.hu\/index.php\/wp-json\/wp\/v2\/posts\/16458\/revisions"}],"predecessor-version":[{"id":16468,"href":"https:\/\/vasasbasket.hu\/index.php\/wp-json\/wp\/v2\/posts\/16458\/revisions\/16468"}],"wp:featuredmedia":[{"embeddable":true,"href":"https:\/\/vasasbasket.hu\/index.php\/wp-json\/wp\/v2\/media\/16460"}],"wp:attachment":[{"href":"https:\/\/vasasbasket.hu\/index.php\/wp-json\/wp\/v2\/media?parent=16458"}],"wp:term":[{"taxonomy":"category","embeddable":true,"href":"https:\/\/vasasbasket.hu\/index.php\/wp-json\/wp\/v2\/categories?post=16458"},{"taxonomy":"post_tag","embeddable":true,"href":"https:\/\/vasasbasket.hu\/index.php\/wp-json\/wp\/v2\/tags?post=16458"}],"curies":[{"name":"wp","href":"https:\/\/api.w.org\/{rel}","templated":true}]}}