{"id":16450,"date":"2026-03-11T08:47:54","date_gmt":"2026-03-11T08:47:54","guid":{"rendered":"https:\/\/vasasbasket.hu\/?p=16450"},"modified":"2026-03-11T08:47:54","modified_gmt":"2026-03-11T08:47:54","slug":"hullamzo-meccsen-maradtunk-alul-2","status":"publish","type":"post","link":"https:\/\/vasasbasket.hu\/index.php\/hullamzo-meccsen-maradtunk-alul-2\/","title":{"rendered":"Hull\u00e1mz\u00f3 meccsen maradtunk alul"},"content":{"rendered":"<p><strong>Kadett\/B csapatunk a Parthus SE ellen l\u00e9pett p\u00e1ly\u00e1ra a h\u00e9tv\u00e9g\u00e9n a r\u00e1j\u00e1tsz\u00e1s 5. fordul\u00f3j\u00e1n. Nem tudtuk \u00e1lland\u00f3s\u00edtani a j\u00f3 teljes\u00edtm\u00e9nyt, a rosszabb peri\u00f3dusok pedig megbosszult\u00e1k magukat.\u00a0<\/strong><\/p>\n<p>Elk\u00e9peszt\u0151en hull\u00e1mz\u00f3 volt a Parthus elleni m\u00e9rk\u0151z\u00e9s. Amikor nem v\u00e9dekezt\u00fcnk vagy nem a feladatokhoz tartottuk magunkat, akkor sorra kaptuk a kosarakat. Amikor viszont teljes\u00fclt a megadott feladat, akkor mi dobtuk sorra a kosarakat, szerezt\u00fcnk labd\u00e1kat. Id\u0151nk\u00e9nt szemet gy\u00f6ny\u00f6rk\u00f6dtet\u0151en j\u00e1tszottunk, id\u0151nk\u00e9nt pedig \u00fagy, mintha nem akartunk volna ott lenni. Ez sajnos sem r\u00f6vid, sem hossz\u00fa t\u00e1von nem kifizet\u0151d\u0151. Most egy m\u00e9rk\u0151z\u00e9st buktunk el vele, hossz\u00fa t\u00e1von ak\u00e1r t\u00f6bbet is lehet. Amikor a csapat elv\u00e9gzi a feladat\u00e1t, \u00e9s \u00fagy hajt \u00e9s j\u00e1tszik, ahogy tud, akkor b\u00e1rki ellen fel tudjuk venni a keszty\u0171t ak\u00e1r a saj\u00e1t, a serd\u00fcl\u0151 bajnoks\u00e1gban, ak\u00e1r a kadett koroszt\u00e1lyban. A m\u00e9rk\u0151z\u00e9sen szerezt\u00fcnk 50 labd\u00e1t, ez t\u00f6bb mint kiv\u00e1l\u00f3. Ez is azt mutatja, hogy k\u00e9pesek vagyunk r\u00e1, nincsenek irre\u00e1lis elv\u00e1r\u00e1sok. Sajnos volt az ellenf\u00e9ln\u00e9l egy l\u00e1ny, akivel nem tudtunk mit kezdeni, fizik\u00e1lisan legal\u00e1bb h\u00e1rom \u00e9vvel el\u0151tt\u00fcnk j\u00e1r, m\u00e9gsem ezen ment el a m\u00e9rk\u0151z\u00e9s, hanem azon, hogy t\u00f6bbsz\u00f6r leind\u00edtottak minket. Tanuls\u00e1gos m\u00e9rk\u0151z\u00e9s volt, dolgozunk tov\u00e1bb. J\u00f3l j\u00e1tszott Lujzi, Dorka, Csenge, Juli \u00e9s Bogi &#8211; mondta a csapat edz\u0151je, Ruska Norbert.<\/p>\n<p><strong>Parthus SE &#8211; Vasas Akad\u00e9mia\/B 75-53<\/strong> (18-13, 19-12, 23-18, 15-10)<br \/>\n<em>Pontszerz\u0151k:<\/em><br \/>\n<strong>Vasas Akad\u00e9mia\/B: <\/strong>Gergely Lujza 13, T\u00f3th Csenge 12\/3, S\u00e1rga Emese 8, Szarvas Bogl\u00e1rka 6, Kiss-Bartos J\u00falia 5\/3, K\u00e1lovics Roz\u00e1lia 4, Kapolyi Lilla 2, Jeszenszki Dorka 2, Ga\u00e1l Sz\u00e1va 1, Juh\u00e1sz Janka, Hujber Anna<\/p>\n","protected":false},"excerpt":{"rendered":"<p>Kadett\/B csapatunk a Parthus SE ellen l\u00e9pett p\u00e1ly\u00e1ra a h\u00e9tv\u00e9g\u00e9n a r\u00e1j\u00e1tsz\u00e1s 5. fordul\u00f3j\u00e1n. Nem tudtuk \u00e1lland\u00f3s\u00edtani a j\u00f3 teljes\u00edtm\u00e9nyt, a rosszabb peri\u00f3dusok pedig megbosszult\u00e1k magukat.\u00a0 Elk\u00e9peszt\u0151en hull\u00e1mz\u00f3 volt a Parthus elleni m\u00e9rk\u0151z\u00e9s. Amikor nem v\u00e9dekezt\u00fcnk vagy nem a feladatokhoz tartottuk magunkat, akkor sorra kaptuk a kosarakat. Amikor viszont teljes\u00fclt a megadott feladat, akkor mi&#8230;<\/p>\n","protected":false},"author":3,"featured_media":16451,"comment_status":"closed","ping_status":"closed","sticky":false,"template":"","format":"standard","meta":{"footnotes":""},"categories":[51,92],"tags":[],"class_list":["post-16450","post","type-post","status-publish","format-standard","has-post-thumbnail","hentry","category-kadett","category-hirek"],"yoast_head":"<!-- This site is optimized with the Yoast SEO plugin v26.0 - https:\/\/yoast.com\/wordpress\/plugins\/seo\/ -->\n<title>Hull\u00e1mz\u00f3 meccsen maradtunk alul - Vasas n\u0151i kos\u00e1rlabda<\/title>\n<meta name=\"robots\" content=\"index, follow, max-snippet:-1, max-image-preview:large, max-video-preview:-1\" \/>\n<link rel=\"canonical\" href=\"https:\/\/vasasbasket.hu\/index.php\/hullamzo-meccsen-maradtunk-alul-2\/\" \/>\n<meta property=\"og:locale\" content=\"hu_HU\" \/>\n<meta property=\"og:type\" content=\"article\" \/>\n<meta property=\"og:title\" content=\"Hull\u00e1mz\u00f3 meccsen maradtunk alul - Vasas n\u0151i kos\u00e1rlabda\" \/>\n<meta property=\"og:description\" content=\"Kadett\/B csapatunk a Parthus SE ellen l\u00e9pett p\u00e1ly\u00e1ra a h\u00e9tv\u00e9g\u00e9n a r\u00e1j\u00e1tsz\u00e1s 5. fordul\u00f3j\u00e1n. Nem tudtuk \u00e1lland\u00f3s\u00edtani a j\u00f3 teljes\u00edtm\u00e9nyt, a rosszabb peri\u00f3dusok pedig megbosszult\u00e1k magukat.\u00a0 Elk\u00e9peszt\u0151en hull\u00e1mz\u00f3 volt a Parthus elleni m\u00e9rk\u0151z\u00e9s. Amikor nem v\u00e9dekezt\u00fcnk vagy nem a feladatokhoz tartottuk magunkat, akkor sorra kaptuk a kosarakat. Amikor viszont teljes\u00fclt a megadott feladat, akkor mi...\" \/>\n<meta property=\"og:url\" content=\"https:\/\/vasasbasket.hu\/index.php\/hullamzo-meccsen-maradtunk-alul-2\/\" \/>\n<meta property=\"og:site_name\" content=\"Vasas n\u0151i kos\u00e1rlabda\" \/>\n<meta property=\"article:publisher\" content=\"https:\/\/www.facebook.com\/vasaswbasket\/\" \/>\n<meta property=\"article:published_time\" content=\"2026-03-11T08:47:54+00:00\" \/>\n<meta property=\"og:image\" content=\"https:\/\/vasasbasket.hu\/wp-content\/uploads\/2026\/03\/image0-6-1.jpeg\" \/>\n\t<meta property=\"og:image:width\" content=\"2376\" \/>\n\t<meta property=\"og:image:height\" content=\"956\" \/>\n\t<meta property=\"og:image:type\" content=\"image\/jpeg\" \/>\n<meta name=\"author\" content=\"Staszelis Rafal\" \/>\n<meta name=\"twitter:card\" content=\"summary_large_image\" \/>\n<meta name=\"twitter:label1\" content=\"Szerz\u0151:\" \/>\n\t<meta name=\"twitter:data1\" content=\"Staszelis Rafal\" \/>\n\t<meta name=\"twitter:label2\" content=\"Becs\u00fclt olvas\u00e1si id\u0151\" \/>\n\t<meta name=\"twitter:data2\" content=\"2 perc\" \/>\n<script type=\"application\/ld+json\" class=\"yoast-schema-graph\">{\"@context\":\"https:\/\/schema.org\",\"@graph\":[{\"@type\":\"Article\",\"@id\":\"https:\/\/vasasbasket.hu\/index.php\/hullamzo-meccsen-maradtunk-alul-2\/#article\",\"isPartOf\":{\"@id\":\"https:\/\/vasasbasket.hu\/index.php\/hullamzo-meccsen-maradtunk-alul-2\/\"},\"author\":{\"name\":\"Staszelis Rafal\",\"@id\":\"https:\/\/vasasbasket.hu\/#\/schema\/person\/cce3d40284d729c98742af771668678b\"},\"headline\":\"Hull\u00e1mz\u00f3 meccsen maradtunk alul\",\"datePublished\":\"2026-03-11T08:47:54+00:00\",\"mainEntityOfPage\":{\"@id\":\"https:\/\/vasasbasket.hu\/index.php\/hullamzo-meccsen-maradtunk-alul-2\/\"},\"wordCount\":340,\"publisher\":{\"@id\":\"https:\/\/vasasbasket.hu\/#organization\"},\"image\":{\"@id\":\"https:\/\/vasasbasket.hu\/index.php\/hullamzo-meccsen-maradtunk-alul-2\/#primaryimage\"},\"thumbnailUrl\":\"https:\/\/vasasbasket.hu\/wp-content\/uploads\/2026\/03\/image0-6-1.jpeg\",\"articleSection\":[\"Kadett\",\"\u00d6sszes H\u00edr\"],\"inLanguage\":\"hu\"},{\"@type\":\"WebPage\",\"@id\":\"https:\/\/vasasbasket.hu\/index.php\/hullamzo-meccsen-maradtunk-alul-2\/\",\"url\":\"https:\/\/vasasbasket.hu\/index.php\/hullamzo-meccsen-maradtunk-alul-2\/\",\"name\":\"Hull\u00e1mz\u00f3 meccsen maradtunk alul - Vasas n\u0151i kos\u00e1rlabda\",\"isPartOf\":{\"@id\":\"https:\/\/vasasbasket.hu\/#website\"},\"primaryImageOfPage\":{\"@id\":\"https:\/\/vasasbasket.hu\/index.php\/hullamzo-meccsen-maradtunk-alul-2\/#primaryimage\"},\"image\":{\"@id\":\"https:\/\/vasasbasket.hu\/index.php\/hullamzo-meccsen-maradtunk-alul-2\/#primaryimage\"},\"thumbnailUrl\":\"https:\/\/vasasbasket.hu\/wp-content\/uploads\/2026\/03\/image0-6-1.jpeg\",\"datePublished\":\"2026-03-11T08:47:54+00:00\",\"breadcrumb\":{\"@id\":\"https:\/\/vasasbasket.hu\/index.php\/hullamzo-meccsen-maradtunk-alul-2\/#breadcrumb\"},\"inLanguage\":\"hu\",\"potentialAction\":[{\"@type\":\"ReadAction\",\"target\":[\"https:\/\/vasasbasket.hu\/index.php\/hullamzo-meccsen-maradtunk-alul-2\/\"]}]},{\"@type\":\"ImageObject\",\"inLanguage\":\"hu\",\"@id\":\"https:\/\/vasasbasket.hu\/index.php\/hullamzo-meccsen-maradtunk-alul-2\/#primaryimage\",\"url\":\"https:\/\/vasasbasket.hu\/wp-content\/uploads\/2026\/03\/image0-6-1.jpeg\",\"contentUrl\":\"https:\/\/vasasbasket.hu\/wp-content\/uploads\/2026\/03\/image0-6-1.jpeg\",\"width\":2376,\"height\":956},{\"@type\":\"BreadcrumbList\",\"@id\":\"https:\/\/vasasbasket.hu\/index.php\/hullamzo-meccsen-maradtunk-alul-2\/#breadcrumb\",\"itemListElement\":[{\"@type\":\"ListItem\",\"position\":1,\"name\":\"Kezd\u0151lap\",\"item\":\"https:\/\/vasasbasket.hu\/\"},{\"@type\":\"ListItem\",\"position\":2,\"name\":\"Hull\u00e1mz\u00f3 meccsen maradtunk alul\"}]},{\"@type\":\"WebSite\",\"@id\":\"https:\/\/vasasbasket.hu\/#website\",\"url\":\"https:\/\/vasasbasket.hu\/\",\"name\":\"Vasas n\u0151i kos\u00e1rlabda\",\"description\":\"Vasas Basket N\u0151i\",\"publisher\":{\"@id\":\"https:\/\/vasasbasket.hu\/#organization\"},\"potentialAction\":[{\"@type\":\"SearchAction\",\"target\":{\"@type\":\"EntryPoint\",\"urlTemplate\":\"https:\/\/vasasbasket.hu\/?s={search_term_string}\"},\"query-input\":{\"@type\":\"PropertyValueSpecification\",\"valueRequired\":true,\"valueName\":\"search_term_string\"}}],\"inLanguage\":\"hu\"},{\"@type\":\"Organization\",\"@id\":\"https:\/\/vasasbasket.hu\/#organization\",\"name\":\"Vasas n\u0151i kos\u00e1rlabda\",\"url\":\"https:\/\/vasasbasket.hu\/\",\"logo\":{\"@type\":\"ImageObject\",\"inLanguage\":\"hu\",\"@id\":\"https:\/\/vasasbasket.hu\/#\/schema\/logo\/image\/\",\"url\":\"https:\/\/vasasbasket.hu\/wp-content\/uploads\/2017\/03\/vasas_cimer_1200.jpg\",\"contentUrl\":\"https:\/\/vasasbasket.hu\/wp-content\/uploads\/2017\/03\/vasas_cimer_1200.jpg\",\"width\":1200,\"height\":1200,\"caption\":\"Vasas n\u0151i kos\u00e1rlabda\"},\"image\":{\"@id\":\"https:\/\/vasasbasket.hu\/#\/schema\/logo\/image\/\"},\"sameAs\":[\"https:\/\/www.facebook.com\/vasaswbasket\/\"]},{\"@type\":\"Person\",\"@id\":\"https:\/\/vasasbasket.hu\/#\/schema\/person\/cce3d40284d729c98742af771668678b\",\"name\":\"Staszelis Rafal\",\"image\":{\"@type\":\"ImageObject\",\"inLanguage\":\"hu\",\"@id\":\"https:\/\/vasasbasket.hu\/#\/schema\/person\/image\/\",\"url\":\"https:\/\/secure.gravatar.com\/avatar\/dd648a2eae6e2ec122d87922ad625d8e10c16f8a8b4c7ab41bd9614806a230bb?s=96&d=mm&r=g\",\"contentUrl\":\"https:\/\/secure.gravatar.com\/avatar\/dd648a2eae6e2ec122d87922ad625d8e10c16f8a8b4c7ab41bd9614806a230bb?s=96&d=mm&r=g\",\"caption\":\"Staszelis Rafal\"},\"url\":\"https:\/\/vasasbasket.hu\/index.php\/author\/rafi\/\"}]}<\/script>\n<!-- \/ Yoast SEO plugin. -->","yoast_head_json":{"title":"Hull\u00e1mz\u00f3 meccsen maradtunk alul - Vasas n\u0151i kos\u00e1rlabda","robots":{"index":"index","follow":"follow","max-snippet":"max-snippet:-1","max-image-preview":"max-image-preview:large","max-video-preview":"max-video-preview:-1"},"canonical":"https:\/\/vasasbasket.hu\/index.php\/hullamzo-meccsen-maradtunk-alul-2\/","og_locale":"hu_HU","og_type":"article","og_title":"Hull\u00e1mz\u00f3 meccsen maradtunk alul - Vasas n\u0151i kos\u00e1rlabda","og_description":"Kadett\/B csapatunk a Parthus SE ellen l\u00e9pett p\u00e1ly\u00e1ra a h\u00e9tv\u00e9g\u00e9n a r\u00e1j\u00e1tsz\u00e1s 5. fordul\u00f3j\u00e1n. Nem tudtuk \u00e1lland\u00f3s\u00edtani a j\u00f3 teljes\u00edtm\u00e9nyt, a rosszabb peri\u00f3dusok pedig megbosszult\u00e1k magukat.\u00a0 Elk\u00e9peszt\u0151en hull\u00e1mz\u00f3 volt a Parthus elleni m\u00e9rk\u0151z\u00e9s. Amikor nem v\u00e9dekezt\u00fcnk vagy nem a feladatokhoz tartottuk magunkat, akkor sorra kaptuk a kosarakat. Amikor viszont teljes\u00fclt a megadott feladat, akkor mi...","og_url":"https:\/\/vasasbasket.hu\/index.php\/hullamzo-meccsen-maradtunk-alul-2\/","og_site_name":"Vasas n\u0151i kos\u00e1rlabda","article_publisher":"https:\/\/www.facebook.com\/vasaswbasket\/","article_published_time":"2026-03-11T08:47:54+00:00","og_image":[{"width":2376,"height":956,"url":"https:\/\/vasasbasket.hu\/wp-content\/uploads\/2026\/03\/image0-6-1.jpeg","type":"image\/jpeg"}],"author":"Staszelis Rafal","twitter_card":"summary_large_image","twitter_misc":{"Szerz\u0151:":"Staszelis Rafal","Becs\u00fclt olvas\u00e1si id\u0151":"2 perc"},"schema":{"@context":"https:\/\/schema.org","@graph":[{"@type":"Article","@id":"https:\/\/vasasbasket.hu\/index.php\/hullamzo-meccsen-maradtunk-alul-2\/#article","isPartOf":{"@id":"https:\/\/vasasbasket.hu\/index.php\/hullamzo-meccsen-maradtunk-alul-2\/"},"author":{"name":"Staszelis Rafal","@id":"https:\/\/vasasbasket.hu\/#\/schema\/person\/cce3d40284d729c98742af771668678b"},"headline":"Hull\u00e1mz\u00f3 meccsen maradtunk alul","datePublished":"2026-03-11T08:47:54+00:00","mainEntityOfPage":{"@id":"https:\/\/vasasbasket.hu\/index.php\/hullamzo-meccsen-maradtunk-alul-2\/"},"wordCount":340,"publisher":{"@id":"https:\/\/vasasbasket.hu\/#organization"},"image":{"@id":"https:\/\/vasasbasket.hu\/index.php\/hullamzo-meccsen-maradtunk-alul-2\/#primaryimage"},"thumbnailUrl":"https:\/\/vasasbasket.hu\/wp-content\/uploads\/2026\/03\/image0-6-1.jpeg","articleSection":["Kadett","\u00d6sszes H\u00edr"],"inLanguage":"hu"},{"@type":"WebPage","@id":"https:\/\/vasasbasket.hu\/index.php\/hullamzo-meccsen-maradtunk-alul-2\/","url":"https:\/\/vasasbasket.hu\/index.php\/hullamzo-meccsen-maradtunk-alul-2\/","name":"Hull\u00e1mz\u00f3 meccsen maradtunk alul - Vasas n\u0151i kos\u00e1rlabda","isPartOf":{"@id":"https:\/\/vasasbasket.hu\/#website"},"primaryImageOfPage":{"@id":"https:\/\/vasasbasket.hu\/index.php\/hullamzo-meccsen-maradtunk-alul-2\/#primaryimage"},"image":{"@id":"https:\/\/vasasbasket.hu\/index.php\/hullamzo-meccsen-maradtunk-alul-2\/#primaryimage"},"thumbnailUrl":"https:\/\/vasasbasket.hu\/wp-content\/uploads\/2026\/03\/image0-6-1.jpeg","datePublished":"2026-03-11T08:47:54+00:00","breadcrumb":{"@id":"https:\/\/vasasbasket.hu\/index.php\/hullamzo-meccsen-maradtunk-alul-2\/#breadcrumb"},"inLanguage":"hu","potentialAction":[{"@type":"ReadAction","target":["https:\/\/vasasbasket.hu\/index.php\/hullamzo-meccsen-maradtunk-alul-2\/"]}]},{"@type":"ImageObject","inLanguage":"hu","@id":"https:\/\/vasasbasket.hu\/index.php\/hullamzo-meccsen-maradtunk-alul-2\/#primaryimage","url":"https:\/\/vasasbasket.hu\/wp-content\/uploads\/2026\/03\/image0-6-1.jpeg","contentUrl":"https:\/\/vasasbasket.hu\/wp-content\/uploads\/2026\/03\/image0-6-1.jpeg","width":2376,"height":956},{"@type":"BreadcrumbList","@id":"https:\/\/vasasbasket.hu\/index.php\/hullamzo-meccsen-maradtunk-alul-2\/#breadcrumb","itemListElement":[{"@type":"ListItem","position":1,"name":"Kezd\u0151lap","item":"https:\/\/vasasbasket.hu\/"},{"@type":"ListItem","position":2,"name":"Hull\u00e1mz\u00f3 meccsen maradtunk alul"}]},{"@type":"WebSite","@id":"https:\/\/vasasbasket.hu\/#website","url":"https:\/\/vasasbasket.hu\/","name":"Vasas n\u0151i kos\u00e1rlabda","description":"Vasas Basket N\u0151i","publisher":{"@id":"https:\/\/vasasbasket.hu\/#organization"},"potentialAction":[{"@type":"SearchAction","target":{"@type":"EntryPoint","urlTemplate":"https:\/\/vasasbasket.hu\/?s={search_term_string}"},"query-input":{"@type":"PropertyValueSpecification","valueRequired":true,"valueName":"search_term_string"}}],"inLanguage":"hu"},{"@type":"Organization","@id":"https:\/\/vasasbasket.hu\/#organization","name":"Vasas n\u0151i kos\u00e1rlabda","url":"https:\/\/vasasbasket.hu\/","logo":{"@type":"ImageObject","inLanguage":"hu","@id":"https:\/\/vasasbasket.hu\/#\/schema\/logo\/image\/","url":"https:\/\/vasasbasket.hu\/wp-content\/uploads\/2017\/03\/vasas_cimer_1200.jpg","contentUrl":"https:\/\/vasasbasket.hu\/wp-content\/uploads\/2017\/03\/vasas_cimer_1200.jpg","width":1200,"height":1200,"caption":"Vasas n\u0151i kos\u00e1rlabda"},"image":{"@id":"https:\/\/vasasbasket.hu\/#\/schema\/logo\/image\/"},"sameAs":["https:\/\/www.facebook.com\/vasaswbasket\/"]},{"@type":"Person","@id":"https:\/\/vasasbasket.hu\/#\/schema\/person\/cce3d40284d729c98742af771668678b","name":"Staszelis Rafal","image":{"@type":"ImageObject","inLanguage":"hu","@id":"https:\/\/vasasbasket.hu\/#\/schema\/person\/image\/","url":"https:\/\/secure.gravatar.com\/avatar\/dd648a2eae6e2ec122d87922ad625d8e10c16f8a8b4c7ab41bd9614806a230bb?s=96&d=mm&r=g","contentUrl":"https:\/\/secure.gravatar.com\/avatar\/dd648a2eae6e2ec122d87922ad625d8e10c16f8a8b4c7ab41bd9614806a230bb?s=96&d=mm&r=g","caption":"Staszelis Rafal"},"url":"https:\/\/vasasbasket.hu\/index.php\/author\/rafi\/"}]}},"_links":{"self":[{"href":"https:\/\/vasasbasket.hu\/index.php\/wp-json\/wp\/v2\/posts\/16450","targetHints":{"allow":["GET"]}}],"collection":[{"href":"https:\/\/vasasbasket.hu\/index.php\/wp-json\/wp\/v2\/posts"}],"about":[{"href":"https:\/\/vasasbasket.hu\/index.php\/wp-json\/wp\/v2\/types\/post"}],"author":[{"embeddable":true,"href":"https:\/\/vasasbasket.hu\/index.php\/wp-json\/wp\/v2\/users\/3"}],"replies":[{"embeddable":true,"href":"https:\/\/vasasbasket.hu\/index.php\/wp-json\/wp\/v2\/comments?post=16450"}],"version-history":[{"count":1,"href":"https:\/\/vasasbasket.hu\/index.php\/wp-json\/wp\/v2\/posts\/16450\/revisions"}],"predecessor-version":[{"id":16452,"href":"https:\/\/vasasbasket.hu\/index.php\/wp-json\/wp\/v2\/posts\/16450\/revisions\/16452"}],"wp:featuredmedia":[{"embeddable":true,"href":"https:\/\/vasasbasket.hu\/index.php\/wp-json\/wp\/v2\/media\/16451"}],"wp:attachment":[{"href":"https:\/\/vasasbasket.hu\/index.php\/wp-json\/wp\/v2\/media?parent=16450"}],"wp:term":[{"taxonomy":"category","embeddable":true,"href":"https:\/\/vasasbasket.hu\/index.php\/wp-json\/wp\/v2\/categories?post=16450"},{"taxonomy":"post_tag","embeddable":true,"href":"https:\/\/vasasbasket.hu\/index.php\/wp-json\/wp\/v2\/tags?post=16450"}],"curies":[{"name":"wp","href":"https:\/\/api.w.org\/{rel}","templated":true}]}}