{"id":16446,"date":"2026-03-09T13:19:09","date_gmt":"2026-03-09T13:19:09","guid":{"rendered":"https:\/\/vasasbasket.hu\/?p=16446"},"modified":"2026-03-09T13:19:09","modified_gmt":"2026-03-09T13:19:09","slug":"nem-tudtuk-megtorni-a-darazsak-veretlenseget","status":"publish","type":"post","link":"https:\/\/vasasbasket.hu\/index.php\/nem-tudtuk-megtorni-a-darazsak-veretlenseget\/","title":{"rendered":"Nem tudtuk megt\u00f6rni a Darazsak veretlens\u00e9g\u00e9t"},"content":{"rendered":"<p><strong>Az U16-os bajnoks\u00e1g r\u00e1j\u00e1tsz\u00e1s\u00e1nak 5. fordul\u00f3j\u00e1n a Vasas Akad\u00e9mia\/A a Darazsak Sportakad\u00e9mia otthon\u00e1ban j\u00e1rt. V\u00e9dekez\u00e9sben j\u00f3l teljes\u00edtettek l\u00e1nyaink, t\u00e1mad\u00e1sban viszont nem tudtunk maradand\u00f3t alkotni, \u00edgy ellenfel\u00fcnk \u00f6r\u00fclhetett a tal\u00e1lkoz\u00f3 v\u00e9g\u00e9n.<\/strong><\/p>\n<p>Nem kezdt\u00fck j\u00f3l a m\u00e9rk\u0151z\u00e9st, ism\u00e9t t\u00f6bb eladott labd\u00e1val ind\u00edtottunk, ennek ellen\u00e9re sok\u00e1ig fej-fej mellett haladt a k\u00e9t csapat. Az els\u0151 negyedben v\u00e9dekez\u00e9sben sok hib\u00e1t k\u00f6vett\u00fcnk el, amit a Sopron rendre kihaszn\u00e1lt. A m\u00e1sodik j\u00e1t\u00e9kr\u00e9szben ezen siker\u00fclt jav\u00edtanunk, stabilabb lett a v\u00e9dekez\u00e9s\u00fcnk, ugyanakkor t\u00e1mad\u00e1sban nem tal\u00e1ltuk igaz\u00e1n a ritmust, \u00e9s nem voltunk el\u00e9g hat\u00e9konyak a gy\u0171r\u0171 k\u00f6zel\u00e9ben. Ahhoz, hogy el\u0151re l\u00e9pj\u00fcnk, sokkal tudatosabb \u00e9s fegyelmezettebb j\u00e1t\u00e9kra van sz\u00fcks\u00e9g\u00fcnk. Ugyanakkor az eddigi m\u00e9rk\u0151z\u00e9seinkhez k\u00e9pest l\u00e1that\u00f3 a fejl\u0151d\u00e9s. Javult a visszarendez\u0151d\u00e9s\u00fcnk v\u00e9dekez\u00e9sben, \u00e9s hat\u00e1rozottabban megy\u00fcnk a v\u00e9d\u0151lepattan\u00f3k\u00e9rt. Ezek biztat\u00f3 jelek a folytat\u00e1sra n\u00e9zve &#8211; mondta a csapat edz\u0151je, G\u00e1ll Dominik.<\/p>\n<p><strong>Darazsak Sportakad\u00e9mia &#8211; Vasas Akad\u00e9mia\/A 52 -42<\/strong> (17-14, 10-8, 11-7, 14-13)<br \/>\n<em>Pontszerz\u0151k:<br \/>\n<\/em><strong>Vasas Akad\u00e9mia:<\/strong> Angyal V., Horv\u00e1th R. 15, Mayr J. 4, \u00c9ber J. 4\/3, Varga S. 4, Pozsgai P. 2, Jak\u00f3-Szalai Z. 5\/3, Banack-B\u00f3k N. 2, Tapodi S., Rokaly R. 1, Tak\u00e1cs S. 2<\/p>\n","protected":false},"excerpt":{"rendered":"<p>Az U16-os bajnoks\u00e1g r\u00e1j\u00e1tsz\u00e1s\u00e1nak 5. fordul\u00f3j\u00e1n a Vasas Akad\u00e9mia\/A a Darazsak Sportakad\u00e9mia otthon\u00e1ban j\u00e1rt. V\u00e9dekez\u00e9sben j\u00f3l teljes\u00edtettek l\u00e1nyaink, t\u00e1mad\u00e1sban viszont nem tudtunk maradand\u00f3t alkotni, \u00edgy ellenfel\u00fcnk \u00f6r\u00fclhetett a tal\u00e1lkoz\u00f3 v\u00e9g\u00e9n. Nem kezdt\u00fck j\u00f3l a m\u00e9rk\u0151z\u00e9st, ism\u00e9t t\u00f6bb eladott labd\u00e1val ind\u00edtottunk, ennek ellen\u00e9re sok\u00e1ig fej-fej mellett haladt a k\u00e9t csapat. Az els\u0151 negyedben v\u00e9dekez\u00e9sben sok hib\u00e1t&#8230;<\/p>\n","protected":false},"author":3,"featured_media":15892,"comment_status":"closed","ping_status":"closed","sticky":false,"template":"","format":"standard","meta":{"footnotes":""},"categories":[51,92],"tags":[],"class_list":["post-16446","post","type-post","status-publish","format-standard","has-post-thumbnail","hentry","category-kadett","category-hirek"],"yoast_head":"<!-- This site is optimized with the Yoast SEO plugin v26.0 - https:\/\/yoast.com\/wordpress\/plugins\/seo\/ -->\n<title>Nem tudtuk megt\u00f6rni a Darazsak veretlens\u00e9g\u00e9t - Vasas n\u0151i kos\u00e1rlabda<\/title>\n<meta name=\"robots\" content=\"index, follow, max-snippet:-1, max-image-preview:large, max-video-preview:-1\" \/>\n<link rel=\"canonical\" href=\"https:\/\/vasasbasket.hu\/index.php\/nem-tudtuk-megtorni-a-darazsak-veretlenseget\/\" \/>\n<meta property=\"og:locale\" content=\"hu_HU\" \/>\n<meta property=\"og:type\" content=\"article\" \/>\n<meta property=\"og:title\" content=\"Nem tudtuk megt\u00f6rni a Darazsak veretlens\u00e9g\u00e9t - Vasas n\u0151i kos\u00e1rlabda\" \/>\n<meta property=\"og:description\" content=\"Az U16-os bajnoks\u00e1g r\u00e1j\u00e1tsz\u00e1s\u00e1nak 5. fordul\u00f3j\u00e1n a Vasas Akad\u00e9mia\/A a Darazsak Sportakad\u00e9mia otthon\u00e1ban j\u00e1rt. V\u00e9dekez\u00e9sben j\u00f3l teljes\u00edtettek l\u00e1nyaink, t\u00e1mad\u00e1sban viszont nem tudtunk maradand\u00f3t alkotni, \u00edgy ellenfel\u00fcnk \u00f6r\u00fclhetett a tal\u00e1lkoz\u00f3 v\u00e9g\u00e9n. Nem kezdt\u00fck j\u00f3l a m\u00e9rk\u0151z\u00e9st, ism\u00e9t t\u00f6bb eladott labd\u00e1val ind\u00edtottunk, ennek ellen\u00e9re sok\u00e1ig fej-fej mellett haladt a k\u00e9t csapat. Az els\u0151 negyedben v\u00e9dekez\u00e9sben sok hib\u00e1t...\" \/>\n<meta property=\"og:url\" content=\"https:\/\/vasasbasket.hu\/index.php\/nem-tudtuk-megtorni-a-darazsak-veretlenseget\/\" \/>\n<meta property=\"og:site_name\" content=\"Vasas n\u0151i kos\u00e1rlabda\" \/>\n<meta property=\"article:publisher\" content=\"https:\/\/www.facebook.com\/vasaswbasket\/\" \/>\n<meta property=\"article:published_time\" content=\"2026-03-09T13:19:09+00:00\" \/>\n<meta property=\"og:image\" content=\"https:\/\/vasasbasket.hu\/wp-content\/uploads\/2025\/11\/U16A_2526-scaled.jpg\" \/>\n\t<meta property=\"og:image:width\" content=\"2560\" \/>\n\t<meta property=\"og:image:height\" content=\"1706\" \/>\n\t<meta property=\"og:image:type\" content=\"image\/jpeg\" \/>\n<meta name=\"author\" content=\"Staszelis Rafal\" \/>\n<meta name=\"twitter:card\" content=\"summary_large_image\" \/>\n<meta name=\"twitter:label1\" content=\"Szerz\u0151:\" \/>\n\t<meta name=\"twitter:data1\" content=\"Staszelis Rafal\" \/>\n\t<meta name=\"twitter:label2\" content=\"Becs\u00fclt olvas\u00e1si id\u0151\" \/>\n\t<meta name=\"twitter:data2\" content=\"2 perc\" \/>\n<script type=\"application\/ld+json\" class=\"yoast-schema-graph\">{\"@context\":\"https:\/\/schema.org\",\"@graph\":[{\"@type\":\"Article\",\"@id\":\"https:\/\/vasasbasket.hu\/index.php\/nem-tudtuk-megtorni-a-darazsak-veretlenseget\/#article\",\"isPartOf\":{\"@id\":\"https:\/\/vasasbasket.hu\/index.php\/nem-tudtuk-megtorni-a-darazsak-veretlenseget\/\"},\"author\":{\"name\":\"Staszelis Rafal\",\"@id\":\"https:\/\/vasasbasket.hu\/#\/schema\/person\/cce3d40284d729c98742af771668678b\"},\"headline\":\"Nem tudtuk megt\u00f6rni a Darazsak veretlens\u00e9g\u00e9t\",\"datePublished\":\"2026-03-09T13:19:09+00:00\",\"mainEntityOfPage\":{\"@id\":\"https:\/\/vasasbasket.hu\/index.php\/nem-tudtuk-megtorni-a-darazsak-veretlenseget\/\"},\"wordCount\":272,\"publisher\":{\"@id\":\"https:\/\/vasasbasket.hu\/#organization\"},\"image\":{\"@id\":\"https:\/\/vasasbasket.hu\/index.php\/nem-tudtuk-megtorni-a-darazsak-veretlenseget\/#primaryimage\"},\"thumbnailUrl\":\"https:\/\/vasasbasket.hu\/wp-content\/uploads\/2025\/11\/U16A_2526-scaled.jpg\",\"articleSection\":[\"Kadett\",\"\u00d6sszes H\u00edr\"],\"inLanguage\":\"hu\"},{\"@type\":\"WebPage\",\"@id\":\"https:\/\/vasasbasket.hu\/index.php\/nem-tudtuk-megtorni-a-darazsak-veretlenseget\/\",\"url\":\"https:\/\/vasasbasket.hu\/index.php\/nem-tudtuk-megtorni-a-darazsak-veretlenseget\/\",\"name\":\"Nem tudtuk megt\u00f6rni a Darazsak veretlens\u00e9g\u00e9t - Vasas n\u0151i kos\u00e1rlabda\",\"isPartOf\":{\"@id\":\"https:\/\/vasasbasket.hu\/#website\"},\"primaryImageOfPage\":{\"@id\":\"https:\/\/vasasbasket.hu\/index.php\/nem-tudtuk-megtorni-a-darazsak-veretlenseget\/#primaryimage\"},\"image\":{\"@id\":\"https:\/\/vasasbasket.hu\/index.php\/nem-tudtuk-megtorni-a-darazsak-veretlenseget\/#primaryimage\"},\"thumbnailUrl\":\"https:\/\/vasasbasket.hu\/wp-content\/uploads\/2025\/11\/U16A_2526-scaled.jpg\",\"datePublished\":\"2026-03-09T13:19:09+00:00\",\"breadcrumb\":{\"@id\":\"https:\/\/vasasbasket.hu\/index.php\/nem-tudtuk-megtorni-a-darazsak-veretlenseget\/#breadcrumb\"},\"inLanguage\":\"hu\",\"potentialAction\":[{\"@type\":\"ReadAction\",\"target\":[\"https:\/\/vasasbasket.hu\/index.php\/nem-tudtuk-megtorni-a-darazsak-veretlenseget\/\"]}]},{\"@type\":\"ImageObject\",\"inLanguage\":\"hu\",\"@id\":\"https:\/\/vasasbasket.hu\/index.php\/nem-tudtuk-megtorni-a-darazsak-veretlenseget\/#primaryimage\",\"url\":\"https:\/\/vasasbasket.hu\/wp-content\/uploads\/2025\/11\/U16A_2526-scaled.jpg\",\"contentUrl\":\"https:\/\/vasasbasket.hu\/wp-content\/uploads\/2025\/11\/U16A_2526-scaled.jpg\",\"width\":2560,\"height\":1706},{\"@type\":\"BreadcrumbList\",\"@id\":\"https:\/\/vasasbasket.hu\/index.php\/nem-tudtuk-megtorni-a-darazsak-veretlenseget\/#breadcrumb\",\"itemListElement\":[{\"@type\":\"ListItem\",\"position\":1,\"name\":\"Kezd\u0151lap\",\"item\":\"https:\/\/vasasbasket.hu\/\"},{\"@type\":\"ListItem\",\"position\":2,\"name\":\"Nem tudtuk megt\u00f6rni a Darazsak veretlens\u00e9g\u00e9t\"}]},{\"@type\":\"WebSite\",\"@id\":\"https:\/\/vasasbasket.hu\/#website\",\"url\":\"https:\/\/vasasbasket.hu\/\",\"name\":\"Vasas n\u0151i kos\u00e1rlabda\",\"description\":\"Vasas Basket N\u0151i\",\"publisher\":{\"@id\":\"https:\/\/vasasbasket.hu\/#organization\"},\"potentialAction\":[{\"@type\":\"SearchAction\",\"target\":{\"@type\":\"EntryPoint\",\"urlTemplate\":\"https:\/\/vasasbasket.hu\/?s={search_term_string}\"},\"query-input\":{\"@type\":\"PropertyValueSpecification\",\"valueRequired\":true,\"valueName\":\"search_term_string\"}}],\"inLanguage\":\"hu\"},{\"@type\":\"Organization\",\"@id\":\"https:\/\/vasasbasket.hu\/#organization\",\"name\":\"Vasas n\u0151i kos\u00e1rlabda\",\"url\":\"https:\/\/vasasbasket.hu\/\",\"logo\":{\"@type\":\"ImageObject\",\"inLanguage\":\"hu\",\"@id\":\"https:\/\/vasasbasket.hu\/#\/schema\/logo\/image\/\",\"url\":\"https:\/\/vasasbasket.hu\/wp-content\/uploads\/2017\/03\/vasas_cimer_1200.jpg\",\"contentUrl\":\"https:\/\/vasasbasket.hu\/wp-content\/uploads\/2017\/03\/vasas_cimer_1200.jpg\",\"width\":1200,\"height\":1200,\"caption\":\"Vasas n\u0151i kos\u00e1rlabda\"},\"image\":{\"@id\":\"https:\/\/vasasbasket.hu\/#\/schema\/logo\/image\/\"},\"sameAs\":[\"https:\/\/www.facebook.com\/vasaswbasket\/\"]},{\"@type\":\"Person\",\"@id\":\"https:\/\/vasasbasket.hu\/#\/schema\/person\/cce3d40284d729c98742af771668678b\",\"name\":\"Staszelis Rafal\",\"image\":{\"@type\":\"ImageObject\",\"inLanguage\":\"hu\",\"@id\":\"https:\/\/vasasbasket.hu\/#\/schema\/person\/image\/\",\"url\":\"https:\/\/secure.gravatar.com\/avatar\/dd648a2eae6e2ec122d87922ad625d8e10c16f8a8b4c7ab41bd9614806a230bb?s=96&d=mm&r=g\",\"contentUrl\":\"https:\/\/secure.gravatar.com\/avatar\/dd648a2eae6e2ec122d87922ad625d8e10c16f8a8b4c7ab41bd9614806a230bb?s=96&d=mm&r=g\",\"caption\":\"Staszelis Rafal\"},\"url\":\"https:\/\/vasasbasket.hu\/index.php\/author\/rafi\/\"}]}<\/script>\n<!-- \/ Yoast SEO plugin. -->","yoast_head_json":{"title":"Nem tudtuk megt\u00f6rni a Darazsak veretlens\u00e9g\u00e9t - Vasas n\u0151i kos\u00e1rlabda","robots":{"index":"index","follow":"follow","max-snippet":"max-snippet:-1","max-image-preview":"max-image-preview:large","max-video-preview":"max-video-preview:-1"},"canonical":"https:\/\/vasasbasket.hu\/index.php\/nem-tudtuk-megtorni-a-darazsak-veretlenseget\/","og_locale":"hu_HU","og_type":"article","og_title":"Nem tudtuk megt\u00f6rni a Darazsak veretlens\u00e9g\u00e9t - Vasas n\u0151i kos\u00e1rlabda","og_description":"Az U16-os bajnoks\u00e1g r\u00e1j\u00e1tsz\u00e1s\u00e1nak 5. fordul\u00f3j\u00e1n a Vasas Akad\u00e9mia\/A a Darazsak Sportakad\u00e9mia otthon\u00e1ban j\u00e1rt. V\u00e9dekez\u00e9sben j\u00f3l teljes\u00edtettek l\u00e1nyaink, t\u00e1mad\u00e1sban viszont nem tudtunk maradand\u00f3t alkotni, \u00edgy ellenfel\u00fcnk \u00f6r\u00fclhetett a tal\u00e1lkoz\u00f3 v\u00e9g\u00e9n. Nem kezdt\u00fck j\u00f3l a m\u00e9rk\u0151z\u00e9st, ism\u00e9t t\u00f6bb eladott labd\u00e1val ind\u00edtottunk, ennek ellen\u00e9re sok\u00e1ig fej-fej mellett haladt a k\u00e9t csapat. Az els\u0151 negyedben v\u00e9dekez\u00e9sben sok hib\u00e1t...","og_url":"https:\/\/vasasbasket.hu\/index.php\/nem-tudtuk-megtorni-a-darazsak-veretlenseget\/","og_site_name":"Vasas n\u0151i kos\u00e1rlabda","article_publisher":"https:\/\/www.facebook.com\/vasaswbasket\/","article_published_time":"2026-03-09T13:19:09+00:00","og_image":[{"width":2560,"height":1706,"url":"https:\/\/vasasbasket.hu\/wp-content\/uploads\/2025\/11\/U16A_2526-scaled.jpg","type":"image\/jpeg"}],"author":"Staszelis Rafal","twitter_card":"summary_large_image","twitter_misc":{"Szerz\u0151:":"Staszelis Rafal","Becs\u00fclt olvas\u00e1si id\u0151":"2 perc"},"schema":{"@context":"https:\/\/schema.org","@graph":[{"@type":"Article","@id":"https:\/\/vasasbasket.hu\/index.php\/nem-tudtuk-megtorni-a-darazsak-veretlenseget\/#article","isPartOf":{"@id":"https:\/\/vasasbasket.hu\/index.php\/nem-tudtuk-megtorni-a-darazsak-veretlenseget\/"},"author":{"name":"Staszelis Rafal","@id":"https:\/\/vasasbasket.hu\/#\/schema\/person\/cce3d40284d729c98742af771668678b"},"headline":"Nem tudtuk megt\u00f6rni a Darazsak veretlens\u00e9g\u00e9t","datePublished":"2026-03-09T13:19:09+00:00","mainEntityOfPage":{"@id":"https:\/\/vasasbasket.hu\/index.php\/nem-tudtuk-megtorni-a-darazsak-veretlenseget\/"},"wordCount":272,"publisher":{"@id":"https:\/\/vasasbasket.hu\/#organization"},"image":{"@id":"https:\/\/vasasbasket.hu\/index.php\/nem-tudtuk-megtorni-a-darazsak-veretlenseget\/#primaryimage"},"thumbnailUrl":"https:\/\/vasasbasket.hu\/wp-content\/uploads\/2025\/11\/U16A_2526-scaled.jpg","articleSection":["Kadett","\u00d6sszes H\u00edr"],"inLanguage":"hu"},{"@type":"WebPage","@id":"https:\/\/vasasbasket.hu\/index.php\/nem-tudtuk-megtorni-a-darazsak-veretlenseget\/","url":"https:\/\/vasasbasket.hu\/index.php\/nem-tudtuk-megtorni-a-darazsak-veretlenseget\/","name":"Nem tudtuk megt\u00f6rni a Darazsak veretlens\u00e9g\u00e9t - Vasas n\u0151i kos\u00e1rlabda","isPartOf":{"@id":"https:\/\/vasasbasket.hu\/#website"},"primaryImageOfPage":{"@id":"https:\/\/vasasbasket.hu\/index.php\/nem-tudtuk-megtorni-a-darazsak-veretlenseget\/#primaryimage"},"image":{"@id":"https:\/\/vasasbasket.hu\/index.php\/nem-tudtuk-megtorni-a-darazsak-veretlenseget\/#primaryimage"},"thumbnailUrl":"https:\/\/vasasbasket.hu\/wp-content\/uploads\/2025\/11\/U16A_2526-scaled.jpg","datePublished":"2026-03-09T13:19:09+00:00","breadcrumb":{"@id":"https:\/\/vasasbasket.hu\/index.php\/nem-tudtuk-megtorni-a-darazsak-veretlenseget\/#breadcrumb"},"inLanguage":"hu","potentialAction":[{"@type":"ReadAction","target":["https:\/\/vasasbasket.hu\/index.php\/nem-tudtuk-megtorni-a-darazsak-veretlenseget\/"]}]},{"@type":"ImageObject","inLanguage":"hu","@id":"https:\/\/vasasbasket.hu\/index.php\/nem-tudtuk-megtorni-a-darazsak-veretlenseget\/#primaryimage","url":"https:\/\/vasasbasket.hu\/wp-content\/uploads\/2025\/11\/U16A_2526-scaled.jpg","contentUrl":"https:\/\/vasasbasket.hu\/wp-content\/uploads\/2025\/11\/U16A_2526-scaled.jpg","width":2560,"height":1706},{"@type":"BreadcrumbList","@id":"https:\/\/vasasbasket.hu\/index.php\/nem-tudtuk-megtorni-a-darazsak-veretlenseget\/#breadcrumb","itemListElement":[{"@type":"ListItem","position":1,"name":"Kezd\u0151lap","item":"https:\/\/vasasbasket.hu\/"},{"@type":"ListItem","position":2,"name":"Nem tudtuk megt\u00f6rni a Darazsak veretlens\u00e9g\u00e9t"}]},{"@type":"WebSite","@id":"https:\/\/vasasbasket.hu\/#website","url":"https:\/\/vasasbasket.hu\/","name":"Vasas n\u0151i kos\u00e1rlabda","description":"Vasas Basket N\u0151i","publisher":{"@id":"https:\/\/vasasbasket.hu\/#organization"},"potentialAction":[{"@type":"SearchAction","target":{"@type":"EntryPoint","urlTemplate":"https:\/\/vasasbasket.hu\/?s={search_term_string}"},"query-input":{"@type":"PropertyValueSpecification","valueRequired":true,"valueName":"search_term_string"}}],"inLanguage":"hu"},{"@type":"Organization","@id":"https:\/\/vasasbasket.hu\/#organization","name":"Vasas n\u0151i kos\u00e1rlabda","url":"https:\/\/vasasbasket.hu\/","logo":{"@type":"ImageObject","inLanguage":"hu","@id":"https:\/\/vasasbasket.hu\/#\/schema\/logo\/image\/","url":"https:\/\/vasasbasket.hu\/wp-content\/uploads\/2017\/03\/vasas_cimer_1200.jpg","contentUrl":"https:\/\/vasasbasket.hu\/wp-content\/uploads\/2017\/03\/vasas_cimer_1200.jpg","width":1200,"height":1200,"caption":"Vasas n\u0151i kos\u00e1rlabda"},"image":{"@id":"https:\/\/vasasbasket.hu\/#\/schema\/logo\/image\/"},"sameAs":["https:\/\/www.facebook.com\/vasaswbasket\/"]},{"@type":"Person","@id":"https:\/\/vasasbasket.hu\/#\/schema\/person\/cce3d40284d729c98742af771668678b","name":"Staszelis Rafal","image":{"@type":"ImageObject","inLanguage":"hu","@id":"https:\/\/vasasbasket.hu\/#\/schema\/person\/image\/","url":"https:\/\/secure.gravatar.com\/avatar\/dd648a2eae6e2ec122d87922ad625d8e10c16f8a8b4c7ab41bd9614806a230bb?s=96&d=mm&r=g","contentUrl":"https:\/\/secure.gravatar.com\/avatar\/dd648a2eae6e2ec122d87922ad625d8e10c16f8a8b4c7ab41bd9614806a230bb?s=96&d=mm&r=g","caption":"Staszelis Rafal"},"url":"https:\/\/vasasbasket.hu\/index.php\/author\/rafi\/"}]}},"_links":{"self":[{"href":"https:\/\/vasasbasket.hu\/index.php\/wp-json\/wp\/v2\/posts\/16446","targetHints":{"allow":["GET"]}}],"collection":[{"href":"https:\/\/vasasbasket.hu\/index.php\/wp-json\/wp\/v2\/posts"}],"about":[{"href":"https:\/\/vasasbasket.hu\/index.php\/wp-json\/wp\/v2\/types\/post"}],"author":[{"embeddable":true,"href":"https:\/\/vasasbasket.hu\/index.php\/wp-json\/wp\/v2\/users\/3"}],"replies":[{"embeddable":true,"href":"https:\/\/vasasbasket.hu\/index.php\/wp-json\/wp\/v2\/comments?post=16446"}],"version-history":[{"count":1,"href":"https:\/\/vasasbasket.hu\/index.php\/wp-json\/wp\/v2\/posts\/16446\/revisions"}],"predecessor-version":[{"id":16448,"href":"https:\/\/vasasbasket.hu\/index.php\/wp-json\/wp\/v2\/posts\/16446\/revisions\/16448"}],"wp:featuredmedia":[{"embeddable":true,"href":"https:\/\/vasasbasket.hu\/index.php\/wp-json\/wp\/v2\/media\/15892"}],"wp:attachment":[{"href":"https:\/\/vasasbasket.hu\/index.php\/wp-json\/wp\/v2\/media?parent=16446"}],"wp:term":[{"taxonomy":"category","embeddable":true,"href":"https:\/\/vasasbasket.hu\/index.php\/wp-json\/wp\/v2\/categories?post=16446"},{"taxonomy":"post_tag","embeddable":true,"href":"https:\/\/vasasbasket.hu\/index.php\/wp-json\/wp\/v2\/tags?post=16446"}],"curies":[{"name":"wp","href":"https:\/\/api.w.org\/{rel}","templated":true}]}}