{"id":16247,"date":"2026-01-20T11:25:39","date_gmt":"2026-01-20T11:25:39","guid":{"rendered":"https:\/\/vasasbasket.hu\/?p=16247"},"modified":"2026-01-20T11:25:39","modified_gmt":"2026-01-20T11:25:39","slug":"veretlen-hetveget-zartak-az-amazonok-2","status":"publish","type":"post","link":"https:\/\/vasasbasket.hu\/index.php\/veretlen-hetveget-zartak-az-amazonok-2\/","title":{"rendered":"Veretlen h\u00e9tv\u00e9g\u00e9t z\u00e1rtak az Amazonok"},"content":{"rendered":"<p><strong>Kicsit rendhagy\u00f3 fordul\u00f3val kezdte meg a 2026-os \u00e9vet a Vasas Amazonok U12-es csapata, l\u00e1nyaink egy szakmai torn\u00e1n vettek r\u00e9szt a h\u00e9tv\u00e9g\u00e9n K\u0151b\u00e1ny\u00e1n. \u00d6sszesen h\u00e1rom m\u00e9rk\u0151z\u00e9sen l\u00e9pt\u00fcnk p\u00e1ly\u00e1ra, ebb\u0151l kett\u0151 szombaton, egy pedig vas\u00e1rnap ker\u00fclt megrendez\u00e9sre. Remek\u00fcl teljes\u00edtettek Simon R\u00e9ka tan\u00edtv\u00e1nyai, mindh\u00e1rom tal\u00e1lkoz\u00f3t gy\u0151zelemmel z\u00e1rt\u00e1k.<\/strong><\/p>\n<p><em>Az elm\u00falt napokban az add \u00e9s fuss j\u00e1t\u00e9kra fektett\u00fck a hangs\u00falyt, illetve az agressz\u00edv v\u00e9dekez\u00e9sre. Ezeket a m\u00e9rk\u0151z\u00e9sek nagy t\u00f6bbs\u00e9g\u00e9ben vissza is l\u00e1ttuk. Az els\u0151 meccsen m\u00e9g \u00e9rezhet\u0151 volt a l\u00e1nyokon a t\u00e9li sz\u00fcnet, r\u00e9g volt meccs\u00fcnk, kellett egy kis id\u0151 mire megtal\u00e1ltuk magunkat, onnant\u00f3l viszont m\u00e9rk\u0151z\u00e9sr\u0151l m\u00e9rk\u0151z\u00e9sre l\u00e9pt\u00fcnk el\u0151re. A k\u0151b\u00e1nya csapat\u00e1t m\u00e1r ismert\u00fck, hiszen a bajnoks\u00e1gban t\u00f6bbsz\u00f6r tal\u00e1lkoztunk m\u00e1r vel\u00fck. Tudtuk, hogy a befut\u00e1sok itt kulcsfontoss\u00e1g\u00faak lesznek, ha pontot szeretn\u00e9nk dobni. A Szeksz\u00e1rd \u00e9s a Zalaegerszeg egy\u00fcttes\u00e9vel m\u00e9g nem volt dolgunk, \u00edgy k\u00edv\u00e1ncsian v\u00e1rtuk, hogy fognak alakulni ezek a m\u00e9rk\u0151z\u00e9sek<\/em> &#8211; mondta a Vasas Amazonok edz\u0151je, Simon R\u00e9ka.<\/p>\n<p><em>A reggeli mecsekkel tov\u00e1bbra is meggy\u0171lik a bajunk, ezt sajnos nem hagytuk a tavalyi \u00e9vben. K\u00fcl\u00f6n\u00f6sen a p\u00e1ratlan negyedekben voltak gondok, nem nagyon \u00e1llt \u00f6ssze a v\u00e9dekez\u00e9s, illetve a befejez\u00e9sek sem voltak el\u00e9g pontosak. Az els\u0151 pontjainkat Bog\u00e1r Mill\u00e1nak siker\u00fclt megszereznie, ezzel h\u00e1t\u00e1ra vette a csapatot, \u00e9s m\u00e9rk\u0151z\u00e9sben tudtunk maradni. A p\u00e1ros negyedekben tudtunk csak ell\u00e9pni ellenfel\u00fcnkt\u0151l, hiszen Borosnyai Luca nagyszer\u0171en szervezte a j\u00e1t\u00e9kot, \u00e9s nemcsak saj\u00e1t mag\u00e1t, de csapatt\u00e1rsait is helyzetbe tudta hozni. A v\u00e9dekez\u00e9sr\u0151l nem is besz\u00e9lve. Mind a hat kisl\u00e1ny nagyot k\u00fczd\u00f6tt, \u00edgy \u00f6sszesen a k\u00e9t p\u00e1ros negyedben mind\u00f6ssze 13 pontot kaptunk, aminek k\u00f6sz\u00f6nhet\u0151en gy\u0151zelemmel kezdt\u00fck a h\u00e9tv\u00e9g\u00e9t<\/em> &#8211; sz\u00e1molt be az els\u0151 m\u00e9rk\u0151z\u00e9sr\u0151l Simon R\u00e9ka.<\/p>\n<p><strong>K\u0151b\u00e1nyai Dar\u00e1zsl\u00e1nyok\/A &#8211; Vasas Amazonok 46-58<\/strong> (14-14, 8-16, 19-11, 5-17)<br \/>\n<em>Pontszerz\u0151k:<br \/>\n<\/em><strong>Vasas Amazonok:\u00a0<\/strong>Borosnyai luca 14, Bog\u00e1r Milla 13, Gyurasics Lili 10, Sz\u00e9csi &#8211; Bozs\u00f3 Panka 8, Pelcz Tami 5, Menyh\u00e9rt Lilla 4, Komor\u00f3czki Emma 4<\/p>\n<p><em>A d\u00e9lut\u00e1ni meccsen m\u00e1r j\u00f3val \u00f6sszeszedettebbek voltunk, mint d\u00e9lel\u0151tt. J\u00f3 iramban tudtuk elkezdeni a m\u00e9rk\u0151z\u00e9st, \u00e9s az els\u0151 f\u00e9lid\u0151 v\u00e9g\u00e9n egy nagyobb el\u0151nnyel tudtunk fordulni a sz\u00fcnet ut\u00e1n. Mind v\u00e9dekez\u00e9sben, mind t\u00e1mad\u00e1sban l\u00e1tszott az, amikkel a k\u00f6zelm\u00faltban foglalkoztunk, ennek nagyon \u00f6r\u00fcltem. A befejez\u00e9sek is pontosabbak voltak, \u00edgy az els\u0151 napot veres\u00e9g n\u00e9lk\u00fcl z\u00e1rtuk<\/em> &#8211; tette hozz\u00e1 Simon R\u00e9ka.<\/p>\n<p><strong>Tarr KSC Szeksz\u00e1rd &#8211; Vasas Amazonok 54-83<\/strong> ( 13-20, 16-24, 14-12, 11-27)<br \/>\n<em>Pontszerz\u0151k:<br \/>\n<\/em><strong>Vasas Amazonok:<\/strong> Borosnyai Luca 16, Gyurasics Lili 13, Bal\u00e1zs Elza 12, Forg\u00e1cs Helga 8, Pelcz Tami 6, Sz\u00e9csi &#8211; Bozs\u00f3 Panka 6, Kendel\u00e9nyi Lelle 6, Komor\u00f3czki Emma 6, Menyh\u00e9rt Lilla 6, Somos Rozi 2, Bosny\u00e1k Vir\u00e1g 2<\/p>\n<p><em>A harmadik \u00e9s egyben utols\u00f3 m\u00e9rk\u0151z\u00e9s\u00fcnk els\u0151 f\u00e9lidej\u00e9ben nagyon sz\u00e9pen j\u00e1tszottak a l\u00e1nyok. L\u00e1thattunk t\u0151l\u00fck extra befut\u00e1sokb\u00f3l dobott kosarakat, \u00e9s agressz\u00edv v\u00e9dekez\u00e9st. Az els\u0151 negyedben Menyh\u00e9rt Lilla \u00e9s Bal\u00e1zs Elza volt az, aki rendre be tudta venni az ellenf\u00e9l gy\u0171r\u0171j\u00e9t. A m\u00e1sodik f\u00e9lid\u0151ben v\u00e9dekez\u00e9sben Gyurasics Lili tudott passzs\u00e1vb\u00f3l rengeteg labd\u00e1t szerezni, amiknek t\u00f6bbs\u00e9g\u00e9t vagy \u0151, vagy egy befut\u00f3 t\u00e1rsa pontra is tudta v\u00e1ltani. A m\u00e1sodik f\u00e9lid\u0151ben m\u00e1r \u00e9rezhet\u0151 volt a l\u00e1nyokon a f\u00e1radts\u00e1g, de egy pillanatig sem engedt\u00e9k ki a kez\u00fckb\u0151l a gy\u0151zelmet. \u00d6sszess\u00e9g\u00e9ben nagyon b\u00fcszke vagyok a l\u00e1nyokra, mert az edz\u00e9seken befektetett munka meghozta a gy\u00fcm\u00f6lcs\u00e9t. Nagyon hasznos m\u00e9rk\u0151z\u00e9seket tudtunk j\u00e1tszani, remek lehet\u0151s\u00e9g volt a gyakorl\u00e1sra. Dolgozunk tov\u00e1bb, hiszen febru\u00e1rban fontos fordul\u00f3 v\u00e1r r\u00e1nk, ahol k\u00f6zel sem lesz k\u00f6nny\u0171 dolgunk<\/em> &#8211; \u00e9rt\u00e9kelt Simon R\u00e9ka.<\/p>\n<p><strong>Vasas Amazonok &#8211; Zalaegerszegi KTE 67-50<\/strong> (14-10, 21-15, 19-6, 13-19)<br \/>\n<em>Pontszerz\u0151k:<br \/>\n<\/em><strong>Vasas Amazonok:<\/strong> Borosnyai Luca 14, Bal\u00e1zs Elza 12, Gyurasics Lili 8, Menyh\u00e9rt Lilla 8, Forg\u00e1cs Helga 6, kov\u00e1cs S\u00e1ri 4, Sz\u00e9csi &#8211; Bozs\u00f3 Panka 4, Koncz Minci 4, Andrasek Emma 3, Kendel\u00e9nyi Lelle 2, T\u00f3th Norina 2<\/p>\n","protected":false},"excerpt":{"rendered":"<p>Kicsit rendhagy\u00f3 fordul\u00f3val kezdte meg a 2026-os \u00e9vet a Vasas Amazonok U12-es csapata, l\u00e1nyaink egy szakmai torn\u00e1n vettek r\u00e9szt a h\u00e9tv\u00e9g\u00e9n K\u0151b\u00e1ny\u00e1n. \u00d6sszesen h\u00e1rom m\u00e9rk\u0151z\u00e9sen l\u00e9pt\u00fcnk p\u00e1ly\u00e1ra, ebb\u0151l kett\u0151 szombaton, egy pedig vas\u00e1rnap ker\u00fclt megrendez\u00e9sre. Remek\u00fcl teljes\u00edtettek Simon R\u00e9ka tan\u00edtv\u00e1nyai, mindh\u00e1rom tal\u00e1lkoz\u00f3t gy\u0151zelemmel z\u00e1rt\u00e1k. Az elm\u00falt napokban az add \u00e9s fuss j\u00e1t\u00e9kra fektett\u00fck a hangs\u00falyt,&#8230;<\/p>\n","protected":false},"author":3,"featured_media":16245,"comment_status":"closed","ping_status":"closed","sticky":false,"template":"","format":"standard","meta":{"footnotes":""},"categories":[73,92],"tags":[],"class_list":["post-16247","post","type-post","status-publish","format-standard","has-post-thumbnail","hentry","category-gyerek","category-hirek"],"yoast_head":"<!-- This site is optimized with the Yoast SEO plugin v26.0 - https:\/\/yoast.com\/wordpress\/plugins\/seo\/ -->\n<title>Veretlen h\u00e9tv\u00e9g\u00e9t z\u00e1rtak az Amazonok - Vasas n\u0151i kos\u00e1rlabda<\/title>\n<meta name=\"robots\" content=\"index, follow, max-snippet:-1, max-image-preview:large, max-video-preview:-1\" \/>\n<link rel=\"canonical\" href=\"https:\/\/vasasbasket.hu\/index.php\/veretlen-hetveget-zartak-az-amazonok-2\/\" \/>\n<meta property=\"og:locale\" content=\"hu_HU\" \/>\n<meta property=\"og:type\" content=\"article\" \/>\n<meta property=\"og:title\" content=\"Veretlen h\u00e9tv\u00e9g\u00e9t z\u00e1rtak az Amazonok - Vasas n\u0151i kos\u00e1rlabda\" \/>\n<meta property=\"og:description\" content=\"Kicsit rendhagy\u00f3 fordul\u00f3val kezdte meg a 2026-os \u00e9vet a Vasas Amazonok U12-es csapata, l\u00e1nyaink egy szakmai torn\u00e1n vettek r\u00e9szt a h\u00e9tv\u00e9g\u00e9n K\u0151b\u00e1ny\u00e1n. \u00d6sszesen h\u00e1rom m\u00e9rk\u0151z\u00e9sen l\u00e9pt\u00fcnk p\u00e1ly\u00e1ra, ebb\u0151l kett\u0151 szombaton, egy pedig vas\u00e1rnap ker\u00fclt megrendez\u00e9sre. Remek\u00fcl teljes\u00edtettek Simon R\u00e9ka tan\u00edtv\u00e1nyai, mindh\u00e1rom tal\u00e1lkoz\u00f3t gy\u0151zelemmel z\u00e1rt\u00e1k. Az elm\u00falt napokban az add \u00e9s fuss j\u00e1t\u00e9kra fektett\u00fck a hangs\u00falyt,...\" \/>\n<meta property=\"og:url\" content=\"https:\/\/vasasbasket.hu\/index.php\/veretlen-hetveget-zartak-az-amazonok-2\/\" \/>\n<meta property=\"og:site_name\" content=\"Vasas n\u0151i kos\u00e1rlabda\" \/>\n<meta property=\"article:publisher\" content=\"https:\/\/www.facebook.com\/vasaswbasket\/\" \/>\n<meta property=\"article:published_time\" content=\"2026-01-20T11:25:39+00:00\" \/>\n<meta property=\"og:image\" content=\"https:\/\/vasasbasket.hu\/wp-content\/uploads\/2026\/01\/image-e1768907724337.jpeg\" \/>\n\t<meta property=\"og:image:width\" content=\"1600\" \/>\n\t<meta property=\"og:image:height\" content=\"1003\" \/>\n\t<meta property=\"og:image:type\" content=\"image\/jpeg\" \/>\n<meta name=\"author\" content=\"Staszelis Rafal\" \/>\n<meta name=\"twitter:card\" content=\"summary_large_image\" \/>\n<meta name=\"twitter:label1\" content=\"Szerz\u0151:\" \/>\n\t<meta name=\"twitter:data1\" content=\"Staszelis Rafal\" \/>\n\t<meta name=\"twitter:label2\" content=\"Becs\u00fclt olvas\u00e1si id\u0151\" \/>\n\t<meta name=\"twitter:data2\" content=\"4 perc\" \/>\n<script type=\"application\/ld+json\" class=\"yoast-schema-graph\">{\"@context\":\"https:\/\/schema.org\",\"@graph\":[{\"@type\":\"Article\",\"@id\":\"https:\/\/vasasbasket.hu\/index.php\/veretlen-hetveget-zartak-az-amazonok-2\/#article\",\"isPartOf\":{\"@id\":\"https:\/\/vasasbasket.hu\/index.php\/veretlen-hetveget-zartak-az-amazonok-2\/\"},\"author\":{\"name\":\"Staszelis Rafal\",\"@id\":\"https:\/\/vasasbasket.hu\/#\/schema\/person\/cce3d40284d729c98742af771668678b\"},\"headline\":\"Veretlen h\u00e9tv\u00e9g\u00e9t z\u00e1rtak az Amazonok\",\"datePublished\":\"2026-01-20T11:25:39+00:00\",\"mainEntityOfPage\":{\"@id\":\"https:\/\/vasasbasket.hu\/index.php\/veretlen-hetveget-zartak-az-amazonok-2\/\"},\"wordCount\":821,\"publisher\":{\"@id\":\"https:\/\/vasasbasket.hu\/#organization\"},\"image\":{\"@id\":\"https:\/\/vasasbasket.hu\/index.php\/veretlen-hetveget-zartak-az-amazonok-2\/#primaryimage\"},\"thumbnailUrl\":\"https:\/\/vasasbasket.hu\/wp-content\/uploads\/2026\/01\/image-e1768907724337.jpeg\",\"articleSection\":[\"Gyerek\",\"\u00d6sszes H\u00edr\"],\"inLanguage\":\"hu\"},{\"@type\":\"WebPage\",\"@id\":\"https:\/\/vasasbasket.hu\/index.php\/veretlen-hetveget-zartak-az-amazonok-2\/\",\"url\":\"https:\/\/vasasbasket.hu\/index.php\/veretlen-hetveget-zartak-az-amazonok-2\/\",\"name\":\"Veretlen h\u00e9tv\u00e9g\u00e9t z\u00e1rtak az Amazonok - Vasas n\u0151i kos\u00e1rlabda\",\"isPartOf\":{\"@id\":\"https:\/\/vasasbasket.hu\/#website\"},\"primaryImageOfPage\":{\"@id\":\"https:\/\/vasasbasket.hu\/index.php\/veretlen-hetveget-zartak-az-amazonok-2\/#primaryimage\"},\"image\":{\"@id\":\"https:\/\/vasasbasket.hu\/index.php\/veretlen-hetveget-zartak-az-amazonok-2\/#primaryimage\"},\"thumbnailUrl\":\"https:\/\/vasasbasket.hu\/wp-content\/uploads\/2026\/01\/image-e1768907724337.jpeg\",\"datePublished\":\"2026-01-20T11:25:39+00:00\",\"breadcrumb\":{\"@id\":\"https:\/\/vasasbasket.hu\/index.php\/veretlen-hetveget-zartak-az-amazonok-2\/#breadcrumb\"},\"inLanguage\":\"hu\",\"potentialAction\":[{\"@type\":\"ReadAction\",\"target\":[\"https:\/\/vasasbasket.hu\/index.php\/veretlen-hetveget-zartak-az-amazonok-2\/\"]}]},{\"@type\":\"ImageObject\",\"inLanguage\":\"hu\",\"@id\":\"https:\/\/vasasbasket.hu\/index.php\/veretlen-hetveget-zartak-az-amazonok-2\/#primaryimage\",\"url\":\"https:\/\/vasasbasket.hu\/wp-content\/uploads\/2026\/01\/image-e1768907724337.jpeg\",\"contentUrl\":\"https:\/\/vasasbasket.hu\/wp-content\/uploads\/2026\/01\/image-e1768907724337.jpeg\",\"width\":1600,\"height\":1003},{\"@type\":\"BreadcrumbList\",\"@id\":\"https:\/\/vasasbasket.hu\/index.php\/veretlen-hetveget-zartak-az-amazonok-2\/#breadcrumb\",\"itemListElement\":[{\"@type\":\"ListItem\",\"position\":1,\"name\":\"Kezd\u0151lap\",\"item\":\"https:\/\/vasasbasket.hu\/\"},{\"@type\":\"ListItem\",\"position\":2,\"name\":\"Veretlen h\u00e9tv\u00e9g\u00e9t z\u00e1rtak az Amazonok\"}]},{\"@type\":\"WebSite\",\"@id\":\"https:\/\/vasasbasket.hu\/#website\",\"url\":\"https:\/\/vasasbasket.hu\/\",\"name\":\"Vasas n\u0151i kos\u00e1rlabda\",\"description\":\"Vasas Basket N\u0151i\",\"publisher\":{\"@id\":\"https:\/\/vasasbasket.hu\/#organization\"},\"potentialAction\":[{\"@type\":\"SearchAction\",\"target\":{\"@type\":\"EntryPoint\",\"urlTemplate\":\"https:\/\/vasasbasket.hu\/?s={search_term_string}\"},\"query-input\":{\"@type\":\"PropertyValueSpecification\",\"valueRequired\":true,\"valueName\":\"search_term_string\"}}],\"inLanguage\":\"hu\"},{\"@type\":\"Organization\",\"@id\":\"https:\/\/vasasbasket.hu\/#organization\",\"name\":\"Vasas n\u0151i kos\u00e1rlabda\",\"url\":\"https:\/\/vasasbasket.hu\/\",\"logo\":{\"@type\":\"ImageObject\",\"inLanguage\":\"hu\",\"@id\":\"https:\/\/vasasbasket.hu\/#\/schema\/logo\/image\/\",\"url\":\"https:\/\/vasasbasket.hu\/wp-content\/uploads\/2017\/03\/vasas_cimer_1200.jpg\",\"contentUrl\":\"https:\/\/vasasbasket.hu\/wp-content\/uploads\/2017\/03\/vasas_cimer_1200.jpg\",\"width\":1200,\"height\":1200,\"caption\":\"Vasas n\u0151i kos\u00e1rlabda\"},\"image\":{\"@id\":\"https:\/\/vasasbasket.hu\/#\/schema\/logo\/image\/\"},\"sameAs\":[\"https:\/\/www.facebook.com\/vasaswbasket\/\"]},{\"@type\":\"Person\",\"@id\":\"https:\/\/vasasbasket.hu\/#\/schema\/person\/cce3d40284d729c98742af771668678b\",\"name\":\"Staszelis Rafal\",\"image\":{\"@type\":\"ImageObject\",\"inLanguage\":\"hu\",\"@id\":\"https:\/\/vasasbasket.hu\/#\/schema\/person\/image\/\",\"url\":\"https:\/\/secure.gravatar.com\/avatar\/dd648a2eae6e2ec122d87922ad625d8e10c16f8a8b4c7ab41bd9614806a230bb?s=96&d=mm&r=g\",\"contentUrl\":\"https:\/\/secure.gravatar.com\/avatar\/dd648a2eae6e2ec122d87922ad625d8e10c16f8a8b4c7ab41bd9614806a230bb?s=96&d=mm&r=g\",\"caption\":\"Staszelis Rafal\"},\"url\":\"https:\/\/vasasbasket.hu\/index.php\/author\/rafi\/\"}]}<\/script>\n<!-- \/ Yoast SEO plugin. -->","yoast_head_json":{"title":"Veretlen h\u00e9tv\u00e9g\u00e9t z\u00e1rtak az Amazonok - Vasas n\u0151i kos\u00e1rlabda","robots":{"index":"index","follow":"follow","max-snippet":"max-snippet:-1","max-image-preview":"max-image-preview:large","max-video-preview":"max-video-preview:-1"},"canonical":"https:\/\/vasasbasket.hu\/index.php\/veretlen-hetveget-zartak-az-amazonok-2\/","og_locale":"hu_HU","og_type":"article","og_title":"Veretlen h\u00e9tv\u00e9g\u00e9t z\u00e1rtak az Amazonok - Vasas n\u0151i kos\u00e1rlabda","og_description":"Kicsit rendhagy\u00f3 fordul\u00f3val kezdte meg a 2026-os \u00e9vet a Vasas Amazonok U12-es csapata, l\u00e1nyaink egy szakmai torn\u00e1n vettek r\u00e9szt a h\u00e9tv\u00e9g\u00e9n K\u0151b\u00e1ny\u00e1n. \u00d6sszesen h\u00e1rom m\u00e9rk\u0151z\u00e9sen l\u00e9pt\u00fcnk p\u00e1ly\u00e1ra, ebb\u0151l kett\u0151 szombaton, egy pedig vas\u00e1rnap ker\u00fclt megrendez\u00e9sre. Remek\u00fcl teljes\u00edtettek Simon R\u00e9ka tan\u00edtv\u00e1nyai, mindh\u00e1rom tal\u00e1lkoz\u00f3t gy\u0151zelemmel z\u00e1rt\u00e1k. Az elm\u00falt napokban az add \u00e9s fuss j\u00e1t\u00e9kra fektett\u00fck a hangs\u00falyt,...","og_url":"https:\/\/vasasbasket.hu\/index.php\/veretlen-hetveget-zartak-az-amazonok-2\/","og_site_name":"Vasas n\u0151i kos\u00e1rlabda","article_publisher":"https:\/\/www.facebook.com\/vasaswbasket\/","article_published_time":"2026-01-20T11:25:39+00:00","og_image":[{"width":1600,"height":1003,"url":"https:\/\/vasasbasket.hu\/wp-content\/uploads\/2026\/01\/image-e1768907724337.jpeg","type":"image\/jpeg"}],"author":"Staszelis Rafal","twitter_card":"summary_large_image","twitter_misc":{"Szerz\u0151:":"Staszelis Rafal","Becs\u00fclt olvas\u00e1si id\u0151":"4 perc"},"schema":{"@context":"https:\/\/schema.org","@graph":[{"@type":"Article","@id":"https:\/\/vasasbasket.hu\/index.php\/veretlen-hetveget-zartak-az-amazonok-2\/#article","isPartOf":{"@id":"https:\/\/vasasbasket.hu\/index.php\/veretlen-hetveget-zartak-az-amazonok-2\/"},"author":{"name":"Staszelis Rafal","@id":"https:\/\/vasasbasket.hu\/#\/schema\/person\/cce3d40284d729c98742af771668678b"},"headline":"Veretlen h\u00e9tv\u00e9g\u00e9t z\u00e1rtak az Amazonok","datePublished":"2026-01-20T11:25:39+00:00","mainEntityOfPage":{"@id":"https:\/\/vasasbasket.hu\/index.php\/veretlen-hetveget-zartak-az-amazonok-2\/"},"wordCount":821,"publisher":{"@id":"https:\/\/vasasbasket.hu\/#organization"},"image":{"@id":"https:\/\/vasasbasket.hu\/index.php\/veretlen-hetveget-zartak-az-amazonok-2\/#primaryimage"},"thumbnailUrl":"https:\/\/vasasbasket.hu\/wp-content\/uploads\/2026\/01\/image-e1768907724337.jpeg","articleSection":["Gyerek","\u00d6sszes H\u00edr"],"inLanguage":"hu"},{"@type":"WebPage","@id":"https:\/\/vasasbasket.hu\/index.php\/veretlen-hetveget-zartak-az-amazonok-2\/","url":"https:\/\/vasasbasket.hu\/index.php\/veretlen-hetveget-zartak-az-amazonok-2\/","name":"Veretlen h\u00e9tv\u00e9g\u00e9t z\u00e1rtak az Amazonok - Vasas n\u0151i kos\u00e1rlabda","isPartOf":{"@id":"https:\/\/vasasbasket.hu\/#website"},"primaryImageOfPage":{"@id":"https:\/\/vasasbasket.hu\/index.php\/veretlen-hetveget-zartak-az-amazonok-2\/#primaryimage"},"image":{"@id":"https:\/\/vasasbasket.hu\/index.php\/veretlen-hetveget-zartak-az-amazonok-2\/#primaryimage"},"thumbnailUrl":"https:\/\/vasasbasket.hu\/wp-content\/uploads\/2026\/01\/image-e1768907724337.jpeg","datePublished":"2026-01-20T11:25:39+00:00","breadcrumb":{"@id":"https:\/\/vasasbasket.hu\/index.php\/veretlen-hetveget-zartak-az-amazonok-2\/#breadcrumb"},"inLanguage":"hu","potentialAction":[{"@type":"ReadAction","target":["https:\/\/vasasbasket.hu\/index.php\/veretlen-hetveget-zartak-az-amazonok-2\/"]}]},{"@type":"ImageObject","inLanguage":"hu","@id":"https:\/\/vasasbasket.hu\/index.php\/veretlen-hetveget-zartak-az-amazonok-2\/#primaryimage","url":"https:\/\/vasasbasket.hu\/wp-content\/uploads\/2026\/01\/image-e1768907724337.jpeg","contentUrl":"https:\/\/vasasbasket.hu\/wp-content\/uploads\/2026\/01\/image-e1768907724337.jpeg","width":1600,"height":1003},{"@type":"BreadcrumbList","@id":"https:\/\/vasasbasket.hu\/index.php\/veretlen-hetveget-zartak-az-amazonok-2\/#breadcrumb","itemListElement":[{"@type":"ListItem","position":1,"name":"Kezd\u0151lap","item":"https:\/\/vasasbasket.hu\/"},{"@type":"ListItem","position":2,"name":"Veretlen h\u00e9tv\u00e9g\u00e9t z\u00e1rtak az Amazonok"}]},{"@type":"WebSite","@id":"https:\/\/vasasbasket.hu\/#website","url":"https:\/\/vasasbasket.hu\/","name":"Vasas n\u0151i kos\u00e1rlabda","description":"Vasas Basket N\u0151i","publisher":{"@id":"https:\/\/vasasbasket.hu\/#organization"},"potentialAction":[{"@type":"SearchAction","target":{"@type":"EntryPoint","urlTemplate":"https:\/\/vasasbasket.hu\/?s={search_term_string}"},"query-input":{"@type":"PropertyValueSpecification","valueRequired":true,"valueName":"search_term_string"}}],"inLanguage":"hu"},{"@type":"Organization","@id":"https:\/\/vasasbasket.hu\/#organization","name":"Vasas n\u0151i kos\u00e1rlabda","url":"https:\/\/vasasbasket.hu\/","logo":{"@type":"ImageObject","inLanguage":"hu","@id":"https:\/\/vasasbasket.hu\/#\/schema\/logo\/image\/","url":"https:\/\/vasasbasket.hu\/wp-content\/uploads\/2017\/03\/vasas_cimer_1200.jpg","contentUrl":"https:\/\/vasasbasket.hu\/wp-content\/uploads\/2017\/03\/vasas_cimer_1200.jpg","width":1200,"height":1200,"caption":"Vasas n\u0151i kos\u00e1rlabda"},"image":{"@id":"https:\/\/vasasbasket.hu\/#\/schema\/logo\/image\/"},"sameAs":["https:\/\/www.facebook.com\/vasaswbasket\/"]},{"@type":"Person","@id":"https:\/\/vasasbasket.hu\/#\/schema\/person\/cce3d40284d729c98742af771668678b","name":"Staszelis Rafal","image":{"@type":"ImageObject","inLanguage":"hu","@id":"https:\/\/vasasbasket.hu\/#\/schema\/person\/image\/","url":"https:\/\/secure.gravatar.com\/avatar\/dd648a2eae6e2ec122d87922ad625d8e10c16f8a8b4c7ab41bd9614806a230bb?s=96&d=mm&r=g","contentUrl":"https:\/\/secure.gravatar.com\/avatar\/dd648a2eae6e2ec122d87922ad625d8e10c16f8a8b4c7ab41bd9614806a230bb?s=96&d=mm&r=g","caption":"Staszelis Rafal"},"url":"https:\/\/vasasbasket.hu\/index.php\/author\/rafi\/"}]}},"_links":{"self":[{"href":"https:\/\/vasasbasket.hu\/index.php\/wp-json\/wp\/v2\/posts\/16247","targetHints":{"allow":["GET"]}}],"collection":[{"href":"https:\/\/vasasbasket.hu\/index.php\/wp-json\/wp\/v2\/posts"}],"about":[{"href":"https:\/\/vasasbasket.hu\/index.php\/wp-json\/wp\/v2\/types\/post"}],"author":[{"embeddable":true,"href":"https:\/\/vasasbasket.hu\/index.php\/wp-json\/wp\/v2\/users\/3"}],"replies":[{"embeddable":true,"href":"https:\/\/vasasbasket.hu\/index.php\/wp-json\/wp\/v2\/comments?post=16247"}],"version-history":[{"count":1,"href":"https:\/\/vasasbasket.hu\/index.php\/wp-json\/wp\/v2\/posts\/16247\/revisions"}],"predecessor-version":[{"id":16248,"href":"https:\/\/vasasbasket.hu\/index.php\/wp-json\/wp\/v2\/posts\/16247\/revisions\/16248"}],"wp:featuredmedia":[{"embeddable":true,"href":"https:\/\/vasasbasket.hu\/index.php\/wp-json\/wp\/v2\/media\/16245"}],"wp:attachment":[{"href":"https:\/\/vasasbasket.hu\/index.php\/wp-json\/wp\/v2\/media?parent=16247"}],"wp:term":[{"taxonomy":"category","embeddable":true,"href":"https:\/\/vasasbasket.hu\/index.php\/wp-json\/wp\/v2\/categories?post=16247"},{"taxonomy":"post_tag","embeddable":true,"href":"https:\/\/vasasbasket.hu\/index.php\/wp-json\/wp\/v2\/tags?post=16247"}],"curies":[{"name":"wp","href":"https:\/\/api.w.org\/{rel}","templated":true}]}}