{"id":16074,"date":"2025-12-08T07:35:25","date_gmt":"2025-12-08T07:35:25","guid":{"rendered":"https:\/\/vasasbasket.hu\/?p=16074"},"modified":"2025-12-08T07:35:25","modified_gmt":"2025-12-08T07:35:25","slug":"ket-nehez-meccsen-vannak-tul","status":"publish","type":"post","link":"https:\/\/vasasbasket.hu\/index.php\/ket-nehez-meccsen-vannak-tul\/","title":{"rendered":"K\u00e9t neh\u00e9z meccsen vannak t\u00fal"},"content":{"rendered":"<p>Serd\u00fcl\u0151\/B csapatunk a Kecskem\u00e9ti KA U14\/A \u00e9s a Kiss Lenke KS\/A ellen z\u00e1rta a 2025-\u00f6s \u00e9vet h\u00e9tv\u00e9g\u00e9n Kecskem\u00e9ten. Fiatal csapatunk mindent megtett a tisztes helyt\u00e1ll\u00e1s\u00e9rt, rutinosabb ellenfeleink azonban hozt\u00e1k a t\u0151l\u00fck elv\u00e1rtakat.<\/p>\n<p><em>Kisebb-nagyobb hull\u00e1mv\u00f6lgyekkel pozit\u00edv t\u00f6bblettel z\u00e1rtuk a 2025-\u00f6s \u00e9v\u00fcnket, k\u00e9t kifejezetten er\u0151s csapat ellen is m\u00e9lt\u00f3k\u00e9ppen helyt \u00e1lltunk. Szeretn\u00e9nk a hib\u00e1inkb\u00f3l tanulva a j\u00f3 dolgokra t\u00e1maszkodva fejl\u0151dni tov\u00e1bb. Gratul\u00e1lunk a l\u00e1nyoknak mind az egy\u00e9ni, mind a csapatszint\u0171 el\u0151rel\u00e9p\u00e9shez<\/em> &#8211; mondta a csapat edz\u0151je, Csomor Fl\u00f3ra.<\/p>\n<p><strong>Kecskem\u00e9ti KA U14\/A \u2013 Vasas Akad\u00e9mia\/B 120-31<\/strong> (41-8, 34-7, 23-12, 22-4)<br \/>\n<em>Pontszerz\u0151k:<\/em><br \/>\n<strong>Vasas Akad\u00e9mia\/B:<\/strong> B\u00f6cskei Linda, Egri Tara, Herman S\u00e1ra 2, Izing Fl\u00f3ra 4, K\u00f3r\u00f3s Panna 3, L\u00e9vai Janka 4, R\u00f3zsa Nat\u00e1lia, Sikl\u00f3ssy Hanga 3, Szarvas Mira 7\/3, Szeb\u00e9nyi R\u00f3za, Tak\u00e1cs Hanna 2, T\u00f6r\u0151 Zorka 6<\/p>\n<p><strong>Vasas Akad\u00e9mia\/B \u2013 Kiss Lenke KS\/A 51-92<\/strong> (13-31, 9-18, 19-21, 10-22)<br \/>\n<em>Pontszerz\u0151k:<\/em><br \/>\n<strong>Vasas Akad\u00e9mia\/B:<\/strong>B\u00f6cskei Linda 4, Dem\u00e9ny-Kapusy Lola 5, Egri Tara 2, Herman S\u00e1ra, Izing Fl\u00f3ra 6, K\u00f3r\u00f3s Panna 8, L\u00e9vai Janka 8, R\u00f3zsa Nat\u00e1lia, Szarvas Mira 2, Szeb\u00e9nyi R\u00f3za, Tak\u00e1cs Hanna 4, T\u00f6r\u0151 Zorka 12<\/p>\n<p>&nbsp;<\/p>\n<p>&nbsp;<\/p>\n","protected":false},"excerpt":{"rendered":"<p>Serd\u00fcl\u0151\/B csapatunk a Kecskem\u00e9ti KA U14\/A \u00e9s a Kiss Lenke KS\/A ellen z\u00e1rta a 2025-\u00f6s \u00e9vet h\u00e9tv\u00e9g\u00e9n Kecskem\u00e9ten. Fiatal csapatunk mindent megtett a tisztes helyt\u00e1ll\u00e1s\u00e9rt, rutinosabb ellenfeleink azonban hozt\u00e1k a t\u0151l\u00fck elv\u00e1rtakat. Kisebb-nagyobb hull\u00e1mv\u00f6lgyekkel pozit\u00edv t\u00f6bblettel z\u00e1rtuk a 2025-\u00f6s \u00e9v\u00fcnket, k\u00e9t kifejezetten er\u0151s csapat ellen is m\u00e9lt\u00f3k\u00e9ppen helyt \u00e1lltunk. Szeretn\u00e9nk a hib\u00e1inkb\u00f3l tanulva a j\u00f3&#8230;<\/p>\n","protected":false},"author":3,"featured_media":16076,"comment_status":"closed","ping_status":"closed","sticky":false,"template":"","format":"standard","meta":{"footnotes":""},"categories":[52,92],"tags":[],"class_list":["post-16074","post","type-post","status-publish","format-standard","has-post-thumbnail","hentry","category-serdulo","category-hirek"],"yoast_head":"<!-- This site is optimized with the Yoast SEO plugin v26.0 - https:\/\/yoast.com\/wordpress\/plugins\/seo\/ -->\n<title>K\u00e9t neh\u00e9z meccsen vannak t\u00fal - Vasas n\u0151i kos\u00e1rlabda<\/title>\n<meta name=\"robots\" content=\"index, follow, max-snippet:-1, max-image-preview:large, max-video-preview:-1\" \/>\n<link rel=\"canonical\" href=\"https:\/\/vasasbasket.hu\/index.php\/ket-nehez-meccsen-vannak-tul\/\" \/>\n<meta property=\"og:locale\" content=\"hu_HU\" \/>\n<meta property=\"og:type\" content=\"article\" \/>\n<meta property=\"og:title\" content=\"K\u00e9t neh\u00e9z meccsen vannak t\u00fal - Vasas n\u0151i kos\u00e1rlabda\" \/>\n<meta property=\"og:description\" content=\"Serd\u00fcl\u0151\/B csapatunk a Kecskem\u00e9ti KA U14\/A \u00e9s a Kiss Lenke KS\/A ellen z\u00e1rta a 2025-\u00f6s \u00e9vet h\u00e9tv\u00e9g\u00e9n Kecskem\u00e9ten. Fiatal csapatunk mindent megtett a tisztes helyt\u00e1ll\u00e1s\u00e9rt, rutinosabb ellenfeleink azonban hozt\u00e1k a t\u0151l\u00fck elv\u00e1rtakat. Kisebb-nagyobb hull\u00e1mv\u00f6lgyekkel pozit\u00edv t\u00f6bblettel z\u00e1rtuk a 2025-\u00f6s \u00e9v\u00fcnket, k\u00e9t kifejezetten er\u0151s csapat ellen is m\u00e9lt\u00f3k\u00e9ppen helyt \u00e1lltunk. Szeretn\u00e9nk a hib\u00e1inkb\u00f3l tanulva a j\u00f3...\" \/>\n<meta property=\"og:url\" content=\"https:\/\/vasasbasket.hu\/index.php\/ket-nehez-meccsen-vannak-tul\/\" \/>\n<meta property=\"og:site_name\" content=\"Vasas n\u0151i kos\u00e1rlabda\" \/>\n<meta property=\"article:publisher\" content=\"https:\/\/www.facebook.com\/vasaswbasket\/\" \/>\n<meta property=\"article:published_time\" content=\"2025-12-08T07:35:25+00:00\" \/>\n<meta property=\"og:image\" content=\"https:\/\/vasasbasket.hu\/wp-content\/uploads\/2025\/12\/image2-2-2-scaled.jpeg\" \/>\n\t<meta property=\"og:image:width\" content=\"2560\" \/>\n\t<meta property=\"og:image:height\" content=\"1920\" \/>\n\t<meta property=\"og:image:type\" content=\"image\/jpeg\" \/>\n<meta name=\"author\" content=\"Staszelis Rafal\" \/>\n<meta name=\"twitter:card\" content=\"summary_large_image\" \/>\n<meta name=\"twitter:label1\" content=\"Szerz\u0151:\" \/>\n\t<meta name=\"twitter:data1\" content=\"Staszelis Rafal\" \/>\n\t<meta name=\"twitter:label2\" content=\"Becs\u00fclt olvas\u00e1si id\u0151\" \/>\n\t<meta name=\"twitter:data2\" content=\"2 perc\" \/>\n<script type=\"application\/ld+json\" class=\"yoast-schema-graph\">{\"@context\":\"https:\/\/schema.org\",\"@graph\":[{\"@type\":\"Article\",\"@id\":\"https:\/\/vasasbasket.hu\/index.php\/ket-nehez-meccsen-vannak-tul\/#article\",\"isPartOf\":{\"@id\":\"https:\/\/vasasbasket.hu\/index.php\/ket-nehez-meccsen-vannak-tul\/\"},\"author\":{\"name\":\"Staszelis Rafal\",\"@id\":\"https:\/\/vasasbasket.hu\/#\/schema\/person\/cce3d40284d729c98742af771668678b\"},\"headline\":\"K\u00e9t neh\u00e9z meccsen vannak t\u00fal\",\"datePublished\":\"2025-12-08T07:35:25+00:00\",\"mainEntityOfPage\":{\"@id\":\"https:\/\/vasasbasket.hu\/index.php\/ket-nehez-meccsen-vannak-tul\/\"},\"wordCount\":243,\"publisher\":{\"@id\":\"https:\/\/vasasbasket.hu\/#organization\"},\"image\":{\"@id\":\"https:\/\/vasasbasket.hu\/index.php\/ket-nehez-meccsen-vannak-tul\/#primaryimage\"},\"thumbnailUrl\":\"https:\/\/vasasbasket.hu\/wp-content\/uploads\/2025\/12\/image2-2-2-scaled.jpeg\",\"articleSection\":[\"Serd\u00fcl\u0151\",\"\u00d6sszes H\u00edr\"],\"inLanguage\":\"hu\"},{\"@type\":\"WebPage\",\"@id\":\"https:\/\/vasasbasket.hu\/index.php\/ket-nehez-meccsen-vannak-tul\/\",\"url\":\"https:\/\/vasasbasket.hu\/index.php\/ket-nehez-meccsen-vannak-tul\/\",\"name\":\"K\u00e9t neh\u00e9z meccsen vannak t\u00fal - Vasas n\u0151i kos\u00e1rlabda\",\"isPartOf\":{\"@id\":\"https:\/\/vasasbasket.hu\/#website\"},\"primaryImageOfPage\":{\"@id\":\"https:\/\/vasasbasket.hu\/index.php\/ket-nehez-meccsen-vannak-tul\/#primaryimage\"},\"image\":{\"@id\":\"https:\/\/vasasbasket.hu\/index.php\/ket-nehez-meccsen-vannak-tul\/#primaryimage\"},\"thumbnailUrl\":\"https:\/\/vasasbasket.hu\/wp-content\/uploads\/2025\/12\/image2-2-2-scaled.jpeg\",\"datePublished\":\"2025-12-08T07:35:25+00:00\",\"breadcrumb\":{\"@id\":\"https:\/\/vasasbasket.hu\/index.php\/ket-nehez-meccsen-vannak-tul\/#breadcrumb\"},\"inLanguage\":\"hu\",\"potentialAction\":[{\"@type\":\"ReadAction\",\"target\":[\"https:\/\/vasasbasket.hu\/index.php\/ket-nehez-meccsen-vannak-tul\/\"]}]},{\"@type\":\"ImageObject\",\"inLanguage\":\"hu\",\"@id\":\"https:\/\/vasasbasket.hu\/index.php\/ket-nehez-meccsen-vannak-tul\/#primaryimage\",\"url\":\"https:\/\/vasasbasket.hu\/wp-content\/uploads\/2025\/12\/image2-2-2-scaled.jpeg\",\"contentUrl\":\"https:\/\/vasasbasket.hu\/wp-content\/uploads\/2025\/12\/image2-2-2-scaled.jpeg\",\"width\":2560,\"height\":1920},{\"@type\":\"BreadcrumbList\",\"@id\":\"https:\/\/vasasbasket.hu\/index.php\/ket-nehez-meccsen-vannak-tul\/#breadcrumb\",\"itemListElement\":[{\"@type\":\"ListItem\",\"position\":1,\"name\":\"Kezd\u0151lap\",\"item\":\"https:\/\/vasasbasket.hu\/\"},{\"@type\":\"ListItem\",\"position\":2,\"name\":\"K\u00e9t neh\u00e9z meccsen vannak t\u00fal\"}]},{\"@type\":\"WebSite\",\"@id\":\"https:\/\/vasasbasket.hu\/#website\",\"url\":\"https:\/\/vasasbasket.hu\/\",\"name\":\"Vasas n\u0151i kos\u00e1rlabda\",\"description\":\"Vasas Basket N\u0151i\",\"publisher\":{\"@id\":\"https:\/\/vasasbasket.hu\/#organization\"},\"potentialAction\":[{\"@type\":\"SearchAction\",\"target\":{\"@type\":\"EntryPoint\",\"urlTemplate\":\"https:\/\/vasasbasket.hu\/?s={search_term_string}\"},\"query-input\":{\"@type\":\"PropertyValueSpecification\",\"valueRequired\":true,\"valueName\":\"search_term_string\"}}],\"inLanguage\":\"hu\"},{\"@type\":\"Organization\",\"@id\":\"https:\/\/vasasbasket.hu\/#organization\",\"name\":\"Vasas n\u0151i kos\u00e1rlabda\",\"url\":\"https:\/\/vasasbasket.hu\/\",\"logo\":{\"@type\":\"ImageObject\",\"inLanguage\":\"hu\",\"@id\":\"https:\/\/vasasbasket.hu\/#\/schema\/logo\/image\/\",\"url\":\"https:\/\/vasasbasket.hu\/wp-content\/uploads\/2017\/03\/vasas_cimer_1200.jpg\",\"contentUrl\":\"https:\/\/vasasbasket.hu\/wp-content\/uploads\/2017\/03\/vasas_cimer_1200.jpg\",\"width\":1200,\"height\":1200,\"caption\":\"Vasas n\u0151i kos\u00e1rlabda\"},\"image\":{\"@id\":\"https:\/\/vasasbasket.hu\/#\/schema\/logo\/image\/\"},\"sameAs\":[\"https:\/\/www.facebook.com\/vasaswbasket\/\"]},{\"@type\":\"Person\",\"@id\":\"https:\/\/vasasbasket.hu\/#\/schema\/person\/cce3d40284d729c98742af771668678b\",\"name\":\"Staszelis Rafal\",\"image\":{\"@type\":\"ImageObject\",\"inLanguage\":\"hu\",\"@id\":\"https:\/\/vasasbasket.hu\/#\/schema\/person\/image\/\",\"url\":\"https:\/\/secure.gravatar.com\/avatar\/dd648a2eae6e2ec122d87922ad625d8e10c16f8a8b4c7ab41bd9614806a230bb?s=96&d=mm&r=g\",\"contentUrl\":\"https:\/\/secure.gravatar.com\/avatar\/dd648a2eae6e2ec122d87922ad625d8e10c16f8a8b4c7ab41bd9614806a230bb?s=96&d=mm&r=g\",\"caption\":\"Staszelis Rafal\"},\"url\":\"https:\/\/vasasbasket.hu\/index.php\/author\/rafi\/\"}]}<\/script>\n<!-- \/ Yoast SEO plugin. -->","yoast_head_json":{"title":"K\u00e9t neh\u00e9z meccsen vannak t\u00fal - Vasas n\u0151i kos\u00e1rlabda","robots":{"index":"index","follow":"follow","max-snippet":"max-snippet:-1","max-image-preview":"max-image-preview:large","max-video-preview":"max-video-preview:-1"},"canonical":"https:\/\/vasasbasket.hu\/index.php\/ket-nehez-meccsen-vannak-tul\/","og_locale":"hu_HU","og_type":"article","og_title":"K\u00e9t neh\u00e9z meccsen vannak t\u00fal - Vasas n\u0151i kos\u00e1rlabda","og_description":"Serd\u00fcl\u0151\/B csapatunk a Kecskem\u00e9ti KA U14\/A \u00e9s a Kiss Lenke KS\/A ellen z\u00e1rta a 2025-\u00f6s \u00e9vet h\u00e9tv\u00e9g\u00e9n Kecskem\u00e9ten. Fiatal csapatunk mindent megtett a tisztes helyt\u00e1ll\u00e1s\u00e9rt, rutinosabb ellenfeleink azonban hozt\u00e1k a t\u0151l\u00fck elv\u00e1rtakat. Kisebb-nagyobb hull\u00e1mv\u00f6lgyekkel pozit\u00edv t\u00f6bblettel z\u00e1rtuk a 2025-\u00f6s \u00e9v\u00fcnket, k\u00e9t kifejezetten er\u0151s csapat ellen is m\u00e9lt\u00f3k\u00e9ppen helyt \u00e1lltunk. Szeretn\u00e9nk a hib\u00e1inkb\u00f3l tanulva a j\u00f3...","og_url":"https:\/\/vasasbasket.hu\/index.php\/ket-nehez-meccsen-vannak-tul\/","og_site_name":"Vasas n\u0151i kos\u00e1rlabda","article_publisher":"https:\/\/www.facebook.com\/vasaswbasket\/","article_published_time":"2025-12-08T07:35:25+00:00","og_image":[{"width":2560,"height":1920,"url":"https:\/\/vasasbasket.hu\/wp-content\/uploads\/2025\/12\/image2-2-2-scaled.jpeg","type":"image\/jpeg"}],"author":"Staszelis Rafal","twitter_card":"summary_large_image","twitter_misc":{"Szerz\u0151:":"Staszelis Rafal","Becs\u00fclt olvas\u00e1si id\u0151":"2 perc"},"schema":{"@context":"https:\/\/schema.org","@graph":[{"@type":"Article","@id":"https:\/\/vasasbasket.hu\/index.php\/ket-nehez-meccsen-vannak-tul\/#article","isPartOf":{"@id":"https:\/\/vasasbasket.hu\/index.php\/ket-nehez-meccsen-vannak-tul\/"},"author":{"name":"Staszelis Rafal","@id":"https:\/\/vasasbasket.hu\/#\/schema\/person\/cce3d40284d729c98742af771668678b"},"headline":"K\u00e9t neh\u00e9z meccsen vannak t\u00fal","datePublished":"2025-12-08T07:35:25+00:00","mainEntityOfPage":{"@id":"https:\/\/vasasbasket.hu\/index.php\/ket-nehez-meccsen-vannak-tul\/"},"wordCount":243,"publisher":{"@id":"https:\/\/vasasbasket.hu\/#organization"},"image":{"@id":"https:\/\/vasasbasket.hu\/index.php\/ket-nehez-meccsen-vannak-tul\/#primaryimage"},"thumbnailUrl":"https:\/\/vasasbasket.hu\/wp-content\/uploads\/2025\/12\/image2-2-2-scaled.jpeg","articleSection":["Serd\u00fcl\u0151","\u00d6sszes H\u00edr"],"inLanguage":"hu"},{"@type":"WebPage","@id":"https:\/\/vasasbasket.hu\/index.php\/ket-nehez-meccsen-vannak-tul\/","url":"https:\/\/vasasbasket.hu\/index.php\/ket-nehez-meccsen-vannak-tul\/","name":"K\u00e9t neh\u00e9z meccsen vannak t\u00fal - Vasas n\u0151i kos\u00e1rlabda","isPartOf":{"@id":"https:\/\/vasasbasket.hu\/#website"},"primaryImageOfPage":{"@id":"https:\/\/vasasbasket.hu\/index.php\/ket-nehez-meccsen-vannak-tul\/#primaryimage"},"image":{"@id":"https:\/\/vasasbasket.hu\/index.php\/ket-nehez-meccsen-vannak-tul\/#primaryimage"},"thumbnailUrl":"https:\/\/vasasbasket.hu\/wp-content\/uploads\/2025\/12\/image2-2-2-scaled.jpeg","datePublished":"2025-12-08T07:35:25+00:00","breadcrumb":{"@id":"https:\/\/vasasbasket.hu\/index.php\/ket-nehez-meccsen-vannak-tul\/#breadcrumb"},"inLanguage":"hu","potentialAction":[{"@type":"ReadAction","target":["https:\/\/vasasbasket.hu\/index.php\/ket-nehez-meccsen-vannak-tul\/"]}]},{"@type":"ImageObject","inLanguage":"hu","@id":"https:\/\/vasasbasket.hu\/index.php\/ket-nehez-meccsen-vannak-tul\/#primaryimage","url":"https:\/\/vasasbasket.hu\/wp-content\/uploads\/2025\/12\/image2-2-2-scaled.jpeg","contentUrl":"https:\/\/vasasbasket.hu\/wp-content\/uploads\/2025\/12\/image2-2-2-scaled.jpeg","width":2560,"height":1920},{"@type":"BreadcrumbList","@id":"https:\/\/vasasbasket.hu\/index.php\/ket-nehez-meccsen-vannak-tul\/#breadcrumb","itemListElement":[{"@type":"ListItem","position":1,"name":"Kezd\u0151lap","item":"https:\/\/vasasbasket.hu\/"},{"@type":"ListItem","position":2,"name":"K\u00e9t neh\u00e9z meccsen vannak t\u00fal"}]},{"@type":"WebSite","@id":"https:\/\/vasasbasket.hu\/#website","url":"https:\/\/vasasbasket.hu\/","name":"Vasas n\u0151i kos\u00e1rlabda","description":"Vasas Basket N\u0151i","publisher":{"@id":"https:\/\/vasasbasket.hu\/#organization"},"potentialAction":[{"@type":"SearchAction","target":{"@type":"EntryPoint","urlTemplate":"https:\/\/vasasbasket.hu\/?s={search_term_string}"},"query-input":{"@type":"PropertyValueSpecification","valueRequired":true,"valueName":"search_term_string"}}],"inLanguage":"hu"},{"@type":"Organization","@id":"https:\/\/vasasbasket.hu\/#organization","name":"Vasas n\u0151i kos\u00e1rlabda","url":"https:\/\/vasasbasket.hu\/","logo":{"@type":"ImageObject","inLanguage":"hu","@id":"https:\/\/vasasbasket.hu\/#\/schema\/logo\/image\/","url":"https:\/\/vasasbasket.hu\/wp-content\/uploads\/2017\/03\/vasas_cimer_1200.jpg","contentUrl":"https:\/\/vasasbasket.hu\/wp-content\/uploads\/2017\/03\/vasas_cimer_1200.jpg","width":1200,"height":1200,"caption":"Vasas n\u0151i kos\u00e1rlabda"},"image":{"@id":"https:\/\/vasasbasket.hu\/#\/schema\/logo\/image\/"},"sameAs":["https:\/\/www.facebook.com\/vasaswbasket\/"]},{"@type":"Person","@id":"https:\/\/vasasbasket.hu\/#\/schema\/person\/cce3d40284d729c98742af771668678b","name":"Staszelis Rafal","image":{"@type":"ImageObject","inLanguage":"hu","@id":"https:\/\/vasasbasket.hu\/#\/schema\/person\/image\/","url":"https:\/\/secure.gravatar.com\/avatar\/dd648a2eae6e2ec122d87922ad625d8e10c16f8a8b4c7ab41bd9614806a230bb?s=96&d=mm&r=g","contentUrl":"https:\/\/secure.gravatar.com\/avatar\/dd648a2eae6e2ec122d87922ad625d8e10c16f8a8b4c7ab41bd9614806a230bb?s=96&d=mm&r=g","caption":"Staszelis Rafal"},"url":"https:\/\/vasasbasket.hu\/index.php\/author\/rafi\/"}]}},"_links":{"self":[{"href":"https:\/\/vasasbasket.hu\/index.php\/wp-json\/wp\/v2\/posts\/16074","targetHints":{"allow":["GET"]}}],"collection":[{"href":"https:\/\/vasasbasket.hu\/index.php\/wp-json\/wp\/v2\/posts"}],"about":[{"href":"https:\/\/vasasbasket.hu\/index.php\/wp-json\/wp\/v2\/types\/post"}],"author":[{"embeddable":true,"href":"https:\/\/vasasbasket.hu\/index.php\/wp-json\/wp\/v2\/users\/3"}],"replies":[{"embeddable":true,"href":"https:\/\/vasasbasket.hu\/index.php\/wp-json\/wp\/v2\/comments?post=16074"}],"version-history":[{"count":1,"href":"https:\/\/vasasbasket.hu\/index.php\/wp-json\/wp\/v2\/posts\/16074\/revisions"}],"predecessor-version":[{"id":16077,"href":"https:\/\/vasasbasket.hu\/index.php\/wp-json\/wp\/v2\/posts\/16074\/revisions\/16077"}],"wp:featuredmedia":[{"embeddable":true,"href":"https:\/\/vasasbasket.hu\/index.php\/wp-json\/wp\/v2\/media\/16076"}],"wp:attachment":[{"href":"https:\/\/vasasbasket.hu\/index.php\/wp-json\/wp\/v2\/media?parent=16074"}],"wp:term":[{"taxonomy":"category","embeddable":true,"href":"https:\/\/vasasbasket.hu\/index.php\/wp-json\/wp\/v2\/categories?post=16074"},{"taxonomy":"post_tag","embeddable":true,"href":"https:\/\/vasasbasket.hu\/index.php\/wp-json\/wp\/v2\/tags?post=16074"}],"curies":[{"name":"wp","href":"https:\/\/api.w.org\/{rel}","templated":true}]}}