{"id":16039,"date":"2025-12-01T07:41:20","date_gmt":"2025-12-01T07:41:20","guid":{"rendered":"https:\/\/vasasbasket.hu\/?p=16039"},"modified":"2025-12-01T07:41:20","modified_gmt":"2025-12-01T07:41:20","slug":"ezuttal-nem-jartak-sikerrel-a-bolhak","status":"publish","type":"post","link":"https:\/\/vasasbasket.hu\/index.php\/ezuttal-nem-jartak-sikerrel-a-bolhak\/","title":{"rendered":"Ez\u00fattal nem j\u00e1rtak sikerrel a Bolh\u00e1k"},"content":{"rendered":"<p><strong>K\u00e9t m\u00e9rk\u0151z\u00e9st is j\u00e1tszottak h\u00e9tv\u00e9g\u00e9n az U12-es Vasas Bolh\u00e1k a Camugo Sportcsarnokban, l\u00e1nyaink a Csata Vill\u00e1m \u00e9s a BSC Le\u00e1ny\/A ellen l\u00e9ptek p\u00e1ly\u00e1ra. Mindk\u00e9t tal\u00e1lkoz\u00f3n lassan tudtuk felvenni a ritmust, a kialakult h\u00e1tr\u00e1nyt pedig nem tudtuk ledolgozni.<\/strong><\/p>\n<p><em>Az els\u0151 f\u00e9lid\u0151nk sajnos r\u00e1ment a m\u00e9rk\u0151z\u00e9sre val\u00f3 r\u00e1hangol\u00f3d\u00e1sra, a nagysz\u00fcnet ut\u00e1n viszont k\u00e9t nagyon j\u00f3 \u00e9s hasznos negyedet j\u00e1tszottunk a Csata kenguru csapata ellen. Az els\u0151 f\u00e9lid\u0151ben Bog\u00e1r Milla, a m\u00e1sodikban Koncz Em\u00edlia teljes\u00edtm\u00e9ny\u00e9t lehet kiemelni t\u00e1mad\u00f3 oldalon. Dolgozunk azon, hogy a k\u00f6vetkez\u0151 fordul\u00f3ban v\u00e9d\u0151 oldalon is legyenek kimagasl\u00f3 teljes\u00edtm\u00e9nyeink<\/em> &#8211; mondta a csapat edz\u0151je, Di\u00f3sadi De\u00e1k \u00c9va.<\/p>\n<p><strong>Vasas Bolh\u00e1k &#8211; Csata Vill\u00e1m 35-47<\/strong> (8-15, 3-9, 12-10, 12-13)<br \/>\n<em>Pontszerz\u0151k:<\/em><br \/>\n<strong>Vasas Bolh\u00e1k:<\/strong> Koncz Em\u00edlia 10, Bog\u00e1r Milla 10, Pelcz Tamara 7, Schwarz Al\u00edz 4, Cs\u00e9p\u00e1ny-Filemon Abig\u00e9l 2, Andrasek Emma 2, M\u00e1ty\u00e1s J\u00falia, L\u0151k\u00f6s Katerina, Forg\u00e1cs Helga, M\u00e1nya Zs\u00f3fi. Holdampf-Pascoal Li\u00e1na, Hal\u00e1sz Janka<\/p>\n<p><em>A BSC ellen is10 pont h\u00e1tr\u00e1nyb\u00f3l kezdt\u00fcnk, ennyi kellett ahhoz, hogy a l\u00e1nyokat r\u00e1 lehessen b\u00edrni a v\u00e9dekez\u00e9sre. Az els\u0151 id\u0151k\u00e9r\u00e9s ut\u00e1n viszont j\u00f3 m\u00e9rk\u0151z\u00e9st tudtunk j\u00e1tszani ellenfel\u00fcnkkel. A m\u00e1sodik f\u00e9lid\u0151re m\u00e1r siker\u00fclt megtanulnunk, \u00e9s t\u00f6bbsz\u00f6r kihaszn\u00e1lnunk azt a szab\u00e1lyt is, hogy a v\u00e9d\u0151 t\u00e9rf\u00e9len nem kell kezeltetni a labd\u00e1t. Andrasek Emma t\u00e1mad\u00f3 \u00e9s v\u00e9d\u0151 teljes\u00edtm\u00e9ny\u00e9t szeretn\u00e9m kiemelni, valamint voltak sz\u00e9p percei Szab\u00f3 Emilinek, M\u00e1nya Zs\u00f3finak, Forg\u00e1cs Helg\u00e1nak \u00e9s Flored\u00e1n Szonj\u00e1nak is. Gratul\u00e1lunk az ellenfeleinknek a gy\u0151zelemhez, \u00e9s dolgozunk tov\u00e1bb, hogy agressz\u00edvabbak legy\u00fcnk v\u00e9dekez\u00e9sben, valamint \u00fcgyesebbek \u00e9s b\u00e1trabbak t\u00e1mad\u00e1sban<\/em> &#8211; \u00e9rt\u00e9kelt Di\u00f3sadi De\u00e1k \u00c9va.<\/p>\n<p><strong>BSC Le\u00e1ny\/A &#8211; Vasas Bolh\u00e1k 57-41<\/strong> (14-10, 12-8, 17-14, 14-9)<br \/>\n<em>Pontszerz\u0151k:<\/em><br \/>\n<strong>Vasas Bolh\u00e1k:<\/strong> Andrasek Emma 10, Szab\u00f3 Emili 7, Bog\u00e1r Milla 6, Flored\u00e1n Szonja 4, Forg\u00e1cs Helga 4, M\u00e1nya Zs\u00f3fia 4. Hal\u00e1sz Janka 4, T\u00e1rnoki N\u00f3ra 2, Cs\u00e9p\u00e1ny-Filemon Abig\u00e9l, M\u00e1ty\u00e1s J\u00falia, L\u0151k\u00f6s Katerina, Holdampf-Pascoal Li\u00e1na<\/p>\n","protected":false},"excerpt":{"rendered":"<p>K\u00e9t m\u00e9rk\u0151z\u00e9st is j\u00e1tszottak h\u00e9tv\u00e9g\u00e9n az U12-es Vasas Bolh\u00e1k a Camugo Sportcsarnokban, l\u00e1nyaink a Csata Vill\u00e1m \u00e9s a BSC Le\u00e1ny\/A ellen l\u00e9ptek p\u00e1ly\u00e1ra. Mindk\u00e9t tal\u00e1lkoz\u00f3n lassan tudtuk felvenni a ritmust, a kialakult h\u00e1tr\u00e1nyt pedig nem tudtuk ledolgozni. Az els\u0151 f\u00e9lid\u0151nk sajnos r\u00e1ment a m\u00e9rk\u0151z\u00e9sre val\u00f3 r\u00e1hangol\u00f3d\u00e1sra, a nagysz\u00fcnet ut\u00e1n viszont k\u00e9t nagyon j\u00f3 \u00e9s hasznos&#8230;<\/p>\n","protected":false},"author":3,"featured_media":16041,"comment_status":"closed","ping_status":"closed","sticky":false,"template":"","format":"standard","meta":{"footnotes":""},"categories":[73,92],"tags":[],"class_list":["post-16039","post","type-post","status-publish","format-standard","has-post-thumbnail","hentry","category-gyerek","category-hirek"],"yoast_head":"<!-- This site is optimized with the Yoast SEO plugin v26.0 - https:\/\/yoast.com\/wordpress\/plugins\/seo\/ -->\n<title>Ez\u00fattal nem j\u00e1rtak sikerrel a Bolh\u00e1k - Vasas n\u0151i kos\u00e1rlabda<\/title>\n<meta name=\"robots\" content=\"index, follow, max-snippet:-1, max-image-preview:large, max-video-preview:-1\" \/>\n<link rel=\"canonical\" href=\"https:\/\/vasasbasket.hu\/index.php\/ezuttal-nem-jartak-sikerrel-a-bolhak\/\" \/>\n<meta property=\"og:locale\" content=\"hu_HU\" \/>\n<meta property=\"og:type\" content=\"article\" \/>\n<meta property=\"og:title\" content=\"Ez\u00fattal nem j\u00e1rtak sikerrel a Bolh\u00e1k - Vasas n\u0151i kos\u00e1rlabda\" \/>\n<meta property=\"og:description\" content=\"K\u00e9t m\u00e9rk\u0151z\u00e9st is j\u00e1tszottak h\u00e9tv\u00e9g\u00e9n az U12-es Vasas Bolh\u00e1k a Camugo Sportcsarnokban, l\u00e1nyaink a Csata Vill\u00e1m \u00e9s a BSC Le\u00e1ny\/A ellen l\u00e9ptek p\u00e1ly\u00e1ra. Mindk\u00e9t tal\u00e1lkoz\u00f3n lassan tudtuk felvenni a ritmust, a kialakult h\u00e1tr\u00e1nyt pedig nem tudtuk ledolgozni. Az els\u0151 f\u00e9lid\u0151nk sajnos r\u00e1ment a m\u00e9rk\u0151z\u00e9sre val\u00f3 r\u00e1hangol\u00f3d\u00e1sra, a nagysz\u00fcnet ut\u00e1n viszont k\u00e9t nagyon j\u00f3 \u00e9s hasznos...\" \/>\n<meta property=\"og:url\" content=\"https:\/\/vasasbasket.hu\/index.php\/ezuttal-nem-jartak-sikerrel-a-bolhak\/\" \/>\n<meta property=\"og:site_name\" content=\"Vasas n\u0151i kos\u00e1rlabda\" \/>\n<meta property=\"article:publisher\" content=\"https:\/\/www.facebook.com\/vasaswbasket\/\" \/>\n<meta property=\"article:published_time\" content=\"2025-12-01T07:41:20+00:00\" \/>\n<meta property=\"og:image\" content=\"https:\/\/vasasbasket.hu\/wp-content\/uploads\/2025\/12\/IMG_6730-1-scaled.jpeg\" \/>\n\t<meta property=\"og:image:width\" content=\"2560\" \/>\n\t<meta property=\"og:image:height\" content=\"1920\" \/>\n\t<meta property=\"og:image:type\" content=\"image\/jpeg\" \/>\n<meta name=\"author\" content=\"Staszelis Rafal\" \/>\n<meta name=\"twitter:card\" content=\"summary_large_image\" \/>\n<meta name=\"twitter:label1\" content=\"Szerz\u0151:\" \/>\n\t<meta name=\"twitter:data1\" content=\"Staszelis Rafal\" \/>\n\t<meta name=\"twitter:label2\" content=\"Becs\u00fclt olvas\u00e1si id\u0151\" \/>\n\t<meta name=\"twitter:data2\" content=\"2 perc\" \/>\n<script type=\"application\/ld+json\" class=\"yoast-schema-graph\">{\"@context\":\"https:\/\/schema.org\",\"@graph\":[{\"@type\":\"Article\",\"@id\":\"https:\/\/vasasbasket.hu\/index.php\/ezuttal-nem-jartak-sikerrel-a-bolhak\/#article\",\"isPartOf\":{\"@id\":\"https:\/\/vasasbasket.hu\/index.php\/ezuttal-nem-jartak-sikerrel-a-bolhak\/\"},\"author\":{\"name\":\"Staszelis Rafal\",\"@id\":\"https:\/\/vasasbasket.hu\/#\/schema\/person\/cce3d40284d729c98742af771668678b\"},\"headline\":\"Ez\u00fattal nem j\u00e1rtak sikerrel a Bolh\u00e1k\",\"datePublished\":\"2025-12-01T07:41:20+00:00\",\"mainEntityOfPage\":{\"@id\":\"https:\/\/vasasbasket.hu\/index.php\/ezuttal-nem-jartak-sikerrel-a-bolhak\/\"},\"wordCount\":423,\"publisher\":{\"@id\":\"https:\/\/vasasbasket.hu\/#organization\"},\"image\":{\"@id\":\"https:\/\/vasasbasket.hu\/index.php\/ezuttal-nem-jartak-sikerrel-a-bolhak\/#primaryimage\"},\"thumbnailUrl\":\"https:\/\/vasasbasket.hu\/wp-content\/uploads\/2025\/12\/IMG_6730-1-scaled.jpeg\",\"articleSection\":[\"Gyerek\",\"\u00d6sszes H\u00edr\"],\"inLanguage\":\"hu\"},{\"@type\":\"WebPage\",\"@id\":\"https:\/\/vasasbasket.hu\/index.php\/ezuttal-nem-jartak-sikerrel-a-bolhak\/\",\"url\":\"https:\/\/vasasbasket.hu\/index.php\/ezuttal-nem-jartak-sikerrel-a-bolhak\/\",\"name\":\"Ez\u00fattal nem j\u00e1rtak sikerrel a Bolh\u00e1k - Vasas n\u0151i kos\u00e1rlabda\",\"isPartOf\":{\"@id\":\"https:\/\/vasasbasket.hu\/#website\"},\"primaryImageOfPage\":{\"@id\":\"https:\/\/vasasbasket.hu\/index.php\/ezuttal-nem-jartak-sikerrel-a-bolhak\/#primaryimage\"},\"image\":{\"@id\":\"https:\/\/vasasbasket.hu\/index.php\/ezuttal-nem-jartak-sikerrel-a-bolhak\/#primaryimage\"},\"thumbnailUrl\":\"https:\/\/vasasbasket.hu\/wp-content\/uploads\/2025\/12\/IMG_6730-1-scaled.jpeg\",\"datePublished\":\"2025-12-01T07:41:20+00:00\",\"breadcrumb\":{\"@id\":\"https:\/\/vasasbasket.hu\/index.php\/ezuttal-nem-jartak-sikerrel-a-bolhak\/#breadcrumb\"},\"inLanguage\":\"hu\",\"potentialAction\":[{\"@type\":\"ReadAction\",\"target\":[\"https:\/\/vasasbasket.hu\/index.php\/ezuttal-nem-jartak-sikerrel-a-bolhak\/\"]}]},{\"@type\":\"ImageObject\",\"inLanguage\":\"hu\",\"@id\":\"https:\/\/vasasbasket.hu\/index.php\/ezuttal-nem-jartak-sikerrel-a-bolhak\/#primaryimage\",\"url\":\"https:\/\/vasasbasket.hu\/wp-content\/uploads\/2025\/12\/IMG_6730-1-scaled.jpeg\",\"contentUrl\":\"https:\/\/vasasbasket.hu\/wp-content\/uploads\/2025\/12\/IMG_6730-1-scaled.jpeg\",\"width\":2560,\"height\":1920},{\"@type\":\"BreadcrumbList\",\"@id\":\"https:\/\/vasasbasket.hu\/index.php\/ezuttal-nem-jartak-sikerrel-a-bolhak\/#breadcrumb\",\"itemListElement\":[{\"@type\":\"ListItem\",\"position\":1,\"name\":\"Kezd\u0151lap\",\"item\":\"https:\/\/vasasbasket.hu\/\"},{\"@type\":\"ListItem\",\"position\":2,\"name\":\"Ez\u00fattal nem j\u00e1rtak sikerrel a Bolh\u00e1k\"}]},{\"@type\":\"WebSite\",\"@id\":\"https:\/\/vasasbasket.hu\/#website\",\"url\":\"https:\/\/vasasbasket.hu\/\",\"name\":\"Vasas n\u0151i kos\u00e1rlabda\",\"description\":\"Vasas Basket N\u0151i\",\"publisher\":{\"@id\":\"https:\/\/vasasbasket.hu\/#organization\"},\"potentialAction\":[{\"@type\":\"SearchAction\",\"target\":{\"@type\":\"EntryPoint\",\"urlTemplate\":\"https:\/\/vasasbasket.hu\/?s={search_term_string}\"},\"query-input\":{\"@type\":\"PropertyValueSpecification\",\"valueRequired\":true,\"valueName\":\"search_term_string\"}}],\"inLanguage\":\"hu\"},{\"@type\":\"Organization\",\"@id\":\"https:\/\/vasasbasket.hu\/#organization\",\"name\":\"Vasas n\u0151i kos\u00e1rlabda\",\"url\":\"https:\/\/vasasbasket.hu\/\",\"logo\":{\"@type\":\"ImageObject\",\"inLanguage\":\"hu\",\"@id\":\"https:\/\/vasasbasket.hu\/#\/schema\/logo\/image\/\",\"url\":\"https:\/\/vasasbasket.hu\/wp-content\/uploads\/2017\/03\/vasas_cimer_1200.jpg\",\"contentUrl\":\"https:\/\/vasasbasket.hu\/wp-content\/uploads\/2017\/03\/vasas_cimer_1200.jpg\",\"width\":1200,\"height\":1200,\"caption\":\"Vasas n\u0151i kos\u00e1rlabda\"},\"image\":{\"@id\":\"https:\/\/vasasbasket.hu\/#\/schema\/logo\/image\/\"},\"sameAs\":[\"https:\/\/www.facebook.com\/vasaswbasket\/\"]},{\"@type\":\"Person\",\"@id\":\"https:\/\/vasasbasket.hu\/#\/schema\/person\/cce3d40284d729c98742af771668678b\",\"name\":\"Staszelis Rafal\",\"image\":{\"@type\":\"ImageObject\",\"inLanguage\":\"hu\",\"@id\":\"https:\/\/vasasbasket.hu\/#\/schema\/person\/image\/\",\"url\":\"https:\/\/secure.gravatar.com\/avatar\/dd648a2eae6e2ec122d87922ad625d8e10c16f8a8b4c7ab41bd9614806a230bb?s=96&d=mm&r=g\",\"contentUrl\":\"https:\/\/secure.gravatar.com\/avatar\/dd648a2eae6e2ec122d87922ad625d8e10c16f8a8b4c7ab41bd9614806a230bb?s=96&d=mm&r=g\",\"caption\":\"Staszelis Rafal\"},\"url\":\"https:\/\/vasasbasket.hu\/index.php\/author\/rafi\/\"}]}<\/script>\n<!-- \/ Yoast SEO plugin. -->","yoast_head_json":{"title":"Ez\u00fattal nem j\u00e1rtak sikerrel a Bolh\u00e1k - Vasas n\u0151i kos\u00e1rlabda","robots":{"index":"index","follow":"follow","max-snippet":"max-snippet:-1","max-image-preview":"max-image-preview:large","max-video-preview":"max-video-preview:-1"},"canonical":"https:\/\/vasasbasket.hu\/index.php\/ezuttal-nem-jartak-sikerrel-a-bolhak\/","og_locale":"hu_HU","og_type":"article","og_title":"Ez\u00fattal nem j\u00e1rtak sikerrel a Bolh\u00e1k - Vasas n\u0151i kos\u00e1rlabda","og_description":"K\u00e9t m\u00e9rk\u0151z\u00e9st is j\u00e1tszottak h\u00e9tv\u00e9g\u00e9n az U12-es Vasas Bolh\u00e1k a Camugo Sportcsarnokban, l\u00e1nyaink a Csata Vill\u00e1m \u00e9s a BSC Le\u00e1ny\/A ellen l\u00e9ptek p\u00e1ly\u00e1ra. Mindk\u00e9t tal\u00e1lkoz\u00f3n lassan tudtuk felvenni a ritmust, a kialakult h\u00e1tr\u00e1nyt pedig nem tudtuk ledolgozni. Az els\u0151 f\u00e9lid\u0151nk sajnos r\u00e1ment a m\u00e9rk\u0151z\u00e9sre val\u00f3 r\u00e1hangol\u00f3d\u00e1sra, a nagysz\u00fcnet ut\u00e1n viszont k\u00e9t nagyon j\u00f3 \u00e9s hasznos...","og_url":"https:\/\/vasasbasket.hu\/index.php\/ezuttal-nem-jartak-sikerrel-a-bolhak\/","og_site_name":"Vasas n\u0151i kos\u00e1rlabda","article_publisher":"https:\/\/www.facebook.com\/vasaswbasket\/","article_published_time":"2025-12-01T07:41:20+00:00","og_image":[{"width":2560,"height":1920,"url":"https:\/\/vasasbasket.hu\/wp-content\/uploads\/2025\/12\/IMG_6730-1-scaled.jpeg","type":"image\/jpeg"}],"author":"Staszelis Rafal","twitter_card":"summary_large_image","twitter_misc":{"Szerz\u0151:":"Staszelis Rafal","Becs\u00fclt olvas\u00e1si id\u0151":"2 perc"},"schema":{"@context":"https:\/\/schema.org","@graph":[{"@type":"Article","@id":"https:\/\/vasasbasket.hu\/index.php\/ezuttal-nem-jartak-sikerrel-a-bolhak\/#article","isPartOf":{"@id":"https:\/\/vasasbasket.hu\/index.php\/ezuttal-nem-jartak-sikerrel-a-bolhak\/"},"author":{"name":"Staszelis Rafal","@id":"https:\/\/vasasbasket.hu\/#\/schema\/person\/cce3d40284d729c98742af771668678b"},"headline":"Ez\u00fattal nem j\u00e1rtak sikerrel a Bolh\u00e1k","datePublished":"2025-12-01T07:41:20+00:00","mainEntityOfPage":{"@id":"https:\/\/vasasbasket.hu\/index.php\/ezuttal-nem-jartak-sikerrel-a-bolhak\/"},"wordCount":423,"publisher":{"@id":"https:\/\/vasasbasket.hu\/#organization"},"image":{"@id":"https:\/\/vasasbasket.hu\/index.php\/ezuttal-nem-jartak-sikerrel-a-bolhak\/#primaryimage"},"thumbnailUrl":"https:\/\/vasasbasket.hu\/wp-content\/uploads\/2025\/12\/IMG_6730-1-scaled.jpeg","articleSection":["Gyerek","\u00d6sszes H\u00edr"],"inLanguage":"hu"},{"@type":"WebPage","@id":"https:\/\/vasasbasket.hu\/index.php\/ezuttal-nem-jartak-sikerrel-a-bolhak\/","url":"https:\/\/vasasbasket.hu\/index.php\/ezuttal-nem-jartak-sikerrel-a-bolhak\/","name":"Ez\u00fattal nem j\u00e1rtak sikerrel a Bolh\u00e1k - Vasas n\u0151i kos\u00e1rlabda","isPartOf":{"@id":"https:\/\/vasasbasket.hu\/#website"},"primaryImageOfPage":{"@id":"https:\/\/vasasbasket.hu\/index.php\/ezuttal-nem-jartak-sikerrel-a-bolhak\/#primaryimage"},"image":{"@id":"https:\/\/vasasbasket.hu\/index.php\/ezuttal-nem-jartak-sikerrel-a-bolhak\/#primaryimage"},"thumbnailUrl":"https:\/\/vasasbasket.hu\/wp-content\/uploads\/2025\/12\/IMG_6730-1-scaled.jpeg","datePublished":"2025-12-01T07:41:20+00:00","breadcrumb":{"@id":"https:\/\/vasasbasket.hu\/index.php\/ezuttal-nem-jartak-sikerrel-a-bolhak\/#breadcrumb"},"inLanguage":"hu","potentialAction":[{"@type":"ReadAction","target":["https:\/\/vasasbasket.hu\/index.php\/ezuttal-nem-jartak-sikerrel-a-bolhak\/"]}]},{"@type":"ImageObject","inLanguage":"hu","@id":"https:\/\/vasasbasket.hu\/index.php\/ezuttal-nem-jartak-sikerrel-a-bolhak\/#primaryimage","url":"https:\/\/vasasbasket.hu\/wp-content\/uploads\/2025\/12\/IMG_6730-1-scaled.jpeg","contentUrl":"https:\/\/vasasbasket.hu\/wp-content\/uploads\/2025\/12\/IMG_6730-1-scaled.jpeg","width":2560,"height":1920},{"@type":"BreadcrumbList","@id":"https:\/\/vasasbasket.hu\/index.php\/ezuttal-nem-jartak-sikerrel-a-bolhak\/#breadcrumb","itemListElement":[{"@type":"ListItem","position":1,"name":"Kezd\u0151lap","item":"https:\/\/vasasbasket.hu\/"},{"@type":"ListItem","position":2,"name":"Ez\u00fattal nem j\u00e1rtak sikerrel a Bolh\u00e1k"}]},{"@type":"WebSite","@id":"https:\/\/vasasbasket.hu\/#website","url":"https:\/\/vasasbasket.hu\/","name":"Vasas n\u0151i kos\u00e1rlabda","description":"Vasas Basket N\u0151i","publisher":{"@id":"https:\/\/vasasbasket.hu\/#organization"},"potentialAction":[{"@type":"SearchAction","target":{"@type":"EntryPoint","urlTemplate":"https:\/\/vasasbasket.hu\/?s={search_term_string}"},"query-input":{"@type":"PropertyValueSpecification","valueRequired":true,"valueName":"search_term_string"}}],"inLanguage":"hu"},{"@type":"Organization","@id":"https:\/\/vasasbasket.hu\/#organization","name":"Vasas n\u0151i kos\u00e1rlabda","url":"https:\/\/vasasbasket.hu\/","logo":{"@type":"ImageObject","inLanguage":"hu","@id":"https:\/\/vasasbasket.hu\/#\/schema\/logo\/image\/","url":"https:\/\/vasasbasket.hu\/wp-content\/uploads\/2017\/03\/vasas_cimer_1200.jpg","contentUrl":"https:\/\/vasasbasket.hu\/wp-content\/uploads\/2017\/03\/vasas_cimer_1200.jpg","width":1200,"height":1200,"caption":"Vasas n\u0151i kos\u00e1rlabda"},"image":{"@id":"https:\/\/vasasbasket.hu\/#\/schema\/logo\/image\/"},"sameAs":["https:\/\/www.facebook.com\/vasaswbasket\/"]},{"@type":"Person","@id":"https:\/\/vasasbasket.hu\/#\/schema\/person\/cce3d40284d729c98742af771668678b","name":"Staszelis Rafal","image":{"@type":"ImageObject","inLanguage":"hu","@id":"https:\/\/vasasbasket.hu\/#\/schema\/person\/image\/","url":"https:\/\/secure.gravatar.com\/avatar\/dd648a2eae6e2ec122d87922ad625d8e10c16f8a8b4c7ab41bd9614806a230bb?s=96&d=mm&r=g","contentUrl":"https:\/\/secure.gravatar.com\/avatar\/dd648a2eae6e2ec122d87922ad625d8e10c16f8a8b4c7ab41bd9614806a230bb?s=96&d=mm&r=g","caption":"Staszelis Rafal"},"url":"https:\/\/vasasbasket.hu\/index.php\/author\/rafi\/"}]}},"_links":{"self":[{"href":"https:\/\/vasasbasket.hu\/index.php\/wp-json\/wp\/v2\/posts\/16039","targetHints":{"allow":["GET"]}}],"collection":[{"href":"https:\/\/vasasbasket.hu\/index.php\/wp-json\/wp\/v2\/posts"}],"about":[{"href":"https:\/\/vasasbasket.hu\/index.php\/wp-json\/wp\/v2\/types\/post"}],"author":[{"embeddable":true,"href":"https:\/\/vasasbasket.hu\/index.php\/wp-json\/wp\/v2\/users\/3"}],"replies":[{"embeddable":true,"href":"https:\/\/vasasbasket.hu\/index.php\/wp-json\/wp\/v2\/comments?post=16039"}],"version-history":[{"count":1,"href":"https:\/\/vasasbasket.hu\/index.php\/wp-json\/wp\/v2\/posts\/16039\/revisions"}],"predecessor-version":[{"id":16042,"href":"https:\/\/vasasbasket.hu\/index.php\/wp-json\/wp\/v2\/posts\/16039\/revisions\/16042"}],"wp:featuredmedia":[{"embeddable":true,"href":"https:\/\/vasasbasket.hu\/index.php\/wp-json\/wp\/v2\/media\/16041"}],"wp:attachment":[{"href":"https:\/\/vasasbasket.hu\/index.php\/wp-json\/wp\/v2\/media?parent=16039"}],"wp:term":[{"taxonomy":"category","embeddable":true,"href":"https:\/\/vasasbasket.hu\/index.php\/wp-json\/wp\/v2\/categories?post=16039"},{"taxonomy":"post_tag","embeddable":true,"href":"https:\/\/vasasbasket.hu\/index.php\/wp-json\/wp\/v2\/tags?post=16039"}],"curies":[{"name":"wp","href":"https:\/\/api.w.org\/{rel}","templated":true}]}}