{"id":15980,"date":"2025-11-18T14:57:22","date_gmt":"2025-11-18T14:57:22","guid":{"rendered":"https:\/\/vasasbasket.hu\/?p=15980"},"modified":"2025-11-18T14:57:22","modified_gmt":"2025-11-18T14:57:22","slug":"izgalmas-hetveget-zartak","status":"publish","type":"post","link":"https:\/\/vasasbasket.hu\/index.php\/izgalmas-hetveget-zartak\/","title":{"rendered":"Izgalmas h\u00e9tv\u00e9g\u00e9t z\u00e1rtak"},"content":{"rendered":"<p><strong>Serd\u00fcl\u0151\/B csapatunk k\u00e9t m\u00e9rk\u0151z\u00e9st j\u00e1tszott szombaton a bajnoks\u00e1g 3. fordul\u00f3j\u00e1n. J\u00f3l vett\u00e9k a rajtot fiataljaink, a kisebb hull\u00e1mv\u00f6lgyek ellen\u00e9re siker\u00fclt legy\u0151zni a F\u00f3t SE\/A egy\u00fcttes\u00e9t, a Szolnoki Sportcentrum\/A ellen azonban m\u00e1r a f\u00e1radts\u00e1g is kezdett \u00farr\u00e1 lenni l\u00e1nyainkon.<\/strong><\/p>\n<p><em>Nagy \u00f6r\u00f6m\u00fcnkre a csapatnak siker\u00fclt r\u00e1hangol\u00f3dnia a m\u00e9rk\u0151z\u00e9sre \u00e9s azt a form\u00e1j\u00e1t mutatnia, mellyel meg is lehet azt nyerni. B\u00edzom benne, hogy ez az eredm\u00e9ny is igazolja a l\u00e1nyoknak azt, hogy a megfelel\u0151 hozz\u00e1\u00e1ll\u00e1s mellett lehet el\u0151re l\u00e9pni \u00e9s fejl\u0151dni. T\u00f6bbsz\u00f6r nagyobb el\u0151nyre tett\u00fcnk szert, amit az ellenf\u00e9lnek siker\u00fclt ledolgoznia, meg kell tanulnunk az utols\u00f3 percig a maximumot ny\u00fajtani, \u00e9s nem kiengedni az ir\u00e1ny\u00edt\u00e1st a kez\u00fcnkb\u0151l. Emellett sz\u00edvb\u0151l gratul\u00e1lok a l\u00e1nyoknak, mert a mindennapos munk\u00e1jukr\u00f3l ez a gy\u0151zelem egy pozit\u00edv visszacsatol\u00e1s<\/em> &#8211; mondta a csapat edz\u0151je, Csomor Fl\u00f3ra.<\/p>\n<p><strong>F\u00f3t SE\/A \u2013 Vasas Akad\u00e9mia\/B 55-60<\/strong> (13-13, 9-10, 15-16, 18-21)<br \/>\n<em>Pontszerz\u0151k:<\/em><br \/>\n<strong>Vasas Akad\u00e9mia:<\/strong>\u00a0Bog\u00e1r Berta 11, Dem\u00e9ny-Kapusy Lola, Herman S\u00e1ra 4, Izing Fl\u00f3ra 2, K\u00f3r\u00f3s Panna 14, L\u00e9vai Janka 6\/3, Martinovits Anna Viola 10, N\u00e9meth Julianna 2, R\u00f3zsa Nat\u00e1lia 2, Szeb\u00e9nyi R\u00f3za, Tak\u00e1cs Hanna 4, T\u00f6r\u0151 Zorka 5<\/p>\n<p><em>Siker\u00fclt megfelel\u0151 sportol\u00f3i hozz\u00e1\u00e1ll\u00e1st mutatnunk a m\u00e1sodik m\u00e9rk\u0151z\u00e9s\u00fcnk\u00f6n is, hiszen a f\u00e1radts\u00e1g \u00e9s neh\u00e9zs\u00e9gek ellen\u00e9re m\u00e9lt\u00f3 ellenfelei voltunk a szolnoki egy\u00fcttesnek. K\u00fcl\u00f6n\u00f6sen \u00f6r\u00fcl\u00f6k annak, hogy egyes j\u00e1t\u00e9kosok k\u00e9pesek voltak t\u00fallend\u00fclni az els\u0151 meccs okozta m\u00e9lypontjukon is, \u00e9s azt h\u00e1trahagyva hasznos szerepl\u0151iv\u00e9 v\u00e1ltak. Dolgozunk tov\u00e1bb \u00e9s azon lesz\u00fcnk, hogy m\u00e9g k\u00f6zelebb tudjunk f\u00e9rk\u0151zni az ellenfel\u00fcnkh\u00f6z a k\u00f6vetkez\u0151 alkalommal<\/em> &#8211; \u00e9rt\u00e9kelt Csomor Fl\u00f3ra.<\/p>\n<p><strong>Vasas Akad\u00e9mia\/B \u2013 Szolnoki Sportcentrum\/A 56-78<\/strong> (10-15, 17-21, 12-16, 17-26)<br \/>\n<em>Pontszerz\u0151k:<\/em><br \/>\n<strong>Vasas Akad\u00e9mia:<\/strong>Bog\u00e1r Berta 10, Dem\u00e9ny-Kapusy Lola, Egri Tara 2, Herman S\u00e1ra 6, Izing Fl\u00f3ra, K\u00f3r\u00f3s Panna 6, L\u00e9vai Janka 10, Martinovits Anna Viola 11, N\u00e9meth Julianna 2, Tak\u00e1cs Hanna 2, Tompa Fruzsina 2, T\u00f6r\u0151 Zorka 5<\/p>\n<p><img loading=\"lazy\" decoding=\"async\" class=\" wp-image-15984 aligncenter\" src=\"https:\/\/vasasbasket.hu\/wp-content\/uploads\/2025\/11\/image2-1-scaled.jpeg\" alt=\"\" width=\"1200\" height=\"899\" srcset=\"https:\/\/vasasbasket.hu\/wp-content\/uploads\/2025\/11\/image2-1-scaled.jpeg 2560w, https:\/\/vasasbasket.hu\/wp-content\/uploads\/2025\/11\/image2-1-300x225.jpeg 300w, https:\/\/vasasbasket.hu\/wp-content\/uploads\/2025\/11\/image2-1-1024x768.jpeg 1024w, https:\/\/vasasbasket.hu\/wp-content\/uploads\/2025\/11\/image2-1-768x576.jpeg 768w, https:\/\/vasasbasket.hu\/wp-content\/uploads\/2025\/11\/image2-1-1536x1152.jpeg 1536w, https:\/\/vasasbasket.hu\/wp-content\/uploads\/2025\/11\/image2-1-2048x1536.jpeg 2048w, https:\/\/vasasbasket.hu\/wp-content\/uploads\/2025\/11\/image2-1-128x96.jpeg 128w, https:\/\/vasasbasket.hu\/wp-content\/uploads\/2025\/11\/image2-1-32x24.jpeg 32w, https:\/\/vasasbasket.hu\/wp-content\/uploads\/2025\/11\/image2-1-98x74.jpeg 98w, https:\/\/vasasbasket.hu\/wp-content\/uploads\/2025\/11\/image2-1-160x120.jpeg 160w, https:\/\/vasasbasket.hu\/wp-content\/uploads\/2025\/11\/image2-1-570x428.jpeg 570w, https:\/\/vasasbasket.hu\/wp-content\/uploads\/2025\/11\/image2-1-440x330.jpeg 440w\" sizes=\"auto, (max-width: 1200px) 100vw, 1200px\" \/><\/p>\n","protected":false},"excerpt":{"rendered":"<p>Serd\u00fcl\u0151\/B csapatunk k\u00e9t m\u00e9rk\u0151z\u00e9st j\u00e1tszott szombaton a bajnoks\u00e1g 3. fordul\u00f3j\u00e1n. J\u00f3l vett\u00e9k a rajtot fiataljaink, a kisebb hull\u00e1mv\u00f6lgyek ellen\u00e9re siker\u00fclt legy\u0151zni a F\u00f3t SE\/A egy\u00fcttes\u00e9t, a Szolnoki Sportcentrum\/A ellen azonban m\u00e1r a f\u00e1radts\u00e1g is kezdett \u00farr\u00e1 lenni l\u00e1nyainkon. Nagy \u00f6r\u00f6m\u00fcnkre a csapatnak siker\u00fclt r\u00e1hangol\u00f3dnia a m\u00e9rk\u0151z\u00e9sre \u00e9s azt a form\u00e1j\u00e1t mutatnia, mellyel meg is lehet&#8230;<\/p>\n","protected":false},"author":3,"featured_media":15983,"comment_status":"closed","ping_status":"closed","sticky":false,"template":"","format":"standard","meta":{"footnotes":""},"categories":[73,92],"tags":[],"class_list":["post-15980","post","type-post","status-publish","format-standard","has-post-thumbnail","hentry","category-gyerek","category-hirek"],"yoast_head":"<!-- This site is optimized with the Yoast SEO plugin v26.0 - https:\/\/yoast.com\/wordpress\/plugins\/seo\/ -->\n<title>Izgalmas h\u00e9tv\u00e9g\u00e9t z\u00e1rtak - Vasas n\u0151i kos\u00e1rlabda<\/title>\n<meta name=\"robots\" content=\"index, follow, max-snippet:-1, max-image-preview:large, max-video-preview:-1\" \/>\n<link rel=\"canonical\" href=\"https:\/\/vasasbasket.hu\/index.php\/izgalmas-hetveget-zartak\/\" \/>\n<meta property=\"og:locale\" content=\"hu_HU\" \/>\n<meta property=\"og:type\" content=\"article\" \/>\n<meta property=\"og:title\" content=\"Izgalmas h\u00e9tv\u00e9g\u00e9t z\u00e1rtak - Vasas n\u0151i kos\u00e1rlabda\" \/>\n<meta property=\"og:description\" content=\"Serd\u00fcl\u0151\/B csapatunk k\u00e9t m\u00e9rk\u0151z\u00e9st j\u00e1tszott szombaton a bajnoks\u00e1g 3. fordul\u00f3j\u00e1n. J\u00f3l vett\u00e9k a rajtot fiataljaink, a kisebb hull\u00e1mv\u00f6lgyek ellen\u00e9re siker\u00fclt legy\u0151zni a F\u00f3t SE\/A egy\u00fcttes\u00e9t, a Szolnoki Sportcentrum\/A ellen azonban m\u00e1r a f\u00e1radts\u00e1g is kezdett \u00farr\u00e1 lenni l\u00e1nyainkon. Nagy \u00f6r\u00f6m\u00fcnkre a csapatnak siker\u00fclt r\u00e1hangol\u00f3dnia a m\u00e9rk\u0151z\u00e9sre \u00e9s azt a form\u00e1j\u00e1t mutatnia, mellyel meg is lehet...\" \/>\n<meta property=\"og:url\" content=\"https:\/\/vasasbasket.hu\/index.php\/izgalmas-hetveget-zartak\/\" \/>\n<meta property=\"og:site_name\" content=\"Vasas n\u0151i kos\u00e1rlabda\" \/>\n<meta property=\"article:publisher\" content=\"https:\/\/www.facebook.com\/vasaswbasket\/\" \/>\n<meta property=\"article:published_time\" content=\"2025-11-18T14:57:22+00:00\" \/>\n<meta property=\"og:image\" content=\"https:\/\/vasasbasket.hu\/wp-content\/uploads\/2025\/11\/image1-1-scaled.jpeg\" \/>\n\t<meta property=\"og:image:width\" content=\"2560\" \/>\n\t<meta property=\"og:image:height\" content=\"1920\" \/>\n\t<meta property=\"og:image:type\" content=\"image\/jpeg\" \/>\n<meta name=\"author\" content=\"Staszelis Rafal\" \/>\n<meta name=\"twitter:card\" content=\"summary_large_image\" \/>\n<meta name=\"twitter:label1\" content=\"Szerz\u0151:\" \/>\n\t<meta name=\"twitter:data1\" content=\"Staszelis Rafal\" \/>\n\t<meta name=\"twitter:label2\" content=\"Becs\u00fclt olvas\u00e1si id\u0151\" \/>\n\t<meta name=\"twitter:data2\" content=\"2 perc\" \/>\n<script type=\"application\/ld+json\" class=\"yoast-schema-graph\">{\"@context\":\"https:\/\/schema.org\",\"@graph\":[{\"@type\":\"Article\",\"@id\":\"https:\/\/vasasbasket.hu\/index.php\/izgalmas-hetveget-zartak\/#article\",\"isPartOf\":{\"@id\":\"https:\/\/vasasbasket.hu\/index.php\/izgalmas-hetveget-zartak\/\"},\"author\":{\"name\":\"Staszelis Rafal\",\"@id\":\"https:\/\/vasasbasket.hu\/#\/schema\/person\/cce3d40284d729c98742af771668678b\"},\"headline\":\"Izgalmas h\u00e9tv\u00e9g\u00e9t z\u00e1rtak\",\"datePublished\":\"2025-11-18T14:57:22+00:00\",\"mainEntityOfPage\":{\"@id\":\"https:\/\/vasasbasket.hu\/index.php\/izgalmas-hetveget-zartak\/\"},\"wordCount\":411,\"publisher\":{\"@id\":\"https:\/\/vasasbasket.hu\/#organization\"},\"image\":{\"@id\":\"https:\/\/vasasbasket.hu\/index.php\/izgalmas-hetveget-zartak\/#primaryimage\"},\"thumbnailUrl\":\"https:\/\/vasasbasket.hu\/wp-content\/uploads\/2025\/11\/image1-1-scaled.jpeg\",\"articleSection\":[\"Gyerek\",\"\u00d6sszes H\u00edr\"],\"inLanguage\":\"hu\"},{\"@type\":\"WebPage\",\"@id\":\"https:\/\/vasasbasket.hu\/index.php\/izgalmas-hetveget-zartak\/\",\"url\":\"https:\/\/vasasbasket.hu\/index.php\/izgalmas-hetveget-zartak\/\",\"name\":\"Izgalmas h\u00e9tv\u00e9g\u00e9t z\u00e1rtak - Vasas n\u0151i kos\u00e1rlabda\",\"isPartOf\":{\"@id\":\"https:\/\/vasasbasket.hu\/#website\"},\"primaryImageOfPage\":{\"@id\":\"https:\/\/vasasbasket.hu\/index.php\/izgalmas-hetveget-zartak\/#primaryimage\"},\"image\":{\"@id\":\"https:\/\/vasasbasket.hu\/index.php\/izgalmas-hetveget-zartak\/#primaryimage\"},\"thumbnailUrl\":\"https:\/\/vasasbasket.hu\/wp-content\/uploads\/2025\/11\/image1-1-scaled.jpeg\",\"datePublished\":\"2025-11-18T14:57:22+00:00\",\"breadcrumb\":{\"@id\":\"https:\/\/vasasbasket.hu\/index.php\/izgalmas-hetveget-zartak\/#breadcrumb\"},\"inLanguage\":\"hu\",\"potentialAction\":[{\"@type\":\"ReadAction\",\"target\":[\"https:\/\/vasasbasket.hu\/index.php\/izgalmas-hetveget-zartak\/\"]}]},{\"@type\":\"ImageObject\",\"inLanguage\":\"hu\",\"@id\":\"https:\/\/vasasbasket.hu\/index.php\/izgalmas-hetveget-zartak\/#primaryimage\",\"url\":\"https:\/\/vasasbasket.hu\/wp-content\/uploads\/2025\/11\/image1-1-scaled.jpeg\",\"contentUrl\":\"https:\/\/vasasbasket.hu\/wp-content\/uploads\/2025\/11\/image1-1-scaled.jpeg\",\"width\":2560,\"height\":1920},{\"@type\":\"BreadcrumbList\",\"@id\":\"https:\/\/vasasbasket.hu\/index.php\/izgalmas-hetveget-zartak\/#breadcrumb\",\"itemListElement\":[{\"@type\":\"ListItem\",\"position\":1,\"name\":\"Kezd\u0151lap\",\"item\":\"https:\/\/vasasbasket.hu\/\"},{\"@type\":\"ListItem\",\"position\":2,\"name\":\"Izgalmas h\u00e9tv\u00e9g\u00e9t z\u00e1rtak\"}]},{\"@type\":\"WebSite\",\"@id\":\"https:\/\/vasasbasket.hu\/#website\",\"url\":\"https:\/\/vasasbasket.hu\/\",\"name\":\"Vasas n\u0151i kos\u00e1rlabda\",\"description\":\"Vasas Basket N\u0151i\",\"publisher\":{\"@id\":\"https:\/\/vasasbasket.hu\/#organization\"},\"potentialAction\":[{\"@type\":\"SearchAction\",\"target\":{\"@type\":\"EntryPoint\",\"urlTemplate\":\"https:\/\/vasasbasket.hu\/?s={search_term_string}\"},\"query-input\":{\"@type\":\"PropertyValueSpecification\",\"valueRequired\":true,\"valueName\":\"search_term_string\"}}],\"inLanguage\":\"hu\"},{\"@type\":\"Organization\",\"@id\":\"https:\/\/vasasbasket.hu\/#organization\",\"name\":\"Vasas n\u0151i kos\u00e1rlabda\",\"url\":\"https:\/\/vasasbasket.hu\/\",\"logo\":{\"@type\":\"ImageObject\",\"inLanguage\":\"hu\",\"@id\":\"https:\/\/vasasbasket.hu\/#\/schema\/logo\/image\/\",\"url\":\"https:\/\/vasasbasket.hu\/wp-content\/uploads\/2017\/03\/vasas_cimer_1200.jpg\",\"contentUrl\":\"https:\/\/vasasbasket.hu\/wp-content\/uploads\/2017\/03\/vasas_cimer_1200.jpg\",\"width\":1200,\"height\":1200,\"caption\":\"Vasas n\u0151i kos\u00e1rlabda\"},\"image\":{\"@id\":\"https:\/\/vasasbasket.hu\/#\/schema\/logo\/image\/\"},\"sameAs\":[\"https:\/\/www.facebook.com\/vasaswbasket\/\"]},{\"@type\":\"Person\",\"@id\":\"https:\/\/vasasbasket.hu\/#\/schema\/person\/cce3d40284d729c98742af771668678b\",\"name\":\"Staszelis Rafal\",\"image\":{\"@type\":\"ImageObject\",\"inLanguage\":\"hu\",\"@id\":\"https:\/\/vasasbasket.hu\/#\/schema\/person\/image\/\",\"url\":\"https:\/\/secure.gravatar.com\/avatar\/dd648a2eae6e2ec122d87922ad625d8e10c16f8a8b4c7ab41bd9614806a230bb?s=96&d=mm&r=g\",\"contentUrl\":\"https:\/\/secure.gravatar.com\/avatar\/dd648a2eae6e2ec122d87922ad625d8e10c16f8a8b4c7ab41bd9614806a230bb?s=96&d=mm&r=g\",\"caption\":\"Staszelis Rafal\"},\"url\":\"https:\/\/vasasbasket.hu\/index.php\/author\/rafi\/\"}]}<\/script>\n<!-- \/ Yoast SEO plugin. -->","yoast_head_json":{"title":"Izgalmas h\u00e9tv\u00e9g\u00e9t z\u00e1rtak - Vasas n\u0151i kos\u00e1rlabda","robots":{"index":"index","follow":"follow","max-snippet":"max-snippet:-1","max-image-preview":"max-image-preview:large","max-video-preview":"max-video-preview:-1"},"canonical":"https:\/\/vasasbasket.hu\/index.php\/izgalmas-hetveget-zartak\/","og_locale":"hu_HU","og_type":"article","og_title":"Izgalmas h\u00e9tv\u00e9g\u00e9t z\u00e1rtak - Vasas n\u0151i kos\u00e1rlabda","og_description":"Serd\u00fcl\u0151\/B csapatunk k\u00e9t m\u00e9rk\u0151z\u00e9st j\u00e1tszott szombaton a bajnoks\u00e1g 3. fordul\u00f3j\u00e1n. J\u00f3l vett\u00e9k a rajtot fiataljaink, a kisebb hull\u00e1mv\u00f6lgyek ellen\u00e9re siker\u00fclt legy\u0151zni a F\u00f3t SE\/A egy\u00fcttes\u00e9t, a Szolnoki Sportcentrum\/A ellen azonban m\u00e1r a f\u00e1radts\u00e1g is kezdett \u00farr\u00e1 lenni l\u00e1nyainkon. Nagy \u00f6r\u00f6m\u00fcnkre a csapatnak siker\u00fclt r\u00e1hangol\u00f3dnia a m\u00e9rk\u0151z\u00e9sre \u00e9s azt a form\u00e1j\u00e1t mutatnia, mellyel meg is lehet...","og_url":"https:\/\/vasasbasket.hu\/index.php\/izgalmas-hetveget-zartak\/","og_site_name":"Vasas n\u0151i kos\u00e1rlabda","article_publisher":"https:\/\/www.facebook.com\/vasaswbasket\/","article_published_time":"2025-11-18T14:57:22+00:00","og_image":[{"width":2560,"height":1920,"url":"https:\/\/vasasbasket.hu\/wp-content\/uploads\/2025\/11\/image1-1-scaled.jpeg","type":"image\/jpeg"}],"author":"Staszelis Rafal","twitter_card":"summary_large_image","twitter_misc":{"Szerz\u0151:":"Staszelis Rafal","Becs\u00fclt olvas\u00e1si id\u0151":"2 perc"},"schema":{"@context":"https:\/\/schema.org","@graph":[{"@type":"Article","@id":"https:\/\/vasasbasket.hu\/index.php\/izgalmas-hetveget-zartak\/#article","isPartOf":{"@id":"https:\/\/vasasbasket.hu\/index.php\/izgalmas-hetveget-zartak\/"},"author":{"name":"Staszelis Rafal","@id":"https:\/\/vasasbasket.hu\/#\/schema\/person\/cce3d40284d729c98742af771668678b"},"headline":"Izgalmas h\u00e9tv\u00e9g\u00e9t z\u00e1rtak","datePublished":"2025-11-18T14:57:22+00:00","mainEntityOfPage":{"@id":"https:\/\/vasasbasket.hu\/index.php\/izgalmas-hetveget-zartak\/"},"wordCount":411,"publisher":{"@id":"https:\/\/vasasbasket.hu\/#organization"},"image":{"@id":"https:\/\/vasasbasket.hu\/index.php\/izgalmas-hetveget-zartak\/#primaryimage"},"thumbnailUrl":"https:\/\/vasasbasket.hu\/wp-content\/uploads\/2025\/11\/image1-1-scaled.jpeg","articleSection":["Gyerek","\u00d6sszes H\u00edr"],"inLanguage":"hu"},{"@type":"WebPage","@id":"https:\/\/vasasbasket.hu\/index.php\/izgalmas-hetveget-zartak\/","url":"https:\/\/vasasbasket.hu\/index.php\/izgalmas-hetveget-zartak\/","name":"Izgalmas h\u00e9tv\u00e9g\u00e9t z\u00e1rtak - Vasas n\u0151i kos\u00e1rlabda","isPartOf":{"@id":"https:\/\/vasasbasket.hu\/#website"},"primaryImageOfPage":{"@id":"https:\/\/vasasbasket.hu\/index.php\/izgalmas-hetveget-zartak\/#primaryimage"},"image":{"@id":"https:\/\/vasasbasket.hu\/index.php\/izgalmas-hetveget-zartak\/#primaryimage"},"thumbnailUrl":"https:\/\/vasasbasket.hu\/wp-content\/uploads\/2025\/11\/image1-1-scaled.jpeg","datePublished":"2025-11-18T14:57:22+00:00","breadcrumb":{"@id":"https:\/\/vasasbasket.hu\/index.php\/izgalmas-hetveget-zartak\/#breadcrumb"},"inLanguage":"hu","potentialAction":[{"@type":"ReadAction","target":["https:\/\/vasasbasket.hu\/index.php\/izgalmas-hetveget-zartak\/"]}]},{"@type":"ImageObject","inLanguage":"hu","@id":"https:\/\/vasasbasket.hu\/index.php\/izgalmas-hetveget-zartak\/#primaryimage","url":"https:\/\/vasasbasket.hu\/wp-content\/uploads\/2025\/11\/image1-1-scaled.jpeg","contentUrl":"https:\/\/vasasbasket.hu\/wp-content\/uploads\/2025\/11\/image1-1-scaled.jpeg","width":2560,"height":1920},{"@type":"BreadcrumbList","@id":"https:\/\/vasasbasket.hu\/index.php\/izgalmas-hetveget-zartak\/#breadcrumb","itemListElement":[{"@type":"ListItem","position":1,"name":"Kezd\u0151lap","item":"https:\/\/vasasbasket.hu\/"},{"@type":"ListItem","position":2,"name":"Izgalmas h\u00e9tv\u00e9g\u00e9t z\u00e1rtak"}]},{"@type":"WebSite","@id":"https:\/\/vasasbasket.hu\/#website","url":"https:\/\/vasasbasket.hu\/","name":"Vasas n\u0151i kos\u00e1rlabda","description":"Vasas Basket N\u0151i","publisher":{"@id":"https:\/\/vasasbasket.hu\/#organization"},"potentialAction":[{"@type":"SearchAction","target":{"@type":"EntryPoint","urlTemplate":"https:\/\/vasasbasket.hu\/?s={search_term_string}"},"query-input":{"@type":"PropertyValueSpecification","valueRequired":true,"valueName":"search_term_string"}}],"inLanguage":"hu"},{"@type":"Organization","@id":"https:\/\/vasasbasket.hu\/#organization","name":"Vasas n\u0151i kos\u00e1rlabda","url":"https:\/\/vasasbasket.hu\/","logo":{"@type":"ImageObject","inLanguage":"hu","@id":"https:\/\/vasasbasket.hu\/#\/schema\/logo\/image\/","url":"https:\/\/vasasbasket.hu\/wp-content\/uploads\/2017\/03\/vasas_cimer_1200.jpg","contentUrl":"https:\/\/vasasbasket.hu\/wp-content\/uploads\/2017\/03\/vasas_cimer_1200.jpg","width":1200,"height":1200,"caption":"Vasas n\u0151i kos\u00e1rlabda"},"image":{"@id":"https:\/\/vasasbasket.hu\/#\/schema\/logo\/image\/"},"sameAs":["https:\/\/www.facebook.com\/vasaswbasket\/"]},{"@type":"Person","@id":"https:\/\/vasasbasket.hu\/#\/schema\/person\/cce3d40284d729c98742af771668678b","name":"Staszelis Rafal","image":{"@type":"ImageObject","inLanguage":"hu","@id":"https:\/\/vasasbasket.hu\/#\/schema\/person\/image\/","url":"https:\/\/secure.gravatar.com\/avatar\/dd648a2eae6e2ec122d87922ad625d8e10c16f8a8b4c7ab41bd9614806a230bb?s=96&d=mm&r=g","contentUrl":"https:\/\/secure.gravatar.com\/avatar\/dd648a2eae6e2ec122d87922ad625d8e10c16f8a8b4c7ab41bd9614806a230bb?s=96&d=mm&r=g","caption":"Staszelis Rafal"},"url":"https:\/\/vasasbasket.hu\/index.php\/author\/rafi\/"}]}},"_links":{"self":[{"href":"https:\/\/vasasbasket.hu\/index.php\/wp-json\/wp\/v2\/posts\/15980","targetHints":{"allow":["GET"]}}],"collection":[{"href":"https:\/\/vasasbasket.hu\/index.php\/wp-json\/wp\/v2\/posts"}],"about":[{"href":"https:\/\/vasasbasket.hu\/index.php\/wp-json\/wp\/v2\/types\/post"}],"author":[{"embeddable":true,"href":"https:\/\/vasasbasket.hu\/index.php\/wp-json\/wp\/v2\/users\/3"}],"replies":[{"embeddable":true,"href":"https:\/\/vasasbasket.hu\/index.php\/wp-json\/wp\/v2\/comments?post=15980"}],"version-history":[{"count":1,"href":"https:\/\/vasasbasket.hu\/index.php\/wp-json\/wp\/v2\/posts\/15980\/revisions"}],"predecessor-version":[{"id":15985,"href":"https:\/\/vasasbasket.hu\/index.php\/wp-json\/wp\/v2\/posts\/15980\/revisions\/15985"}],"wp:featuredmedia":[{"embeddable":true,"href":"https:\/\/vasasbasket.hu\/index.php\/wp-json\/wp\/v2\/media\/15983"}],"wp:attachment":[{"href":"https:\/\/vasasbasket.hu\/index.php\/wp-json\/wp\/v2\/media?parent=15980"}],"wp:term":[{"taxonomy":"category","embeddable":true,"href":"https:\/\/vasasbasket.hu\/index.php\/wp-json\/wp\/v2\/categories?post=15980"},{"taxonomy":"post_tag","embeddable":true,"href":"https:\/\/vasasbasket.hu\/index.php\/wp-json\/wp\/v2\/tags?post=15980"}],"curies":[{"name":"wp","href":"https:\/\/api.w.org\/{rel}","templated":true}]}}