{"id":15771,"date":"2025-10-08T14:46:51","date_gmt":"2025-10-08T14:46:51","guid":{"rendered":"https:\/\/vasasbasket.hu\/?p=15771"},"modified":"2025-10-08T14:46:51","modified_gmt":"2025-10-08T14:46:51","slug":"ket-kemeny-ellenfellel-talalkoztak-az-amazonok-az-elso-forduloban","status":"publish","type":"post","link":"https:\/\/vasasbasket.hu\/index.php\/ket-kemeny-ellenfellel-talalkoztak-az-amazonok-az-elso-forduloban\/","title":{"rendered":"K\u00e9t kem\u00e9ny ellenf\u00e9llel tal\u00e1lkoztak az Amazonok az els\u0151 fordul\u00f3ban"},"content":{"rendered":"<p><strong>A Vasas Amazonok U12-es csapata is megkezdte a 2025\/26-os szezont, l\u00e1nyaink a Csata Csillagokkal \u00e9s a BEAC \u00dajbuda KA\/A-val tal\u00e1lkoztak a nyit\u00e1nyon. Fogh\u00edjas kerettel v\u00e1gtunk neki a h\u00e9tv\u00e9g\u00e9nek, ami sajnos nem hozott sok sikert.<\/strong><\/p>\n<p><em>El\u00e9rkezt\u00fcnk a szezon els\u0151 fordul\u00f3j\u00e1hoz, ami sajnos nem teljesen \u00fagy siker\u00fclt, ahogy azt szerett\u00fck volna. T\u00f6bb j\u00e1t\u00e9kosunk sem tudott elj\u00f6nni betegs\u00e9g miatt, azonban ez nem ments\u00e9g arra, hogy k\u00fczd\u00e9sben \u00e9s kitart\u00e1sban alul maradtunk. Az els\u0151 meccsen k\u00fcl\u00f6n\u00f6sen \u00e9rezhet\u0151 volt a l\u00e1nyokon a kezdeti izgul\u00e1s. T\u00f6bbsz\u00f6r nem tudtuk \u00e1thozni a labd\u00e1t a t\u00e1mad\u00f3t\u00e9rf\u00e9lre, illetve a bet\u00f6r\u00e9seket sem tudtuk pontra v\u00e1ltani. Az els\u0151 negyedben mind\u00f6ssze Mohos Zs\u00f3finak siker\u00fclt betal\u00e1lni az ellenf\u00e9l kosar\u00e1ba. Az edz\u00e9seken mi nagyon kedvesek vagyunk egym\u00e1ssal, \u00edgy a csata agressz\u00edv v\u00e9dekez\u00e9s\u00e9vel nem tudtunk mit kezdeni, sok lett bel\u0151le az eladott labda is, amib\u0151l k\u00f6nny\u0171 kosarakat kaptunk. V\u00e9lem\u00e9nyem szerint ez a v\u00e9geredm\u00e9ny nem a k\u00e9t csapat k\u00f6z\u00f6tti val\u00f3s k\u00fcl\u00f6nbs\u00e9get t\u00fckr\u00f6zi. A m\u00e1sodik m\u00e9rk\u0151z\u00e9sen a l\u00e1nyokon l\u00e1tszott, hogy igyekeztek \u00f6sszeszedni magukat \u00e9s kijav\u00edtani az els\u0151 meccset. Voltak nagyon sz\u00e9p csapatmunk\u00e1b\u00f3l megoldott t\u00e1mad\u00e1sok \u00e9s sz\u00e9p v\u00e9dekez\u00e9sek is. Tanuls\u00e1gos m\u00e9rk\u0151z\u00e9seket j\u00e1tszottunk. R\u00e9szben \u00f6r\u00fcl\u00f6k neki, hogy az els\u0151 fordul\u00f3n j\u00f6ttek ki ezek a hib\u00e1k, mert \u00edgy m\u00e9g van id\u0151nk kijav\u00edtani \u0151ket<\/em> &#8211; mondta a csapat edz\u0151je, Simon R\u00e9ka.<\/p>\n<p><strong>Csata Csillagok &#8211; Vasas Amazonok 88-25<\/strong> (21-2, 19-6, 26-9, 22-8)<br \/>\n<em>Pontszerz\u0151k:<\/em><br \/>\n<strong>Vasas Amazonok: <\/strong>Mohos Zs\u00f3fi 7, Komor\u00f3czki Emma 6, Bal\u00e1zs Elza 4, Menyh\u00e9rt Lilla 2, Simon Lizi 2, Sz\u00e9csi &#8211; Bozs\u00f3 Panka 2, T\u00e1rnoki N\u00f3ri 2,<\/p>\n<p><strong>Vasas Amazonok &#8211; BEAC \u00dajbuda KA\/A 43 -77<\/strong> (15-18, 6-20, 10-20, 12-19)<br \/>\n<em>Pontszerz\u0151k:<\/em><br \/>\n<strong>Vasas Amazonok:<\/strong> Sz\u00e9csi &#8211; Bozs\u00f3 Panka 8, Menyh\u00e9rt Lilla 6, Pelcz Tami 6, Komor\u00f3czki Emma 5, Mohos Zs\u00f3fi 4, Szab\u00f3 Emili 4, Somos Rozi 2, Forg\u00e1cs Helga 2, Bal\u00e1zs Elza 2, Borosnyai Luca 2, Andrasek Emma 2<\/p>\n","protected":false},"excerpt":{"rendered":"<p>A Vasas Amazonok U12-es csapata is megkezdte a 2025\/26-os szezont, l\u00e1nyaink a Csata Csillagokkal \u00e9s a BEAC \u00dajbuda KA\/A-val tal\u00e1lkoztak a nyit\u00e1nyon. Fogh\u00edjas kerettel v\u00e1gtunk neki a h\u00e9tv\u00e9g\u00e9nek, ami sajnos nem hozott sok sikert. El\u00e9rkezt\u00fcnk a szezon els\u0151 fordul\u00f3j\u00e1hoz, ami sajnos nem teljesen \u00fagy siker\u00fclt, ahogy azt szerett\u00fck volna. T\u00f6bb j\u00e1t\u00e9kosunk sem tudott elj\u00f6nni betegs\u00e9g&#8230;<\/p>\n","protected":false},"author":3,"featured_media":15772,"comment_status":"closed","ping_status":"closed","sticky":false,"template":"","format":"standard","meta":{"footnotes":""},"categories":[73,92],"tags":[],"class_list":["post-15771","post","type-post","status-publish","format-standard","has-post-thumbnail","hentry","category-gyerek","category-hirek"],"yoast_head":"<!-- This site is optimized with the Yoast SEO plugin v26.0 - https:\/\/yoast.com\/wordpress\/plugins\/seo\/ -->\n<title>K\u00e9t kem\u00e9ny ellenf\u00e9llel tal\u00e1lkoztak az Amazonok az els\u0151 fordul\u00f3ban - Vasas n\u0151i kos\u00e1rlabda<\/title>\n<meta name=\"robots\" content=\"index, follow, max-snippet:-1, max-image-preview:large, max-video-preview:-1\" \/>\n<link rel=\"canonical\" href=\"https:\/\/vasasbasket.hu\/index.php\/ket-kemeny-ellenfellel-talalkoztak-az-amazonok-az-elso-forduloban\/\" \/>\n<meta property=\"og:locale\" content=\"hu_HU\" \/>\n<meta property=\"og:type\" content=\"article\" \/>\n<meta property=\"og:title\" content=\"K\u00e9t kem\u00e9ny ellenf\u00e9llel tal\u00e1lkoztak az Amazonok az els\u0151 fordul\u00f3ban - Vasas n\u0151i kos\u00e1rlabda\" \/>\n<meta property=\"og:description\" content=\"A Vasas Amazonok U12-es csapata is megkezdte a 2025\/26-os szezont, l\u00e1nyaink a Csata Csillagokkal \u00e9s a BEAC \u00dajbuda KA\/A-val tal\u00e1lkoztak a nyit\u00e1nyon. Fogh\u00edjas kerettel v\u00e1gtunk neki a h\u00e9tv\u00e9g\u00e9nek, ami sajnos nem hozott sok sikert. El\u00e9rkezt\u00fcnk a szezon els\u0151 fordul\u00f3j\u00e1hoz, ami sajnos nem teljesen \u00fagy siker\u00fclt, ahogy azt szerett\u00fck volna. T\u00f6bb j\u00e1t\u00e9kosunk sem tudott elj\u00f6nni betegs\u00e9g...\" \/>\n<meta property=\"og:url\" content=\"https:\/\/vasasbasket.hu\/index.php\/ket-kemeny-ellenfellel-talalkoztak-az-amazonok-az-elso-forduloban\/\" \/>\n<meta property=\"og:site_name\" content=\"Vasas n\u0151i kos\u00e1rlabda\" \/>\n<meta property=\"article:publisher\" content=\"https:\/\/www.facebook.com\/vasaswbasket\/\" \/>\n<meta property=\"article:published_time\" content=\"2025-10-08T14:46:51+00:00\" \/>\n<meta property=\"og:image\" content=\"https:\/\/vasasbasket.hu\/wp-content\/uploads\/2025\/10\/image-1-1024x768.png\" \/>\n\t<meta property=\"og:image:width\" content=\"1024\" \/>\n\t<meta property=\"og:image:height\" content=\"768\" \/>\n\t<meta property=\"og:image:type\" content=\"image\/png\" \/>\n<meta name=\"author\" content=\"Staszelis Rafal\" \/>\n<meta name=\"twitter:card\" content=\"summary_large_image\" \/>\n<meta name=\"twitter:label1\" content=\"Szerz\u0151:\" \/>\n\t<meta name=\"twitter:data1\" content=\"Staszelis Rafal\" \/>\n\t<meta name=\"twitter:label2\" content=\"Becs\u00fclt olvas\u00e1si id\u0151\" \/>\n\t<meta name=\"twitter:data2\" content=\"2 perc\" \/>\n<script type=\"application\/ld+json\" class=\"yoast-schema-graph\">{\"@context\":\"https:\/\/schema.org\",\"@graph\":[{\"@type\":\"Article\",\"@id\":\"https:\/\/vasasbasket.hu\/index.php\/ket-kemeny-ellenfellel-talalkoztak-az-amazonok-az-elso-forduloban\/#article\",\"isPartOf\":{\"@id\":\"https:\/\/vasasbasket.hu\/index.php\/ket-kemeny-ellenfellel-talalkoztak-az-amazonok-az-elso-forduloban\/\"},\"author\":{\"name\":\"Staszelis Rafal\",\"@id\":\"https:\/\/vasasbasket.hu\/#\/schema\/person\/cce3d40284d729c98742af771668678b\"},\"headline\":\"K\u00e9t kem\u00e9ny ellenf\u00e9llel tal\u00e1lkoztak az Amazonok az els\u0151 fordul\u00f3ban\",\"datePublished\":\"2025-10-08T14:46:51+00:00\",\"mainEntityOfPage\":{\"@id\":\"https:\/\/vasasbasket.hu\/index.php\/ket-kemeny-ellenfellel-talalkoztak-az-amazonok-az-elso-forduloban\/\"},\"wordCount\":394,\"publisher\":{\"@id\":\"https:\/\/vasasbasket.hu\/#organization\"},\"image\":{\"@id\":\"https:\/\/vasasbasket.hu\/index.php\/ket-kemeny-ellenfellel-talalkoztak-az-amazonok-az-elso-forduloban\/#primaryimage\"},\"thumbnailUrl\":\"https:\/\/vasasbasket.hu\/wp-content\/uploads\/2025\/10\/image-1.png\",\"articleSection\":[\"Gyerek\",\"\u00d6sszes H\u00edr\"],\"inLanguage\":\"hu\"},{\"@type\":\"WebPage\",\"@id\":\"https:\/\/vasasbasket.hu\/index.php\/ket-kemeny-ellenfellel-talalkoztak-az-amazonok-az-elso-forduloban\/\",\"url\":\"https:\/\/vasasbasket.hu\/index.php\/ket-kemeny-ellenfellel-talalkoztak-az-amazonok-az-elso-forduloban\/\",\"name\":\"K\u00e9t kem\u00e9ny ellenf\u00e9llel tal\u00e1lkoztak az Amazonok az els\u0151 fordul\u00f3ban - Vasas n\u0151i kos\u00e1rlabda\",\"isPartOf\":{\"@id\":\"https:\/\/vasasbasket.hu\/#website\"},\"primaryImageOfPage\":{\"@id\":\"https:\/\/vasasbasket.hu\/index.php\/ket-kemeny-ellenfellel-talalkoztak-az-amazonok-az-elso-forduloban\/#primaryimage\"},\"image\":{\"@id\":\"https:\/\/vasasbasket.hu\/index.php\/ket-kemeny-ellenfellel-talalkoztak-az-amazonok-az-elso-forduloban\/#primaryimage\"},\"thumbnailUrl\":\"https:\/\/vasasbasket.hu\/wp-content\/uploads\/2025\/10\/image-1.png\",\"datePublished\":\"2025-10-08T14:46:51+00:00\",\"breadcrumb\":{\"@id\":\"https:\/\/vasasbasket.hu\/index.php\/ket-kemeny-ellenfellel-talalkoztak-az-amazonok-az-elso-forduloban\/#breadcrumb\"},\"inLanguage\":\"hu\",\"potentialAction\":[{\"@type\":\"ReadAction\",\"target\":[\"https:\/\/vasasbasket.hu\/index.php\/ket-kemeny-ellenfellel-talalkoztak-az-amazonok-az-elso-forduloban\/\"]}]},{\"@type\":\"ImageObject\",\"inLanguage\":\"hu\",\"@id\":\"https:\/\/vasasbasket.hu\/index.php\/ket-kemeny-ellenfellel-talalkoztak-az-amazonok-az-elso-forduloban\/#primaryimage\",\"url\":\"https:\/\/vasasbasket.hu\/wp-content\/uploads\/2025\/10\/image-1.png\",\"contentUrl\":\"https:\/\/vasasbasket.hu\/wp-content\/uploads\/2025\/10\/image-1.png\",\"width\":1600,\"height\":1200},{\"@type\":\"BreadcrumbList\",\"@id\":\"https:\/\/vasasbasket.hu\/index.php\/ket-kemeny-ellenfellel-talalkoztak-az-amazonok-az-elso-forduloban\/#breadcrumb\",\"itemListElement\":[{\"@type\":\"ListItem\",\"position\":1,\"name\":\"Kezd\u0151lap\",\"item\":\"https:\/\/vasasbasket.hu\/\"},{\"@type\":\"ListItem\",\"position\":2,\"name\":\"K\u00e9t kem\u00e9ny ellenf\u00e9llel tal\u00e1lkoztak az Amazonok az els\u0151 fordul\u00f3ban\"}]},{\"@type\":\"WebSite\",\"@id\":\"https:\/\/vasasbasket.hu\/#website\",\"url\":\"https:\/\/vasasbasket.hu\/\",\"name\":\"Vasas n\u0151i kos\u00e1rlabda\",\"description\":\"Vasas Basket N\u0151i\",\"publisher\":{\"@id\":\"https:\/\/vasasbasket.hu\/#organization\"},\"potentialAction\":[{\"@type\":\"SearchAction\",\"target\":{\"@type\":\"EntryPoint\",\"urlTemplate\":\"https:\/\/vasasbasket.hu\/?s={search_term_string}\"},\"query-input\":{\"@type\":\"PropertyValueSpecification\",\"valueRequired\":true,\"valueName\":\"search_term_string\"}}],\"inLanguage\":\"hu\"},{\"@type\":\"Organization\",\"@id\":\"https:\/\/vasasbasket.hu\/#organization\",\"name\":\"Vasas n\u0151i kos\u00e1rlabda\",\"url\":\"https:\/\/vasasbasket.hu\/\",\"logo\":{\"@type\":\"ImageObject\",\"inLanguage\":\"hu\",\"@id\":\"https:\/\/vasasbasket.hu\/#\/schema\/logo\/image\/\",\"url\":\"https:\/\/vasasbasket.hu\/wp-content\/uploads\/2017\/03\/vasas_cimer_1200.jpg\",\"contentUrl\":\"https:\/\/vasasbasket.hu\/wp-content\/uploads\/2017\/03\/vasas_cimer_1200.jpg\",\"width\":1200,\"height\":1200,\"caption\":\"Vasas n\u0151i kos\u00e1rlabda\"},\"image\":{\"@id\":\"https:\/\/vasasbasket.hu\/#\/schema\/logo\/image\/\"},\"sameAs\":[\"https:\/\/www.facebook.com\/vasaswbasket\/\"]},{\"@type\":\"Person\",\"@id\":\"https:\/\/vasasbasket.hu\/#\/schema\/person\/cce3d40284d729c98742af771668678b\",\"name\":\"Staszelis Rafal\",\"image\":{\"@type\":\"ImageObject\",\"inLanguage\":\"hu\",\"@id\":\"https:\/\/vasasbasket.hu\/#\/schema\/person\/image\/\",\"url\":\"https:\/\/secure.gravatar.com\/avatar\/dd648a2eae6e2ec122d87922ad625d8e10c16f8a8b4c7ab41bd9614806a230bb?s=96&d=mm&r=g\",\"contentUrl\":\"https:\/\/secure.gravatar.com\/avatar\/dd648a2eae6e2ec122d87922ad625d8e10c16f8a8b4c7ab41bd9614806a230bb?s=96&d=mm&r=g\",\"caption\":\"Staszelis Rafal\"},\"url\":\"https:\/\/vasasbasket.hu\/index.php\/author\/rafi\/\"}]}<\/script>\n<!-- \/ Yoast SEO plugin. -->","yoast_head_json":{"title":"K\u00e9t kem\u00e9ny ellenf\u00e9llel tal\u00e1lkoztak az Amazonok az els\u0151 fordul\u00f3ban - Vasas n\u0151i kos\u00e1rlabda","robots":{"index":"index","follow":"follow","max-snippet":"max-snippet:-1","max-image-preview":"max-image-preview:large","max-video-preview":"max-video-preview:-1"},"canonical":"https:\/\/vasasbasket.hu\/index.php\/ket-kemeny-ellenfellel-talalkoztak-az-amazonok-az-elso-forduloban\/","og_locale":"hu_HU","og_type":"article","og_title":"K\u00e9t kem\u00e9ny ellenf\u00e9llel tal\u00e1lkoztak az Amazonok az els\u0151 fordul\u00f3ban - Vasas n\u0151i kos\u00e1rlabda","og_description":"A Vasas Amazonok U12-es csapata is megkezdte a 2025\/26-os szezont, l\u00e1nyaink a Csata Csillagokkal \u00e9s a BEAC \u00dajbuda KA\/A-val tal\u00e1lkoztak a nyit\u00e1nyon. Fogh\u00edjas kerettel v\u00e1gtunk neki a h\u00e9tv\u00e9g\u00e9nek, ami sajnos nem hozott sok sikert. El\u00e9rkezt\u00fcnk a szezon els\u0151 fordul\u00f3j\u00e1hoz, ami sajnos nem teljesen \u00fagy siker\u00fclt, ahogy azt szerett\u00fck volna. T\u00f6bb j\u00e1t\u00e9kosunk sem tudott elj\u00f6nni betegs\u00e9g...","og_url":"https:\/\/vasasbasket.hu\/index.php\/ket-kemeny-ellenfellel-talalkoztak-az-amazonok-az-elso-forduloban\/","og_site_name":"Vasas n\u0151i kos\u00e1rlabda","article_publisher":"https:\/\/www.facebook.com\/vasaswbasket\/","article_published_time":"2025-10-08T14:46:51+00:00","og_image":[{"width":1024,"height":768,"url":"https:\/\/vasasbasket.hu\/wp-content\/uploads\/2025\/10\/image-1-1024x768.png","type":"image\/png"}],"author":"Staszelis Rafal","twitter_card":"summary_large_image","twitter_misc":{"Szerz\u0151:":"Staszelis Rafal","Becs\u00fclt olvas\u00e1si id\u0151":"2 perc"},"schema":{"@context":"https:\/\/schema.org","@graph":[{"@type":"Article","@id":"https:\/\/vasasbasket.hu\/index.php\/ket-kemeny-ellenfellel-talalkoztak-az-amazonok-az-elso-forduloban\/#article","isPartOf":{"@id":"https:\/\/vasasbasket.hu\/index.php\/ket-kemeny-ellenfellel-talalkoztak-az-amazonok-az-elso-forduloban\/"},"author":{"name":"Staszelis Rafal","@id":"https:\/\/vasasbasket.hu\/#\/schema\/person\/cce3d40284d729c98742af771668678b"},"headline":"K\u00e9t kem\u00e9ny ellenf\u00e9llel tal\u00e1lkoztak az Amazonok az els\u0151 fordul\u00f3ban","datePublished":"2025-10-08T14:46:51+00:00","mainEntityOfPage":{"@id":"https:\/\/vasasbasket.hu\/index.php\/ket-kemeny-ellenfellel-talalkoztak-az-amazonok-az-elso-forduloban\/"},"wordCount":394,"publisher":{"@id":"https:\/\/vasasbasket.hu\/#organization"},"image":{"@id":"https:\/\/vasasbasket.hu\/index.php\/ket-kemeny-ellenfellel-talalkoztak-az-amazonok-az-elso-forduloban\/#primaryimage"},"thumbnailUrl":"https:\/\/vasasbasket.hu\/wp-content\/uploads\/2025\/10\/image-1.png","articleSection":["Gyerek","\u00d6sszes H\u00edr"],"inLanguage":"hu"},{"@type":"WebPage","@id":"https:\/\/vasasbasket.hu\/index.php\/ket-kemeny-ellenfellel-talalkoztak-az-amazonok-az-elso-forduloban\/","url":"https:\/\/vasasbasket.hu\/index.php\/ket-kemeny-ellenfellel-talalkoztak-az-amazonok-az-elso-forduloban\/","name":"K\u00e9t kem\u00e9ny ellenf\u00e9llel tal\u00e1lkoztak az Amazonok az els\u0151 fordul\u00f3ban - Vasas n\u0151i kos\u00e1rlabda","isPartOf":{"@id":"https:\/\/vasasbasket.hu\/#website"},"primaryImageOfPage":{"@id":"https:\/\/vasasbasket.hu\/index.php\/ket-kemeny-ellenfellel-talalkoztak-az-amazonok-az-elso-forduloban\/#primaryimage"},"image":{"@id":"https:\/\/vasasbasket.hu\/index.php\/ket-kemeny-ellenfellel-talalkoztak-az-amazonok-az-elso-forduloban\/#primaryimage"},"thumbnailUrl":"https:\/\/vasasbasket.hu\/wp-content\/uploads\/2025\/10\/image-1.png","datePublished":"2025-10-08T14:46:51+00:00","breadcrumb":{"@id":"https:\/\/vasasbasket.hu\/index.php\/ket-kemeny-ellenfellel-talalkoztak-az-amazonok-az-elso-forduloban\/#breadcrumb"},"inLanguage":"hu","potentialAction":[{"@type":"ReadAction","target":["https:\/\/vasasbasket.hu\/index.php\/ket-kemeny-ellenfellel-talalkoztak-az-amazonok-az-elso-forduloban\/"]}]},{"@type":"ImageObject","inLanguage":"hu","@id":"https:\/\/vasasbasket.hu\/index.php\/ket-kemeny-ellenfellel-talalkoztak-az-amazonok-az-elso-forduloban\/#primaryimage","url":"https:\/\/vasasbasket.hu\/wp-content\/uploads\/2025\/10\/image-1.png","contentUrl":"https:\/\/vasasbasket.hu\/wp-content\/uploads\/2025\/10\/image-1.png","width":1600,"height":1200},{"@type":"BreadcrumbList","@id":"https:\/\/vasasbasket.hu\/index.php\/ket-kemeny-ellenfellel-talalkoztak-az-amazonok-az-elso-forduloban\/#breadcrumb","itemListElement":[{"@type":"ListItem","position":1,"name":"Kezd\u0151lap","item":"https:\/\/vasasbasket.hu\/"},{"@type":"ListItem","position":2,"name":"K\u00e9t kem\u00e9ny ellenf\u00e9llel tal\u00e1lkoztak az Amazonok az els\u0151 fordul\u00f3ban"}]},{"@type":"WebSite","@id":"https:\/\/vasasbasket.hu\/#website","url":"https:\/\/vasasbasket.hu\/","name":"Vasas n\u0151i kos\u00e1rlabda","description":"Vasas Basket N\u0151i","publisher":{"@id":"https:\/\/vasasbasket.hu\/#organization"},"potentialAction":[{"@type":"SearchAction","target":{"@type":"EntryPoint","urlTemplate":"https:\/\/vasasbasket.hu\/?s={search_term_string}"},"query-input":{"@type":"PropertyValueSpecification","valueRequired":true,"valueName":"search_term_string"}}],"inLanguage":"hu"},{"@type":"Organization","@id":"https:\/\/vasasbasket.hu\/#organization","name":"Vasas n\u0151i kos\u00e1rlabda","url":"https:\/\/vasasbasket.hu\/","logo":{"@type":"ImageObject","inLanguage":"hu","@id":"https:\/\/vasasbasket.hu\/#\/schema\/logo\/image\/","url":"https:\/\/vasasbasket.hu\/wp-content\/uploads\/2017\/03\/vasas_cimer_1200.jpg","contentUrl":"https:\/\/vasasbasket.hu\/wp-content\/uploads\/2017\/03\/vasas_cimer_1200.jpg","width":1200,"height":1200,"caption":"Vasas n\u0151i kos\u00e1rlabda"},"image":{"@id":"https:\/\/vasasbasket.hu\/#\/schema\/logo\/image\/"},"sameAs":["https:\/\/www.facebook.com\/vasaswbasket\/"]},{"@type":"Person","@id":"https:\/\/vasasbasket.hu\/#\/schema\/person\/cce3d40284d729c98742af771668678b","name":"Staszelis Rafal","image":{"@type":"ImageObject","inLanguage":"hu","@id":"https:\/\/vasasbasket.hu\/#\/schema\/person\/image\/","url":"https:\/\/secure.gravatar.com\/avatar\/dd648a2eae6e2ec122d87922ad625d8e10c16f8a8b4c7ab41bd9614806a230bb?s=96&d=mm&r=g","contentUrl":"https:\/\/secure.gravatar.com\/avatar\/dd648a2eae6e2ec122d87922ad625d8e10c16f8a8b4c7ab41bd9614806a230bb?s=96&d=mm&r=g","caption":"Staszelis Rafal"},"url":"https:\/\/vasasbasket.hu\/index.php\/author\/rafi\/"}]}},"_links":{"self":[{"href":"https:\/\/vasasbasket.hu\/index.php\/wp-json\/wp\/v2\/posts\/15771","targetHints":{"allow":["GET"]}}],"collection":[{"href":"https:\/\/vasasbasket.hu\/index.php\/wp-json\/wp\/v2\/posts"}],"about":[{"href":"https:\/\/vasasbasket.hu\/index.php\/wp-json\/wp\/v2\/types\/post"}],"author":[{"embeddable":true,"href":"https:\/\/vasasbasket.hu\/index.php\/wp-json\/wp\/v2\/users\/3"}],"replies":[{"embeddable":true,"href":"https:\/\/vasasbasket.hu\/index.php\/wp-json\/wp\/v2\/comments?post=15771"}],"version-history":[{"count":1,"href":"https:\/\/vasasbasket.hu\/index.php\/wp-json\/wp\/v2\/posts\/15771\/revisions"}],"predecessor-version":[{"id":15773,"href":"https:\/\/vasasbasket.hu\/index.php\/wp-json\/wp\/v2\/posts\/15771\/revisions\/15773"}],"wp:featuredmedia":[{"embeddable":true,"href":"https:\/\/vasasbasket.hu\/index.php\/wp-json\/wp\/v2\/media\/15772"}],"wp:attachment":[{"href":"https:\/\/vasasbasket.hu\/index.php\/wp-json\/wp\/v2\/media?parent=15771"}],"wp:term":[{"taxonomy":"category","embeddable":true,"href":"https:\/\/vasasbasket.hu\/index.php\/wp-json\/wp\/v2\/categories?post=15771"},{"taxonomy":"post_tag","embeddable":true,"href":"https:\/\/vasasbasket.hu\/index.php\/wp-json\/wp\/v2\/tags?post=15771"}],"curies":[{"name":"wp","href":"https:\/\/api.w.org\/{rel}","templated":true}]}}