{"id":15154,"date":"2025-04-16T08:06:08","date_gmt":"2025-04-16T08:06:08","guid":{"rendered":"https:\/\/vasasbasket.hu\/?p=15154"},"modified":"2025-04-16T08:06:08","modified_gmt":"2025-04-16T08:06:08","slug":"ket-kemeny-meccsen-vannak-tul-az-amazonok","status":"publish","type":"post","link":"https:\/\/vasasbasket.hu\/index.php\/ket-kemeny-meccsen-vannak-tul-az-amazonok\/","title":{"rendered":"K\u00e9t kem\u00e9ny meccsen vannak t\u00fal az Amazonok"},"content":{"rendered":"<p><strong>A Vasas Amazonok U11-es csapata a 7. fordul\u00f3val folytatta a kenguru bajnoks\u00e1got, l\u00e1nyaink az \u00dajpest-MT\/A \u00e9s a BEAC \u00dajbuda KA\/A ellen l\u00e9ptek p\u00e1ly\u00e1ra. Sokat kivett l\u00e1nyainkb\u00f3l az els\u0151 \u00f6sszecsap\u00e1s, \u00edgy a m\u00e1sodik tal\u00e1lkoz\u00f3ra sem ment\u00e1lisan, sem fizik\u00e1lisan nem tudtuk oda tenni magunkat.<\/strong><\/p>\n<p><em>Ezen a m\u00e9rk\u0151z\u00e9sen b\u00fcszke voltam a l\u00e1nyokra, nyomait l\u00e1ttam az el\u0151z\u0151 heti U12 fordul\u00f3nak, ahol k\u00fczdeni akar\u00e1sb\u00f3l \u00e9s b\u00e1tors\u00e1gb\u00f3l nem volt hi\u00e1ny. B\u00e1tran \u00e9s okosan kezdt\u00fck az els\u0151 negyedet Luca \u00e9s Lilla vez\u00e9rlet\u00e9vel, gyors \u00e9s \u00fcgyes befejez\u00e9seket siker\u00fclt kos\u00e1rra v\u00e1ltanunk. Sajnos a m\u00e1sodik j\u00e1t\u00e9kr\u00e9szben megtorpantunk, az ellenf\u00e9l magas \u00e9s labd\u00e1val \u00fcgyes j\u00e1t\u00e9kos\u00e1ra nem tal\u00e1ltunk olyan v\u00e9d\u0151t, aki meg tudta volna nehez\u00edteni a dolg\u00e1t, ha pedig j\u00f3l v\u00e9dekezt\u00fcnk rajta, csapatt\u00e1rsainak engedt\u00fcnk k\u00f6nny\u0171 kosarakat. A f\u00e9lid\u0151ben siker\u00fclt megr\u00e1znunk magunkat, \u00f6r\u00fcltem, hogy nem feltett k\u00e9zzel versenyezt\u00fcnk. Kiemeln\u00e9m Elza, Luca, Lilla \u00e9s Rozi b\u00e1tor t\u00e1mad\u00f3j\u00e1t\u00e9k\u00e1t \u00e9s okos passzait<\/em> &#8211; mondta a csapat edz\u0151je, Lakosa-Kapornai D\u00f3ra.<\/p>\n<p><strong>Vasas Amazonok &#8211; \u00dajpest-MT\/A 58-74<\/strong> (16-13, 8+5-25+6, 18-14, 11-16)<br \/>\n<em>Pontszerz\u0151k:<\/em><br \/>\n<strong>Vasas Amazonok: <\/strong>Bal\u00e1zs Elza 9, Borosnyai Luca 9, Menyh\u00e9rt Lilla 9, Somos Rozi 6, Hajd\u00fa F\u00e1ni 6, Szab\u00f3 Emili 5\/3, Forg\u00e1cs Helga 5, Komor\u00f3czki Emma 4, Mohos Zs\u00f3fi 3, Koncz Minci 2<\/p>\n<p><em>A m\u00e1sodik m\u00e9rk\u0151z\u00e9sre \u00e9rezhet\u0151 volt a f\u00e1radts\u00e1g, de nem foghatjuk erre azt az er\u0151tlen, b\u00e1tortalan j\u00e1t\u00e9kot, amit a l\u00e1nyokt\u00f3l l\u00e1ttunk. Nem tudtuk r\u00e1venni \u0151ket az agressz\u00edv v\u00e9dekez\u00e9sre, \u00edgy a gyors kosarak is elmaradtak, fel\u00e1llt v\u00e9delem ellen pedig nem tudunk mit kezdeni a beh\u00faz\u00f3d\u00f3 v\u00e9dekez\u00e9s ellen, nem voltak egy-egy j\u00e1t\u00e9kok \u00e9s elmozdul\u00e1sok. A f\u00e9lidei h\u00e9t b\u00fcntet\u0151nek \u00f6r\u00fcltem, viszont a harmadik negyedben teljesen megadtuk magunkat, \u00edgy kialakult egy nagyobb k\u00fcl\u00f6nbs\u00e9g. Rem\u00e9lem, hogy id\u00e9n m\u00e9g fogunk tudni j\u00e1tszani a BEAC csapat\u00e1val, mert j\u00f3 lenne a l\u00e1nyoknak meg\u00e9rezni, hogy agressz\u00edv v\u00e9dekez\u00e9s \u00e9s labdaszerz\u00e9sek n\u00e9lk\u00fcl sajnos nem fogunk tudni meccset nyerni. Sajn\u00e1ltam, hogy az utols\u00f3 el\u0151tti fordul\u00f3ban 4-5 j\u00e1t\u00e9kosunk hi\u00e1nyzott, de a szezon v\u00e9g\u00e9hez k\u00f6zeledve szeretn\u00e9m v\u00e9gre l\u00e1tni, hogy ki tud lenni a jelenl\u00e9v\u0151 csapat vez\u00e9re, ki az, aki neh\u00e9z helyzetben is h\u00fazza a t\u00e1rsait<\/em> &#8211; \u00e9rt\u00e9kelt Lakosa-Kapornai D\u00f3ra.<\/p>\n<p><strong>BEAC \u00dajbuda KA\/A &#8211; Vasas Amazonok 43-31<\/strong> (9-5,11+6-9+7, 12-2, 5-8)<br \/>\n<em>Pontszerz\u0151k:<\/em><br \/>\n<strong>Vasas Amazonok:<\/strong> Bal\u00e1zs Elza 9, Borosnyai Luca 5, Simon Lizi 4, Koncz Minci 4, Menyh\u00e9rt Lilla 3, Mohos Zs\u00f3fi 2, Hajd\u00fa F\u00e1ni 2, Komor\u00f3czki Emma 1, Forg\u00e1cs Helga 1<\/p>\n","protected":false},"excerpt":{"rendered":"<p>A Vasas Amazonok U11-es csapata a 7. fordul\u00f3val folytatta a kenguru bajnoks\u00e1got, l\u00e1nyaink az \u00dajpest-MT\/A \u00e9s a BEAC \u00dajbuda KA\/A ellen l\u00e9ptek p\u00e1ly\u00e1ra. Sokat kivett l\u00e1nyainkb\u00f3l az els\u0151 \u00f6sszecsap\u00e1s, \u00edgy a m\u00e1sodik tal\u00e1lkoz\u00f3ra sem ment\u00e1lisan, sem fizik\u00e1lisan nem tudtuk oda tenni magunkat. Ezen a m\u00e9rk\u0151z\u00e9sen b\u00fcszke voltam a l\u00e1nyokra, nyomait l\u00e1ttam az el\u0151z\u0151 heti U12&#8230;<\/p>\n","protected":false},"author":3,"featured_media":15155,"comment_status":"closed","ping_status":"closed","sticky":false,"template":"","format":"standard","meta":{"footnotes":""},"categories":[74,92],"tags":[],"class_list":["post-15154","post","type-post","status-publish","format-standard","has-post-thumbnail","hentry","category-kenguru","category-hirek"],"yoast_head":"<!-- This site is optimized with the Yoast SEO plugin v26.0 - https:\/\/yoast.com\/wordpress\/plugins\/seo\/ -->\n<title>K\u00e9t kem\u00e9ny meccsen vannak t\u00fal az Amazonok - Vasas n\u0151i kos\u00e1rlabda<\/title>\n<meta name=\"robots\" content=\"index, follow, max-snippet:-1, max-image-preview:large, max-video-preview:-1\" \/>\n<link rel=\"canonical\" href=\"https:\/\/vasasbasket.hu\/index.php\/ket-kemeny-meccsen-vannak-tul-az-amazonok\/\" \/>\n<meta property=\"og:locale\" content=\"hu_HU\" \/>\n<meta property=\"og:type\" content=\"article\" \/>\n<meta property=\"og:title\" content=\"K\u00e9t kem\u00e9ny meccsen vannak t\u00fal az Amazonok - Vasas n\u0151i kos\u00e1rlabda\" \/>\n<meta property=\"og:description\" content=\"A Vasas Amazonok U11-es csapata a 7. fordul\u00f3val folytatta a kenguru bajnoks\u00e1got, l\u00e1nyaink az \u00dajpest-MT\/A \u00e9s a BEAC \u00dajbuda KA\/A ellen l\u00e9ptek p\u00e1ly\u00e1ra. Sokat kivett l\u00e1nyainkb\u00f3l az els\u0151 \u00f6sszecsap\u00e1s, \u00edgy a m\u00e1sodik tal\u00e1lkoz\u00f3ra sem ment\u00e1lisan, sem fizik\u00e1lisan nem tudtuk oda tenni magunkat. Ezen a m\u00e9rk\u0151z\u00e9sen b\u00fcszke voltam a l\u00e1nyokra, nyomait l\u00e1ttam az el\u0151z\u0151 heti U12...\" \/>\n<meta property=\"og:url\" content=\"https:\/\/vasasbasket.hu\/index.php\/ket-kemeny-meccsen-vannak-tul-az-amazonok\/\" \/>\n<meta property=\"og:site_name\" content=\"Vasas n\u0151i kos\u00e1rlabda\" \/>\n<meta property=\"article:publisher\" content=\"https:\/\/www.facebook.com\/vasaswbasket\/\" \/>\n<meta property=\"article:published_time\" content=\"2025-04-16T08:06:08+00:00\" \/>\n<meta property=\"og:image\" content=\"https:\/\/vasasbasket.hu\/wp-content\/uploads\/2025\/04\/unnamed-1-scaled-e1744789978393.jpg\" \/>\n\t<meta property=\"og:image:width\" content=\"2556\" \/>\n\t<meta property=\"og:image:height\" content=\"1460\" \/>\n\t<meta property=\"og:image:type\" content=\"image\/jpeg\" \/>\n<meta name=\"author\" content=\"Staszelis Rafal\" \/>\n<meta name=\"twitter:card\" content=\"summary_large_image\" \/>\n<meta name=\"twitter:label1\" content=\"Szerz\u0151:\" \/>\n\t<meta name=\"twitter:data1\" content=\"Staszelis Rafal\" \/>\n\t<meta name=\"twitter:label2\" content=\"Becs\u00fclt olvas\u00e1si id\u0151\" \/>\n\t<meta name=\"twitter:data2\" content=\"3 perc\" \/>\n<script type=\"application\/ld+json\" class=\"yoast-schema-graph\">{\"@context\":\"https:\/\/schema.org\",\"@graph\":[{\"@type\":\"Article\",\"@id\":\"https:\/\/vasasbasket.hu\/index.php\/ket-kemeny-meccsen-vannak-tul-az-amazonok\/#article\",\"isPartOf\":{\"@id\":\"https:\/\/vasasbasket.hu\/index.php\/ket-kemeny-meccsen-vannak-tul-az-amazonok\/\"},\"author\":{\"name\":\"Staszelis Rafal\",\"@id\":\"https:\/\/vasasbasket.hu\/#\/schema\/person\/cce3d40284d729c98742af771668678b\"},\"headline\":\"K\u00e9t kem\u00e9ny meccsen vannak t\u00fal az Amazonok\",\"datePublished\":\"2025-04-16T08:06:08+00:00\",\"mainEntityOfPage\":{\"@id\":\"https:\/\/vasasbasket.hu\/index.php\/ket-kemeny-meccsen-vannak-tul-az-amazonok\/\"},\"wordCount\":508,\"publisher\":{\"@id\":\"https:\/\/vasasbasket.hu\/#organization\"},\"image\":{\"@id\":\"https:\/\/vasasbasket.hu\/index.php\/ket-kemeny-meccsen-vannak-tul-az-amazonok\/#primaryimage\"},\"thumbnailUrl\":\"https:\/\/vasasbasket.hu\/wp-content\/uploads\/2025\/04\/unnamed-1-scaled-e1744789978393.jpg\",\"articleSection\":[\"Kenguru\",\"\u00d6sszes H\u00edr\"],\"inLanguage\":\"hu\"},{\"@type\":\"WebPage\",\"@id\":\"https:\/\/vasasbasket.hu\/index.php\/ket-kemeny-meccsen-vannak-tul-az-amazonok\/\",\"url\":\"https:\/\/vasasbasket.hu\/index.php\/ket-kemeny-meccsen-vannak-tul-az-amazonok\/\",\"name\":\"K\u00e9t kem\u00e9ny meccsen vannak t\u00fal az Amazonok - Vasas n\u0151i kos\u00e1rlabda\",\"isPartOf\":{\"@id\":\"https:\/\/vasasbasket.hu\/#website\"},\"primaryImageOfPage\":{\"@id\":\"https:\/\/vasasbasket.hu\/index.php\/ket-kemeny-meccsen-vannak-tul-az-amazonok\/#primaryimage\"},\"image\":{\"@id\":\"https:\/\/vasasbasket.hu\/index.php\/ket-kemeny-meccsen-vannak-tul-az-amazonok\/#primaryimage\"},\"thumbnailUrl\":\"https:\/\/vasasbasket.hu\/wp-content\/uploads\/2025\/04\/unnamed-1-scaled-e1744789978393.jpg\",\"datePublished\":\"2025-04-16T08:06:08+00:00\",\"breadcrumb\":{\"@id\":\"https:\/\/vasasbasket.hu\/index.php\/ket-kemeny-meccsen-vannak-tul-az-amazonok\/#breadcrumb\"},\"inLanguage\":\"hu\",\"potentialAction\":[{\"@type\":\"ReadAction\",\"target\":[\"https:\/\/vasasbasket.hu\/index.php\/ket-kemeny-meccsen-vannak-tul-az-amazonok\/\"]}]},{\"@type\":\"ImageObject\",\"inLanguage\":\"hu\",\"@id\":\"https:\/\/vasasbasket.hu\/index.php\/ket-kemeny-meccsen-vannak-tul-az-amazonok\/#primaryimage\",\"url\":\"https:\/\/vasasbasket.hu\/wp-content\/uploads\/2025\/04\/unnamed-1-scaled-e1744789978393.jpg\",\"contentUrl\":\"https:\/\/vasasbasket.hu\/wp-content\/uploads\/2025\/04\/unnamed-1-scaled-e1744789978393.jpg\",\"width\":2556,\"height\":1460},{\"@type\":\"BreadcrumbList\",\"@id\":\"https:\/\/vasasbasket.hu\/index.php\/ket-kemeny-meccsen-vannak-tul-az-amazonok\/#breadcrumb\",\"itemListElement\":[{\"@type\":\"ListItem\",\"position\":1,\"name\":\"Kezd\u0151lap\",\"item\":\"https:\/\/vasasbasket.hu\/\"},{\"@type\":\"ListItem\",\"position\":2,\"name\":\"K\u00e9t kem\u00e9ny meccsen vannak t\u00fal az Amazonok\"}]},{\"@type\":\"WebSite\",\"@id\":\"https:\/\/vasasbasket.hu\/#website\",\"url\":\"https:\/\/vasasbasket.hu\/\",\"name\":\"Vasas n\u0151i kos\u00e1rlabda\",\"description\":\"Vasas Basket N\u0151i\",\"publisher\":{\"@id\":\"https:\/\/vasasbasket.hu\/#organization\"},\"potentialAction\":[{\"@type\":\"SearchAction\",\"target\":{\"@type\":\"EntryPoint\",\"urlTemplate\":\"https:\/\/vasasbasket.hu\/?s={search_term_string}\"},\"query-input\":{\"@type\":\"PropertyValueSpecification\",\"valueRequired\":true,\"valueName\":\"search_term_string\"}}],\"inLanguage\":\"hu\"},{\"@type\":\"Organization\",\"@id\":\"https:\/\/vasasbasket.hu\/#organization\",\"name\":\"Vasas n\u0151i kos\u00e1rlabda\",\"url\":\"https:\/\/vasasbasket.hu\/\",\"logo\":{\"@type\":\"ImageObject\",\"inLanguage\":\"hu\",\"@id\":\"https:\/\/vasasbasket.hu\/#\/schema\/logo\/image\/\",\"url\":\"https:\/\/vasasbasket.hu\/wp-content\/uploads\/2017\/03\/vasas_cimer_1200.jpg\",\"contentUrl\":\"https:\/\/vasasbasket.hu\/wp-content\/uploads\/2017\/03\/vasas_cimer_1200.jpg\",\"width\":1200,\"height\":1200,\"caption\":\"Vasas n\u0151i kos\u00e1rlabda\"},\"image\":{\"@id\":\"https:\/\/vasasbasket.hu\/#\/schema\/logo\/image\/\"},\"sameAs\":[\"https:\/\/www.facebook.com\/vasaswbasket\/\"]},{\"@type\":\"Person\",\"@id\":\"https:\/\/vasasbasket.hu\/#\/schema\/person\/cce3d40284d729c98742af771668678b\",\"name\":\"Staszelis Rafal\",\"image\":{\"@type\":\"ImageObject\",\"inLanguage\":\"hu\",\"@id\":\"https:\/\/vasasbasket.hu\/#\/schema\/person\/image\/\",\"url\":\"https:\/\/secure.gravatar.com\/avatar\/dd648a2eae6e2ec122d87922ad625d8e10c16f8a8b4c7ab41bd9614806a230bb?s=96&d=mm&r=g\",\"contentUrl\":\"https:\/\/secure.gravatar.com\/avatar\/dd648a2eae6e2ec122d87922ad625d8e10c16f8a8b4c7ab41bd9614806a230bb?s=96&d=mm&r=g\",\"caption\":\"Staszelis Rafal\"},\"url\":\"https:\/\/vasasbasket.hu\/index.php\/author\/rafi\/\"}]}<\/script>\n<!-- \/ Yoast SEO plugin. -->","yoast_head_json":{"title":"K\u00e9t kem\u00e9ny meccsen vannak t\u00fal az Amazonok - Vasas n\u0151i kos\u00e1rlabda","robots":{"index":"index","follow":"follow","max-snippet":"max-snippet:-1","max-image-preview":"max-image-preview:large","max-video-preview":"max-video-preview:-1"},"canonical":"https:\/\/vasasbasket.hu\/index.php\/ket-kemeny-meccsen-vannak-tul-az-amazonok\/","og_locale":"hu_HU","og_type":"article","og_title":"K\u00e9t kem\u00e9ny meccsen vannak t\u00fal az Amazonok - Vasas n\u0151i kos\u00e1rlabda","og_description":"A Vasas Amazonok U11-es csapata a 7. fordul\u00f3val folytatta a kenguru bajnoks\u00e1got, l\u00e1nyaink az \u00dajpest-MT\/A \u00e9s a BEAC \u00dajbuda KA\/A ellen l\u00e9ptek p\u00e1ly\u00e1ra. Sokat kivett l\u00e1nyainkb\u00f3l az els\u0151 \u00f6sszecsap\u00e1s, \u00edgy a m\u00e1sodik tal\u00e1lkoz\u00f3ra sem ment\u00e1lisan, sem fizik\u00e1lisan nem tudtuk oda tenni magunkat. Ezen a m\u00e9rk\u0151z\u00e9sen b\u00fcszke voltam a l\u00e1nyokra, nyomait l\u00e1ttam az el\u0151z\u0151 heti U12...","og_url":"https:\/\/vasasbasket.hu\/index.php\/ket-kemeny-meccsen-vannak-tul-az-amazonok\/","og_site_name":"Vasas n\u0151i kos\u00e1rlabda","article_publisher":"https:\/\/www.facebook.com\/vasaswbasket\/","article_published_time":"2025-04-16T08:06:08+00:00","og_image":[{"width":2556,"height":1460,"url":"https:\/\/vasasbasket.hu\/wp-content\/uploads\/2025\/04\/unnamed-1-scaled-e1744789978393.jpg","type":"image\/jpeg"}],"author":"Staszelis Rafal","twitter_card":"summary_large_image","twitter_misc":{"Szerz\u0151:":"Staszelis Rafal","Becs\u00fclt olvas\u00e1si id\u0151":"3 perc"},"schema":{"@context":"https:\/\/schema.org","@graph":[{"@type":"Article","@id":"https:\/\/vasasbasket.hu\/index.php\/ket-kemeny-meccsen-vannak-tul-az-amazonok\/#article","isPartOf":{"@id":"https:\/\/vasasbasket.hu\/index.php\/ket-kemeny-meccsen-vannak-tul-az-amazonok\/"},"author":{"name":"Staszelis Rafal","@id":"https:\/\/vasasbasket.hu\/#\/schema\/person\/cce3d40284d729c98742af771668678b"},"headline":"K\u00e9t kem\u00e9ny meccsen vannak t\u00fal az Amazonok","datePublished":"2025-04-16T08:06:08+00:00","mainEntityOfPage":{"@id":"https:\/\/vasasbasket.hu\/index.php\/ket-kemeny-meccsen-vannak-tul-az-amazonok\/"},"wordCount":508,"publisher":{"@id":"https:\/\/vasasbasket.hu\/#organization"},"image":{"@id":"https:\/\/vasasbasket.hu\/index.php\/ket-kemeny-meccsen-vannak-tul-az-amazonok\/#primaryimage"},"thumbnailUrl":"https:\/\/vasasbasket.hu\/wp-content\/uploads\/2025\/04\/unnamed-1-scaled-e1744789978393.jpg","articleSection":["Kenguru","\u00d6sszes H\u00edr"],"inLanguage":"hu"},{"@type":"WebPage","@id":"https:\/\/vasasbasket.hu\/index.php\/ket-kemeny-meccsen-vannak-tul-az-amazonok\/","url":"https:\/\/vasasbasket.hu\/index.php\/ket-kemeny-meccsen-vannak-tul-az-amazonok\/","name":"K\u00e9t kem\u00e9ny meccsen vannak t\u00fal az Amazonok - Vasas n\u0151i kos\u00e1rlabda","isPartOf":{"@id":"https:\/\/vasasbasket.hu\/#website"},"primaryImageOfPage":{"@id":"https:\/\/vasasbasket.hu\/index.php\/ket-kemeny-meccsen-vannak-tul-az-amazonok\/#primaryimage"},"image":{"@id":"https:\/\/vasasbasket.hu\/index.php\/ket-kemeny-meccsen-vannak-tul-az-amazonok\/#primaryimage"},"thumbnailUrl":"https:\/\/vasasbasket.hu\/wp-content\/uploads\/2025\/04\/unnamed-1-scaled-e1744789978393.jpg","datePublished":"2025-04-16T08:06:08+00:00","breadcrumb":{"@id":"https:\/\/vasasbasket.hu\/index.php\/ket-kemeny-meccsen-vannak-tul-az-amazonok\/#breadcrumb"},"inLanguage":"hu","potentialAction":[{"@type":"ReadAction","target":["https:\/\/vasasbasket.hu\/index.php\/ket-kemeny-meccsen-vannak-tul-az-amazonok\/"]}]},{"@type":"ImageObject","inLanguage":"hu","@id":"https:\/\/vasasbasket.hu\/index.php\/ket-kemeny-meccsen-vannak-tul-az-amazonok\/#primaryimage","url":"https:\/\/vasasbasket.hu\/wp-content\/uploads\/2025\/04\/unnamed-1-scaled-e1744789978393.jpg","contentUrl":"https:\/\/vasasbasket.hu\/wp-content\/uploads\/2025\/04\/unnamed-1-scaled-e1744789978393.jpg","width":2556,"height":1460},{"@type":"BreadcrumbList","@id":"https:\/\/vasasbasket.hu\/index.php\/ket-kemeny-meccsen-vannak-tul-az-amazonok\/#breadcrumb","itemListElement":[{"@type":"ListItem","position":1,"name":"Kezd\u0151lap","item":"https:\/\/vasasbasket.hu\/"},{"@type":"ListItem","position":2,"name":"K\u00e9t kem\u00e9ny meccsen vannak t\u00fal az Amazonok"}]},{"@type":"WebSite","@id":"https:\/\/vasasbasket.hu\/#website","url":"https:\/\/vasasbasket.hu\/","name":"Vasas n\u0151i kos\u00e1rlabda","description":"Vasas Basket N\u0151i","publisher":{"@id":"https:\/\/vasasbasket.hu\/#organization"},"potentialAction":[{"@type":"SearchAction","target":{"@type":"EntryPoint","urlTemplate":"https:\/\/vasasbasket.hu\/?s={search_term_string}"},"query-input":{"@type":"PropertyValueSpecification","valueRequired":true,"valueName":"search_term_string"}}],"inLanguage":"hu"},{"@type":"Organization","@id":"https:\/\/vasasbasket.hu\/#organization","name":"Vasas n\u0151i kos\u00e1rlabda","url":"https:\/\/vasasbasket.hu\/","logo":{"@type":"ImageObject","inLanguage":"hu","@id":"https:\/\/vasasbasket.hu\/#\/schema\/logo\/image\/","url":"https:\/\/vasasbasket.hu\/wp-content\/uploads\/2017\/03\/vasas_cimer_1200.jpg","contentUrl":"https:\/\/vasasbasket.hu\/wp-content\/uploads\/2017\/03\/vasas_cimer_1200.jpg","width":1200,"height":1200,"caption":"Vasas n\u0151i kos\u00e1rlabda"},"image":{"@id":"https:\/\/vasasbasket.hu\/#\/schema\/logo\/image\/"},"sameAs":["https:\/\/www.facebook.com\/vasaswbasket\/"]},{"@type":"Person","@id":"https:\/\/vasasbasket.hu\/#\/schema\/person\/cce3d40284d729c98742af771668678b","name":"Staszelis Rafal","image":{"@type":"ImageObject","inLanguage":"hu","@id":"https:\/\/vasasbasket.hu\/#\/schema\/person\/image\/","url":"https:\/\/secure.gravatar.com\/avatar\/dd648a2eae6e2ec122d87922ad625d8e10c16f8a8b4c7ab41bd9614806a230bb?s=96&d=mm&r=g","contentUrl":"https:\/\/secure.gravatar.com\/avatar\/dd648a2eae6e2ec122d87922ad625d8e10c16f8a8b4c7ab41bd9614806a230bb?s=96&d=mm&r=g","caption":"Staszelis Rafal"},"url":"https:\/\/vasasbasket.hu\/index.php\/author\/rafi\/"}]}},"_links":{"self":[{"href":"https:\/\/vasasbasket.hu\/index.php\/wp-json\/wp\/v2\/posts\/15154","targetHints":{"allow":["GET"]}}],"collection":[{"href":"https:\/\/vasasbasket.hu\/index.php\/wp-json\/wp\/v2\/posts"}],"about":[{"href":"https:\/\/vasasbasket.hu\/index.php\/wp-json\/wp\/v2\/types\/post"}],"author":[{"embeddable":true,"href":"https:\/\/vasasbasket.hu\/index.php\/wp-json\/wp\/v2\/users\/3"}],"replies":[{"embeddable":true,"href":"https:\/\/vasasbasket.hu\/index.php\/wp-json\/wp\/v2\/comments?post=15154"}],"version-history":[{"count":1,"href":"https:\/\/vasasbasket.hu\/index.php\/wp-json\/wp\/v2\/posts\/15154\/revisions"}],"predecessor-version":[{"id":15156,"href":"https:\/\/vasasbasket.hu\/index.php\/wp-json\/wp\/v2\/posts\/15154\/revisions\/15156"}],"wp:featuredmedia":[{"embeddable":true,"href":"https:\/\/vasasbasket.hu\/index.php\/wp-json\/wp\/v2\/media\/15155"}],"wp:attachment":[{"href":"https:\/\/vasasbasket.hu\/index.php\/wp-json\/wp\/v2\/media?parent=15154"}],"wp:term":[{"taxonomy":"category","embeddable":true,"href":"https:\/\/vasasbasket.hu\/index.php\/wp-json\/wp\/v2\/categories?post=15154"},{"taxonomy":"post_tag","embeddable":true,"href":"https:\/\/vasasbasket.hu\/index.php\/wp-json\/wp\/v2\/tags?post=15154"}],"curies":[{"name":"wp","href":"https:\/\/api.w.org\/{rel}","templated":true}]}}