{"id":15144,"date":"2025-04-15T07:43:32","date_gmt":"2025-04-15T07:43:32","guid":{"rendered":"https:\/\/vasasbasket.hu\/?p=15144"},"modified":"2025-04-15T07:43:32","modified_gmt":"2025-04-15T07:43:32","slug":"tanulsagos-hetvegen-vannak-tul","status":"publish","type":"post","link":"https:\/\/vasasbasket.hu\/index.php\/tanulsagos-hetvegen-vannak-tul\/","title":{"rendered":"Tanuls\u00e1gos h\u00e9tv\u00e9g\u00e9n vannak t\u00fal"},"content":{"rendered":"<p><strong>Serd\u00fcl\u0151\/D csapatunk a region\u00e1lis bajnoks\u00e1gban l\u00e9pett p\u00e1ly\u00e1ra szombaton \u00e9s vas\u00e1rnap, l\u00e1nyaink az ICT PILOTS BASKET \u00e9s a Kiss Lenke KA\/B ellen l\u00e9ptek p\u00e1ly\u00e1ra. Nem volt k\u00f6nny\u0171 feladata fiataljainknak, az els\u0151 \u00f6sszecsap\u00e1son r\u00e1ad\u00e1sul nem voltunk ott fejben, a m\u00e1sodik tal\u00e1lkoz\u00f3ra viszont siker\u00fclt \u00f6sszeszedn\u00fcnk magunkat.<\/strong><\/p>\n<p><em>Ezen a m\u00e9rk\u0151z\u00e9sen, sajnos nem tudt\u00e1k megval\u00f3s\u00edtani a l\u00e1nyok, amiket k\u00e9rtem t\u0151l\u00fck, \u00e9s amiket az edz\u00e9seken gyakoroltunk. V\u00e9dekez\u00e9s\u00fcnk csak a harmadik negyedben volt megfelel\u0151, t\u00e1mad\u00e1sban pedig t\u00fals\u00e1gosan domin\u00e1lt az egy\u00e9ni j\u00e1t\u00e9k. Az els\u0151 h\u00e1rom j\u00e1t\u00e9kr\u00e9szben eg\u00e1lt tudtunk j\u00e1tszani, a negyedik negyedre azonban semmilyen param\u00e9ter szerint sem lehet\u00fcnk b\u00fcszk\u00e9k. Szeretn\u00e9m megdics\u00e9rni Sikl\u00f3ssy Hang\u00e1t, mert vez\u00e9re volt a csapatnak a tal\u00e1lkoz\u00f3 elej\u00e9n, Tak\u00e1cs Hann\u00e1t, mert nagyon j\u00f3l tartotta az ellenf\u00e9l magas j\u00e1t\u00e9kos\u00e1t \u00e9s remek\u00fcl szedte a v\u00e9d\u0151lepattan\u00f3kat, valamint Martinovits Viol\u00e1t mez\u0151nymunk\u00e1j\u00e1\u00e9rt \u00e9s a sz\u00e9p bet\u00f6r\u00e9sei\u00e9rt, k\u00f6z\u00e9pt\u00e1voli dob\u00e1sai\u00e9rt<\/em> &#8211; mondta a csapat edz\u0151je, Di\u00f3sadi De\u00e1k \u00c9va.<\/p>\n<p><strong>ICT PILOTS BASKET &#8211; Vasas Akad\u00e9mia\/D 55-48<\/strong> (13-14, 12-9, 6-12, 24-13)<br \/>\n<em>Pontszerz\u0151k:<\/em><br \/>\n<strong>Vasas Akad\u00e9mia\/D:<\/strong> Martinovits Viola 10, Kereszt\u00e9ny Olga 9\/3, Sikl\u00f3ssy Hanga 7, K\u00f3r\u00f3s Panna 6, Tomcs\u00e1nyi Anna 5, L\u00e9vai Janka 4, R\u00f3zsa Nat\u00e1lia 3, Dem\u00e9ny-Kapusy Lola 2, Tak\u00e1cs Hanna 2, N\u00e9meth Julianna, Izing Fl\u00f3ra, Ber\u00e1r-Gu\u00f3th Mira<\/p>\n<p><em>V\u00e9gig j\u00f3 m\u00e9rk\u0151z\u00e9st tudtunk j\u00e1tszani a KLKA \/B csapat\u00e1val. Igyekeztek a l\u00e1nyok v\u00e9grehajtani a v\u00e9d\u0151 \u00e9s a t\u00e1mad\u00f3 feladatokat, pozit\u00edv volt ez a v\u00e1ltoz\u00e1s a szombati m\u00e9rk\u0151z\u00e9shez k\u00e9pest. Tudtuk gyakorolni, amit az edz\u00e9seken tanulunk. Az els\u0151 f\u00e9lid\u0151ben m\u00e9g sok kosarat kaptunk, de a sz\u00fcnet ut\u00e1n jobban koncentr\u00e1ltunk az egy-egy v\u00e9d\u00e9sre, a gyenge oldali tol\u00f3d\u00e1sra \u00e9s az \u00fcres elz\u00e1r\u00e1sok v\u00e9d\u00e9s\u00e9re. Dics\u00e9retet \u00e9rdemel Martinovits Viola a mez\u0151nyben ny\u00fajtott teljes\u00edtm\u00e9ny\u00e9\u00e9rt, a v\u00e9d\u0151lepattan\u00f3i\u00e9rt \u00e9s a ponter\u0151s j\u00e1t\u00e9k\u00e1\u00e9rt. Tak\u00e1cs Hanna j\u00f3 labd\u00e1s bet\u00f6r\u00e9sei\u00e9rt, valamint K\u00f3r\u00f3s Panna \u00e9s Egri Tara az agressz\u00edv passzs\u00e1v v\u00e9d\u00e9s\u00e9rt, L\u00e9vai Lanka az egyre jobb egy-egy v\u00e9d\u00e9s\u00e9rt \u00e9s a pontos befejez\u00e9sek\u00e9rt, valamint Izing Fl\u00f3ra a koncentr\u00e1lt b\u00fcntet\u0151dob\u00e1sai\u00e9rt. Gratul\u00e1lok a l\u00e1nyoknak a m\u00e9rk\u0151z\u00e9sen ny\u00fajtott teljes\u00edtm\u00e9ny\u00fckh\u00f6z. Sokat tanultunk ebb\u0151l a m\u00e9rk\u0151z\u00e9sb\u0151l<\/em> &#8211; \u00e9rt\u00e9kelt Di\u00f3sadi De\u00e1k \u00c9va.<\/p>\n<p><strong>Vasas Akad\u00e9mia\/D &#8211; Kiss Lenke KA\/B 63-73<\/strong> (25-21, 12-23, 16-15, 10-14)<br \/>\n<em>Pontszerz\u0151k:<\/em><br \/>\n<strong>Vasas Akad\u00e9mia\/D:<\/strong> Martinovits Viola 18, Tak\u00e1cs Hanna 10, L\u00e9vai Janka 8, Kereszt\u00e9ny Olga 6, R\u00f3zsa Nat\u00e1lia 6, Izing Fl\u00f3ra 5, K\u00f3r\u00f3s Panna 4, Ol\u00e1h Bogl\u00e1rka 2, T\u00f6r\u0151 Zorka 2, Egri Tara 2, N\u00e9meth Julianna 4, Szeb\u00e9nyi R\u00f3za<\/p>\n","protected":false},"excerpt":{"rendered":"<p>Serd\u00fcl\u0151\/D csapatunk a region\u00e1lis bajnoks\u00e1gban l\u00e9pett p\u00e1ly\u00e1ra szombaton \u00e9s vas\u00e1rnap, l\u00e1nyaink az ICT PILOTS BASKET \u00e9s a Kiss Lenke KA\/B ellen l\u00e9ptek p\u00e1ly\u00e1ra. Nem volt k\u00f6nny\u0171 feladata fiataljainknak, az els\u0151 \u00f6sszecsap\u00e1son r\u00e1ad\u00e1sul nem voltunk ott fejben, a m\u00e1sodik tal\u00e1lkoz\u00f3ra viszont siker\u00fclt \u00f6sszeszedn\u00fcnk magunkat. Ezen a m\u00e9rk\u0151z\u00e9sen, sajnos nem tudt\u00e1k megval\u00f3s\u00edtani a l\u00e1nyok, amiket k\u00e9rtem t\u0151l\u00fck,&#8230;<\/p>\n","protected":false},"author":3,"featured_media":15145,"comment_status":"closed","ping_status":"closed","sticky":false,"template":"","format":"standard","meta":{"footnotes":""},"categories":[52,92],"tags":[],"class_list":["post-15144","post","type-post","status-publish","format-standard","has-post-thumbnail","hentry","category-serdulo","category-hirek"],"yoast_head":"<!-- This site is optimized with the Yoast SEO plugin v26.0 - https:\/\/yoast.com\/wordpress\/plugins\/seo\/ -->\n<title>Tanuls\u00e1gos h\u00e9tv\u00e9g\u00e9n vannak t\u00fal - Vasas n\u0151i kos\u00e1rlabda<\/title>\n<meta name=\"robots\" content=\"index, follow, max-snippet:-1, max-image-preview:large, max-video-preview:-1\" \/>\n<link rel=\"canonical\" href=\"https:\/\/vasasbasket.hu\/index.php\/tanulsagos-hetvegen-vannak-tul\/\" \/>\n<meta property=\"og:locale\" content=\"hu_HU\" \/>\n<meta property=\"og:type\" content=\"article\" \/>\n<meta property=\"og:title\" content=\"Tanuls\u00e1gos h\u00e9tv\u00e9g\u00e9n vannak t\u00fal - Vasas n\u0151i kos\u00e1rlabda\" \/>\n<meta property=\"og:description\" content=\"Serd\u00fcl\u0151\/D csapatunk a region\u00e1lis bajnoks\u00e1gban l\u00e9pett p\u00e1ly\u00e1ra szombaton \u00e9s vas\u00e1rnap, l\u00e1nyaink az ICT PILOTS BASKET \u00e9s a Kiss Lenke KA\/B ellen l\u00e9ptek p\u00e1ly\u00e1ra. Nem volt k\u00f6nny\u0171 feladata fiataljainknak, az els\u0151 \u00f6sszecsap\u00e1son r\u00e1ad\u00e1sul nem voltunk ott fejben, a m\u00e1sodik tal\u00e1lkoz\u00f3ra viszont siker\u00fclt \u00f6sszeszedn\u00fcnk magunkat. Ezen a m\u00e9rk\u0151z\u00e9sen, sajnos nem tudt\u00e1k megval\u00f3s\u00edtani a l\u00e1nyok, amiket k\u00e9rtem t\u0151l\u00fck,...\" \/>\n<meta property=\"og:url\" content=\"https:\/\/vasasbasket.hu\/index.php\/tanulsagos-hetvegen-vannak-tul\/\" \/>\n<meta property=\"og:site_name\" content=\"Vasas n\u0151i kos\u00e1rlabda\" \/>\n<meta property=\"article:publisher\" content=\"https:\/\/www.facebook.com\/vasaswbasket\/\" \/>\n<meta property=\"article:published_time\" content=\"2025-04-15T07:43:32+00:00\" \/>\n<meta property=\"og:image\" content=\"https:\/\/vasasbasket.hu\/wp-content\/uploads\/2025\/04\/IMG_6471-scaled.jpeg\" \/>\n\t<meta property=\"og:image:width\" content=\"2560\" \/>\n\t<meta property=\"og:image:height\" content=\"1920\" \/>\n\t<meta property=\"og:image:type\" content=\"image\/jpeg\" \/>\n<meta name=\"author\" content=\"Staszelis Rafal\" \/>\n<meta name=\"twitter:card\" content=\"summary_large_image\" \/>\n<meta name=\"twitter:label1\" content=\"Szerz\u0151:\" \/>\n\t<meta name=\"twitter:data1\" content=\"Staszelis Rafal\" \/>\n\t<meta name=\"twitter:label2\" content=\"Becs\u00fclt olvas\u00e1si id\u0151\" \/>\n\t<meta name=\"twitter:data2\" content=\"3 perc\" \/>\n<script type=\"application\/ld+json\" class=\"yoast-schema-graph\">{\"@context\":\"https:\/\/schema.org\",\"@graph\":[{\"@type\":\"Article\",\"@id\":\"https:\/\/vasasbasket.hu\/index.php\/tanulsagos-hetvegen-vannak-tul\/#article\",\"isPartOf\":{\"@id\":\"https:\/\/vasasbasket.hu\/index.php\/tanulsagos-hetvegen-vannak-tul\/\"},\"author\":{\"name\":\"Staszelis Rafal\",\"@id\":\"https:\/\/vasasbasket.hu\/#\/schema\/person\/cce3d40284d729c98742af771668678b\"},\"headline\":\"Tanuls\u00e1gos h\u00e9tv\u00e9g\u00e9n vannak t\u00fal\",\"datePublished\":\"2025-04-15T07:43:32+00:00\",\"mainEntityOfPage\":{\"@id\":\"https:\/\/vasasbasket.hu\/index.php\/tanulsagos-hetvegen-vannak-tul\/\"},\"wordCount\":559,\"publisher\":{\"@id\":\"https:\/\/vasasbasket.hu\/#organization\"},\"image\":{\"@id\":\"https:\/\/vasasbasket.hu\/index.php\/tanulsagos-hetvegen-vannak-tul\/#primaryimage\"},\"thumbnailUrl\":\"https:\/\/vasasbasket.hu\/wp-content\/uploads\/2025\/04\/IMG_6471-scaled.jpeg\",\"articleSection\":[\"Serd\u00fcl\u0151\",\"\u00d6sszes H\u00edr\"],\"inLanguage\":\"hu\"},{\"@type\":\"WebPage\",\"@id\":\"https:\/\/vasasbasket.hu\/index.php\/tanulsagos-hetvegen-vannak-tul\/\",\"url\":\"https:\/\/vasasbasket.hu\/index.php\/tanulsagos-hetvegen-vannak-tul\/\",\"name\":\"Tanuls\u00e1gos h\u00e9tv\u00e9g\u00e9n vannak t\u00fal - Vasas n\u0151i kos\u00e1rlabda\",\"isPartOf\":{\"@id\":\"https:\/\/vasasbasket.hu\/#website\"},\"primaryImageOfPage\":{\"@id\":\"https:\/\/vasasbasket.hu\/index.php\/tanulsagos-hetvegen-vannak-tul\/#primaryimage\"},\"image\":{\"@id\":\"https:\/\/vasasbasket.hu\/index.php\/tanulsagos-hetvegen-vannak-tul\/#primaryimage\"},\"thumbnailUrl\":\"https:\/\/vasasbasket.hu\/wp-content\/uploads\/2025\/04\/IMG_6471-scaled.jpeg\",\"datePublished\":\"2025-04-15T07:43:32+00:00\",\"breadcrumb\":{\"@id\":\"https:\/\/vasasbasket.hu\/index.php\/tanulsagos-hetvegen-vannak-tul\/#breadcrumb\"},\"inLanguage\":\"hu\",\"potentialAction\":[{\"@type\":\"ReadAction\",\"target\":[\"https:\/\/vasasbasket.hu\/index.php\/tanulsagos-hetvegen-vannak-tul\/\"]}]},{\"@type\":\"ImageObject\",\"inLanguage\":\"hu\",\"@id\":\"https:\/\/vasasbasket.hu\/index.php\/tanulsagos-hetvegen-vannak-tul\/#primaryimage\",\"url\":\"https:\/\/vasasbasket.hu\/wp-content\/uploads\/2025\/04\/IMG_6471-scaled.jpeg\",\"contentUrl\":\"https:\/\/vasasbasket.hu\/wp-content\/uploads\/2025\/04\/IMG_6471-scaled.jpeg\",\"width\":2560,\"height\":1920},{\"@type\":\"BreadcrumbList\",\"@id\":\"https:\/\/vasasbasket.hu\/index.php\/tanulsagos-hetvegen-vannak-tul\/#breadcrumb\",\"itemListElement\":[{\"@type\":\"ListItem\",\"position\":1,\"name\":\"Kezd\u0151lap\",\"item\":\"https:\/\/vasasbasket.hu\/\"},{\"@type\":\"ListItem\",\"position\":2,\"name\":\"Tanuls\u00e1gos h\u00e9tv\u00e9g\u00e9n vannak t\u00fal\"}]},{\"@type\":\"WebSite\",\"@id\":\"https:\/\/vasasbasket.hu\/#website\",\"url\":\"https:\/\/vasasbasket.hu\/\",\"name\":\"Vasas n\u0151i kos\u00e1rlabda\",\"description\":\"Vasas Basket N\u0151i\",\"publisher\":{\"@id\":\"https:\/\/vasasbasket.hu\/#organization\"},\"potentialAction\":[{\"@type\":\"SearchAction\",\"target\":{\"@type\":\"EntryPoint\",\"urlTemplate\":\"https:\/\/vasasbasket.hu\/?s={search_term_string}\"},\"query-input\":{\"@type\":\"PropertyValueSpecification\",\"valueRequired\":true,\"valueName\":\"search_term_string\"}}],\"inLanguage\":\"hu\"},{\"@type\":\"Organization\",\"@id\":\"https:\/\/vasasbasket.hu\/#organization\",\"name\":\"Vasas n\u0151i kos\u00e1rlabda\",\"url\":\"https:\/\/vasasbasket.hu\/\",\"logo\":{\"@type\":\"ImageObject\",\"inLanguage\":\"hu\",\"@id\":\"https:\/\/vasasbasket.hu\/#\/schema\/logo\/image\/\",\"url\":\"https:\/\/vasasbasket.hu\/wp-content\/uploads\/2017\/03\/vasas_cimer_1200.jpg\",\"contentUrl\":\"https:\/\/vasasbasket.hu\/wp-content\/uploads\/2017\/03\/vasas_cimer_1200.jpg\",\"width\":1200,\"height\":1200,\"caption\":\"Vasas n\u0151i kos\u00e1rlabda\"},\"image\":{\"@id\":\"https:\/\/vasasbasket.hu\/#\/schema\/logo\/image\/\"},\"sameAs\":[\"https:\/\/www.facebook.com\/vasaswbasket\/\"]},{\"@type\":\"Person\",\"@id\":\"https:\/\/vasasbasket.hu\/#\/schema\/person\/cce3d40284d729c98742af771668678b\",\"name\":\"Staszelis Rafal\",\"image\":{\"@type\":\"ImageObject\",\"inLanguage\":\"hu\",\"@id\":\"https:\/\/vasasbasket.hu\/#\/schema\/person\/image\/\",\"url\":\"https:\/\/secure.gravatar.com\/avatar\/dd648a2eae6e2ec122d87922ad625d8e10c16f8a8b4c7ab41bd9614806a230bb?s=96&d=mm&r=g\",\"contentUrl\":\"https:\/\/secure.gravatar.com\/avatar\/dd648a2eae6e2ec122d87922ad625d8e10c16f8a8b4c7ab41bd9614806a230bb?s=96&d=mm&r=g\",\"caption\":\"Staszelis Rafal\"},\"url\":\"https:\/\/vasasbasket.hu\/index.php\/author\/rafi\/\"}]}<\/script>\n<!-- \/ Yoast SEO plugin. -->","yoast_head_json":{"title":"Tanuls\u00e1gos h\u00e9tv\u00e9g\u00e9n vannak t\u00fal - Vasas n\u0151i kos\u00e1rlabda","robots":{"index":"index","follow":"follow","max-snippet":"max-snippet:-1","max-image-preview":"max-image-preview:large","max-video-preview":"max-video-preview:-1"},"canonical":"https:\/\/vasasbasket.hu\/index.php\/tanulsagos-hetvegen-vannak-tul\/","og_locale":"hu_HU","og_type":"article","og_title":"Tanuls\u00e1gos h\u00e9tv\u00e9g\u00e9n vannak t\u00fal - Vasas n\u0151i kos\u00e1rlabda","og_description":"Serd\u00fcl\u0151\/D csapatunk a region\u00e1lis bajnoks\u00e1gban l\u00e9pett p\u00e1ly\u00e1ra szombaton \u00e9s vas\u00e1rnap, l\u00e1nyaink az ICT PILOTS BASKET \u00e9s a Kiss Lenke KA\/B ellen l\u00e9ptek p\u00e1ly\u00e1ra. Nem volt k\u00f6nny\u0171 feladata fiataljainknak, az els\u0151 \u00f6sszecsap\u00e1son r\u00e1ad\u00e1sul nem voltunk ott fejben, a m\u00e1sodik tal\u00e1lkoz\u00f3ra viszont siker\u00fclt \u00f6sszeszedn\u00fcnk magunkat. Ezen a m\u00e9rk\u0151z\u00e9sen, sajnos nem tudt\u00e1k megval\u00f3s\u00edtani a l\u00e1nyok, amiket k\u00e9rtem t\u0151l\u00fck,...","og_url":"https:\/\/vasasbasket.hu\/index.php\/tanulsagos-hetvegen-vannak-tul\/","og_site_name":"Vasas n\u0151i kos\u00e1rlabda","article_publisher":"https:\/\/www.facebook.com\/vasaswbasket\/","article_published_time":"2025-04-15T07:43:32+00:00","og_image":[{"width":2560,"height":1920,"url":"https:\/\/vasasbasket.hu\/wp-content\/uploads\/2025\/04\/IMG_6471-scaled.jpeg","type":"image\/jpeg"}],"author":"Staszelis Rafal","twitter_card":"summary_large_image","twitter_misc":{"Szerz\u0151:":"Staszelis Rafal","Becs\u00fclt olvas\u00e1si id\u0151":"3 perc"},"schema":{"@context":"https:\/\/schema.org","@graph":[{"@type":"Article","@id":"https:\/\/vasasbasket.hu\/index.php\/tanulsagos-hetvegen-vannak-tul\/#article","isPartOf":{"@id":"https:\/\/vasasbasket.hu\/index.php\/tanulsagos-hetvegen-vannak-tul\/"},"author":{"name":"Staszelis Rafal","@id":"https:\/\/vasasbasket.hu\/#\/schema\/person\/cce3d40284d729c98742af771668678b"},"headline":"Tanuls\u00e1gos h\u00e9tv\u00e9g\u00e9n vannak t\u00fal","datePublished":"2025-04-15T07:43:32+00:00","mainEntityOfPage":{"@id":"https:\/\/vasasbasket.hu\/index.php\/tanulsagos-hetvegen-vannak-tul\/"},"wordCount":559,"publisher":{"@id":"https:\/\/vasasbasket.hu\/#organization"},"image":{"@id":"https:\/\/vasasbasket.hu\/index.php\/tanulsagos-hetvegen-vannak-tul\/#primaryimage"},"thumbnailUrl":"https:\/\/vasasbasket.hu\/wp-content\/uploads\/2025\/04\/IMG_6471-scaled.jpeg","articleSection":["Serd\u00fcl\u0151","\u00d6sszes H\u00edr"],"inLanguage":"hu"},{"@type":"WebPage","@id":"https:\/\/vasasbasket.hu\/index.php\/tanulsagos-hetvegen-vannak-tul\/","url":"https:\/\/vasasbasket.hu\/index.php\/tanulsagos-hetvegen-vannak-tul\/","name":"Tanuls\u00e1gos h\u00e9tv\u00e9g\u00e9n vannak t\u00fal - Vasas n\u0151i kos\u00e1rlabda","isPartOf":{"@id":"https:\/\/vasasbasket.hu\/#website"},"primaryImageOfPage":{"@id":"https:\/\/vasasbasket.hu\/index.php\/tanulsagos-hetvegen-vannak-tul\/#primaryimage"},"image":{"@id":"https:\/\/vasasbasket.hu\/index.php\/tanulsagos-hetvegen-vannak-tul\/#primaryimage"},"thumbnailUrl":"https:\/\/vasasbasket.hu\/wp-content\/uploads\/2025\/04\/IMG_6471-scaled.jpeg","datePublished":"2025-04-15T07:43:32+00:00","breadcrumb":{"@id":"https:\/\/vasasbasket.hu\/index.php\/tanulsagos-hetvegen-vannak-tul\/#breadcrumb"},"inLanguage":"hu","potentialAction":[{"@type":"ReadAction","target":["https:\/\/vasasbasket.hu\/index.php\/tanulsagos-hetvegen-vannak-tul\/"]}]},{"@type":"ImageObject","inLanguage":"hu","@id":"https:\/\/vasasbasket.hu\/index.php\/tanulsagos-hetvegen-vannak-tul\/#primaryimage","url":"https:\/\/vasasbasket.hu\/wp-content\/uploads\/2025\/04\/IMG_6471-scaled.jpeg","contentUrl":"https:\/\/vasasbasket.hu\/wp-content\/uploads\/2025\/04\/IMG_6471-scaled.jpeg","width":2560,"height":1920},{"@type":"BreadcrumbList","@id":"https:\/\/vasasbasket.hu\/index.php\/tanulsagos-hetvegen-vannak-tul\/#breadcrumb","itemListElement":[{"@type":"ListItem","position":1,"name":"Kezd\u0151lap","item":"https:\/\/vasasbasket.hu\/"},{"@type":"ListItem","position":2,"name":"Tanuls\u00e1gos h\u00e9tv\u00e9g\u00e9n vannak t\u00fal"}]},{"@type":"WebSite","@id":"https:\/\/vasasbasket.hu\/#website","url":"https:\/\/vasasbasket.hu\/","name":"Vasas n\u0151i kos\u00e1rlabda","description":"Vasas Basket N\u0151i","publisher":{"@id":"https:\/\/vasasbasket.hu\/#organization"},"potentialAction":[{"@type":"SearchAction","target":{"@type":"EntryPoint","urlTemplate":"https:\/\/vasasbasket.hu\/?s={search_term_string}"},"query-input":{"@type":"PropertyValueSpecification","valueRequired":true,"valueName":"search_term_string"}}],"inLanguage":"hu"},{"@type":"Organization","@id":"https:\/\/vasasbasket.hu\/#organization","name":"Vasas n\u0151i kos\u00e1rlabda","url":"https:\/\/vasasbasket.hu\/","logo":{"@type":"ImageObject","inLanguage":"hu","@id":"https:\/\/vasasbasket.hu\/#\/schema\/logo\/image\/","url":"https:\/\/vasasbasket.hu\/wp-content\/uploads\/2017\/03\/vasas_cimer_1200.jpg","contentUrl":"https:\/\/vasasbasket.hu\/wp-content\/uploads\/2017\/03\/vasas_cimer_1200.jpg","width":1200,"height":1200,"caption":"Vasas n\u0151i kos\u00e1rlabda"},"image":{"@id":"https:\/\/vasasbasket.hu\/#\/schema\/logo\/image\/"},"sameAs":["https:\/\/www.facebook.com\/vasaswbasket\/"]},{"@type":"Person","@id":"https:\/\/vasasbasket.hu\/#\/schema\/person\/cce3d40284d729c98742af771668678b","name":"Staszelis Rafal","image":{"@type":"ImageObject","inLanguage":"hu","@id":"https:\/\/vasasbasket.hu\/#\/schema\/person\/image\/","url":"https:\/\/secure.gravatar.com\/avatar\/dd648a2eae6e2ec122d87922ad625d8e10c16f8a8b4c7ab41bd9614806a230bb?s=96&d=mm&r=g","contentUrl":"https:\/\/secure.gravatar.com\/avatar\/dd648a2eae6e2ec122d87922ad625d8e10c16f8a8b4c7ab41bd9614806a230bb?s=96&d=mm&r=g","caption":"Staszelis Rafal"},"url":"https:\/\/vasasbasket.hu\/index.php\/author\/rafi\/"}]}},"_links":{"self":[{"href":"https:\/\/vasasbasket.hu\/index.php\/wp-json\/wp\/v2\/posts\/15144","targetHints":{"allow":["GET"]}}],"collection":[{"href":"https:\/\/vasasbasket.hu\/index.php\/wp-json\/wp\/v2\/posts"}],"about":[{"href":"https:\/\/vasasbasket.hu\/index.php\/wp-json\/wp\/v2\/types\/post"}],"author":[{"embeddable":true,"href":"https:\/\/vasasbasket.hu\/index.php\/wp-json\/wp\/v2\/users\/3"}],"replies":[{"embeddable":true,"href":"https:\/\/vasasbasket.hu\/index.php\/wp-json\/wp\/v2\/comments?post=15144"}],"version-history":[{"count":1,"href":"https:\/\/vasasbasket.hu\/index.php\/wp-json\/wp\/v2\/posts\/15144\/revisions"}],"predecessor-version":[{"id":15146,"href":"https:\/\/vasasbasket.hu\/index.php\/wp-json\/wp\/v2\/posts\/15144\/revisions\/15146"}],"wp:featuredmedia":[{"embeddable":true,"href":"https:\/\/vasasbasket.hu\/index.php\/wp-json\/wp\/v2\/media\/15145"}],"wp:attachment":[{"href":"https:\/\/vasasbasket.hu\/index.php\/wp-json\/wp\/v2\/media?parent=15144"}],"wp:term":[{"taxonomy":"category","embeddable":true,"href":"https:\/\/vasasbasket.hu\/index.php\/wp-json\/wp\/v2\/categories?post=15144"},{"taxonomy":"post_tag","embeddable":true,"href":"https:\/\/vasasbasket.hu\/index.php\/wp-json\/wp\/v2\/tags?post=15144"}],"curies":[{"name":"wp","href":"https:\/\/api.w.org\/{rel}","templated":true}]}}