{"id":14608,"date":"2025-01-04T16:37:02","date_gmt":"2025-01-04T16:37:02","guid":{"rendered":"https:\/\/vasasbasket.hu\/?p=14608"},"modified":"2025-01-04T16:37:02","modified_gmt":"2025-01-04T16:37:02","slug":"kupameccsel-kezdjuk-az-evet","status":"publish","type":"post","link":"https:\/\/vasasbasket.hu\/index.php\/kupameccsel-kezdjuk-az-evet\/","title":{"rendered":"Kupameccsel kezdj\u00fck az \u00e9vet"},"content":{"rendered":"<p><strong>Vas\u00e1rnap rendezik a Killik L\u00e1szl\u00f3 N\u0151i Magyar Kupa negyedd\u00f6nt\u0151it, melyen a Vasas Akad\u00e9mia a TFSE-MTK egy\u00fcttes\u00e9t fogadja hazai p\u00e1ly\u00e1n. Nenad Markovic csapata hossz\u00fa id\u0151 ut\u00e1n \u00fajra teljes, \u00edgy izgalmas m\u00e9rk\u0151z\u00e9sre sz\u00e1m\u00edthatunk Pasar\u00e9ten a szezonnyit\u00f3n.<\/strong><\/p>\n<p>2025 r\u00f6gt\u00f6n sz\u00e9p nosztalgikus eml\u00e9keket id\u00e9z, hiszen programf\u00fczet\u00fcnk a Killik L\u00e1szl\u00f3 N\u0151i Magyar Kup\u00e1val kezd\u0151dik az \u00faj\u00e9vben, amin tavaly l\u00e1nyaink \u00f3ri\u00e1si brav\u00fart \u00e9rtek el. El\u0151sz\u00f6r jutottunk be a sorozat n\u00e9gyes d\u00f6nt\u0151j\u00e9be, ami m\u00e1r \u00f6nmag\u00e1ban t\u00f6rt\u00e9nelmi sikernek sz\u00e1m\u00edtott. Nenad Markovic egy\u00fcttese id\u00e9n is ott van a legjobb nyolc csapat k\u00f6z\u00f6tt, az els\u0151 fordul\u00f3ban a TFSE-MTK lesz az ellenfel\u00fcnk. A bajnoki tabell\u00e1n mi \u00e1llunk jobban, egym\u00e1s elleni m\u00e9rleg\u00fcnk is jobb, hiszen hazai p\u00e1ly\u00e1n le tudtuk gy\u0151zni f\u0151v\u00e1rosi riv\u00e1lisunkat, r\u00e1ad\u00e1sul Dom Davis \u00e9s Moln\u00e1r-Bud\u00e1csik Dorka is fel\u00e9p\u00fclt s\u00e9r\u00fcl\u00e9s\u00e9b\u0151l. Motiv\u00e1ltan \u00e9s teljes kerettel v\u00e1rjuk teh\u00e1t az \u00f6sszecsap\u00e1st, a tov\u00e1bbjut\u00e1s azonban kor\u00e1ntsem lesz olyan egyszer\u0171. A TF ugyanis a nem t\u00fal ac\u00e9los bajnoki rajtot k\u00f6vet\u0151en a Sopront \u00e9s a Gy\u0151rt is le tudta gy\u0151zni.<\/p>\n<p><em>Az elm\u00falt hetek neh\u00e9zs\u00e9geit k\u00f6vet\u0151en v\u00e9gre ism\u00e9t teljes l\u00e9tsz\u00e1mmal k\u00e9sz\u00fclhett\u00fcnk, aminek nagyon \u00f6r\u00fcl\u00f6k. R\u00e9g\u00f3ta k\u00e9sz\u00fcl\u00fcnk erre a m\u00e9rk\u0151z\u00e9sre, edz\u00e9seken is sokszor a TF elleni j\u00e1t\u00e9k ker\u00fclt f\u00f3kuszba, \u00edgy b\u00edzom benne, hogy a bajnoki p\u00e1rharc ut\u00e1n a kup\u00e1ban is le tudjuk gy\u0151zni f\u0151v\u00e1rosi riv\u00e1lisunkat. Szeretn\u00e9nk ott lenni a legjobb n\u00e9gy csapat k\u00f6z\u00f6tt, ezzel a c\u00e9llal l\u00e9p\u00fcnk majd p\u00e1ly\u00e1ra<\/em> &#8211; nyilatkozott a m\u00e9rk\u0151z\u00e9s el\u0151tt Nenad Markovic, a Vasas Akad\u00e9mia vezet\u0151edz\u0151je.<\/p>\n<p>A m\u00e9rk\u0151z\u00e9s el\u0151tti nyilatkozatot <a href=\"https:\/\/www.youtube.com\/watch?v=KilNFTfYMZ8\"><strong>ide kattintva<\/strong><\/a> lehet megtekinteni.<\/p>\n<p>A Vasas Akad\u00e9mia \u2013 TFSE-MTK tal\u00e1lkoz\u00f3 vas\u00e1rnap 18:00-kor kezd\u0151dik a Vasas Pasar\u00e9ti Sportcentrumban.<\/p>\n<p>Minden szurkol\u00f3t szeretettel v\u00e1runk!<\/p>\n","protected":false},"excerpt":{"rendered":"<p>Vas\u00e1rnap rendezik a Killik L\u00e1szl\u00f3 N\u0151i Magyar Kupa negyedd\u00f6nt\u0151it, melyen a Vasas Akad\u00e9mia a TFSE-MTK egy\u00fcttes\u00e9t fogadja hazai p\u00e1ly\u00e1n. Nenad Markovic csapata hossz\u00fa id\u0151 ut\u00e1n \u00fajra teljes, \u00edgy izgalmas m\u00e9rk\u0151z\u00e9sre sz\u00e1m\u00edthatunk Pasar\u00e9ten a szezonnyit\u00f3n. 2025 r\u00f6gt\u00f6n sz\u00e9p nosztalgikus eml\u00e9keket id\u00e9z, hiszen programf\u00fczet\u00fcnk a Killik L\u00e1szl\u00f3 N\u0151i Magyar Kup\u00e1val kezd\u0151dik az \u00faj\u00e9vben, amin tavaly l\u00e1nyaink \u00f3ri\u00e1si&#8230;<\/p>\n","protected":false},"author":3,"featured_media":14609,"comment_status":"closed","ping_status":"closed","sticky":false,"template":"","format":"standard","meta":{"footnotes":""},"categories":[92],"tags":[],"class_list":["post-14608","post","type-post","status-publish","format-standard","has-post-thumbnail","hentry","category-hirek"],"yoast_head":"<!-- This site is optimized with the Yoast SEO plugin v26.0 - https:\/\/yoast.com\/wordpress\/plugins\/seo\/ -->\n<title>Kupameccsel kezdj\u00fck az \u00e9vet - Vasas n\u0151i kos\u00e1rlabda<\/title>\n<meta name=\"robots\" content=\"index, follow, max-snippet:-1, max-image-preview:large, max-video-preview:-1\" \/>\n<link rel=\"canonical\" href=\"https:\/\/vasasbasket.hu\/index.php\/kupameccsel-kezdjuk-az-evet\/\" \/>\n<meta property=\"og:locale\" content=\"hu_HU\" \/>\n<meta property=\"og:type\" content=\"article\" \/>\n<meta property=\"og:title\" content=\"Kupameccsel kezdj\u00fck az \u00e9vet - Vasas n\u0151i kos\u00e1rlabda\" \/>\n<meta property=\"og:description\" content=\"Vas\u00e1rnap rendezik a Killik L\u00e1szl\u00f3 N\u0151i Magyar Kupa negyedd\u00f6nt\u0151it, melyen a Vasas Akad\u00e9mia a TFSE-MTK egy\u00fcttes\u00e9t fogadja hazai p\u00e1ly\u00e1n. Nenad Markovic csapata hossz\u00fa id\u0151 ut\u00e1n \u00fajra teljes, \u00edgy izgalmas m\u00e9rk\u0151z\u00e9sre sz\u00e1m\u00edthatunk Pasar\u00e9ten a szezonnyit\u00f3n. 2025 r\u00f6gt\u00f6n sz\u00e9p nosztalgikus eml\u00e9keket id\u00e9z, hiszen programf\u00fczet\u00fcnk a Killik L\u00e1szl\u00f3 N\u0151i Magyar Kup\u00e1val kezd\u0151dik az \u00faj\u00e9vben, amin tavaly l\u00e1nyaink \u00f3ri\u00e1si...\" \/>\n<meta property=\"og:url\" content=\"https:\/\/vasasbasket.hu\/index.php\/kupameccsel-kezdjuk-az-evet\/\" \/>\n<meta property=\"og:site_name\" content=\"Vasas n\u0151i kos\u00e1rlabda\" \/>\n<meta property=\"article:publisher\" content=\"https:\/\/www.facebook.com\/vasaswbasket\/\" \/>\n<meta property=\"article:published_time\" content=\"2025-01-04T16:37:02+00:00\" \/>\n<meta property=\"og:image\" content=\"https:\/\/vasasbasket.hu\/wp-content\/uploads\/2025\/01\/20241012_IF_00010.jpg\" \/>\n\t<meta property=\"og:image:width\" content=\"2500\" \/>\n\t<meta property=\"og:image:height\" content=\"1667\" \/>\n\t<meta property=\"og:image:type\" content=\"image\/jpeg\" \/>\n<meta name=\"author\" content=\"Staszelis Rafal\" \/>\n<meta name=\"twitter:card\" content=\"summary_large_image\" \/>\n<meta name=\"twitter:label1\" content=\"Szerz\u0151:\" \/>\n\t<meta name=\"twitter:data1\" content=\"Staszelis Rafal\" \/>\n\t<meta name=\"twitter:label2\" content=\"Becs\u00fclt olvas\u00e1si id\u0151\" \/>\n\t<meta name=\"twitter:data2\" content=\"2 perc\" \/>\n<script type=\"application\/ld+json\" class=\"yoast-schema-graph\">{\"@context\":\"https:\/\/schema.org\",\"@graph\":[{\"@type\":\"Article\",\"@id\":\"https:\/\/vasasbasket.hu\/index.php\/kupameccsel-kezdjuk-az-evet\/#article\",\"isPartOf\":{\"@id\":\"https:\/\/vasasbasket.hu\/index.php\/kupameccsel-kezdjuk-az-evet\/\"},\"author\":{\"name\":\"Staszelis Rafal\",\"@id\":\"https:\/\/vasasbasket.hu\/#\/schema\/person\/cce3d40284d729c98742af771668678b\"},\"headline\":\"Kupameccsel kezdj\u00fck az \u00e9vet\",\"datePublished\":\"2025-01-04T16:37:02+00:00\",\"mainEntityOfPage\":{\"@id\":\"https:\/\/vasasbasket.hu\/index.php\/kupameccsel-kezdjuk-az-evet\/\"},\"wordCount\":396,\"publisher\":{\"@id\":\"https:\/\/vasasbasket.hu\/#organization\"},\"image\":{\"@id\":\"https:\/\/vasasbasket.hu\/index.php\/kupameccsel-kezdjuk-az-evet\/#primaryimage\"},\"thumbnailUrl\":\"https:\/\/vasasbasket.hu\/wp-content\/uploads\/2025\/01\/20241012_IF_00010.jpg\",\"articleSection\":[\"\u00d6sszes H\u00edr\"],\"inLanguage\":\"hu\"},{\"@type\":\"WebPage\",\"@id\":\"https:\/\/vasasbasket.hu\/index.php\/kupameccsel-kezdjuk-az-evet\/\",\"url\":\"https:\/\/vasasbasket.hu\/index.php\/kupameccsel-kezdjuk-az-evet\/\",\"name\":\"Kupameccsel kezdj\u00fck az \u00e9vet - Vasas n\u0151i kos\u00e1rlabda\",\"isPartOf\":{\"@id\":\"https:\/\/vasasbasket.hu\/#website\"},\"primaryImageOfPage\":{\"@id\":\"https:\/\/vasasbasket.hu\/index.php\/kupameccsel-kezdjuk-az-evet\/#primaryimage\"},\"image\":{\"@id\":\"https:\/\/vasasbasket.hu\/index.php\/kupameccsel-kezdjuk-az-evet\/#primaryimage\"},\"thumbnailUrl\":\"https:\/\/vasasbasket.hu\/wp-content\/uploads\/2025\/01\/20241012_IF_00010.jpg\",\"datePublished\":\"2025-01-04T16:37:02+00:00\",\"breadcrumb\":{\"@id\":\"https:\/\/vasasbasket.hu\/index.php\/kupameccsel-kezdjuk-az-evet\/#breadcrumb\"},\"inLanguage\":\"hu\",\"potentialAction\":[{\"@type\":\"ReadAction\",\"target\":[\"https:\/\/vasasbasket.hu\/index.php\/kupameccsel-kezdjuk-az-evet\/\"]}]},{\"@type\":\"ImageObject\",\"inLanguage\":\"hu\",\"@id\":\"https:\/\/vasasbasket.hu\/index.php\/kupameccsel-kezdjuk-az-evet\/#primaryimage\",\"url\":\"https:\/\/vasasbasket.hu\/wp-content\/uploads\/2025\/01\/20241012_IF_00010.jpg\",\"contentUrl\":\"https:\/\/vasasbasket.hu\/wp-content\/uploads\/2025\/01\/20241012_IF_00010.jpg\",\"width\":2500,\"height\":1667},{\"@type\":\"BreadcrumbList\",\"@id\":\"https:\/\/vasasbasket.hu\/index.php\/kupameccsel-kezdjuk-az-evet\/#breadcrumb\",\"itemListElement\":[{\"@type\":\"ListItem\",\"position\":1,\"name\":\"Kezd\u0151lap\",\"item\":\"https:\/\/vasasbasket.hu\/\"},{\"@type\":\"ListItem\",\"position\":2,\"name\":\"Kupameccsel kezdj\u00fck az \u00e9vet\"}]},{\"@type\":\"WebSite\",\"@id\":\"https:\/\/vasasbasket.hu\/#website\",\"url\":\"https:\/\/vasasbasket.hu\/\",\"name\":\"Vasas n\u0151i kos\u00e1rlabda\",\"description\":\"Vasas Basket N\u0151i\",\"publisher\":{\"@id\":\"https:\/\/vasasbasket.hu\/#organization\"},\"potentialAction\":[{\"@type\":\"SearchAction\",\"target\":{\"@type\":\"EntryPoint\",\"urlTemplate\":\"https:\/\/vasasbasket.hu\/?s={search_term_string}\"},\"query-input\":{\"@type\":\"PropertyValueSpecification\",\"valueRequired\":true,\"valueName\":\"search_term_string\"}}],\"inLanguage\":\"hu\"},{\"@type\":\"Organization\",\"@id\":\"https:\/\/vasasbasket.hu\/#organization\",\"name\":\"Vasas n\u0151i kos\u00e1rlabda\",\"url\":\"https:\/\/vasasbasket.hu\/\",\"logo\":{\"@type\":\"ImageObject\",\"inLanguage\":\"hu\",\"@id\":\"https:\/\/vasasbasket.hu\/#\/schema\/logo\/image\/\",\"url\":\"https:\/\/vasasbasket.hu\/wp-content\/uploads\/2017\/03\/vasas_cimer_1200.jpg\",\"contentUrl\":\"https:\/\/vasasbasket.hu\/wp-content\/uploads\/2017\/03\/vasas_cimer_1200.jpg\",\"width\":1200,\"height\":1200,\"caption\":\"Vasas n\u0151i kos\u00e1rlabda\"},\"image\":{\"@id\":\"https:\/\/vasasbasket.hu\/#\/schema\/logo\/image\/\"},\"sameAs\":[\"https:\/\/www.facebook.com\/vasaswbasket\/\"]},{\"@type\":\"Person\",\"@id\":\"https:\/\/vasasbasket.hu\/#\/schema\/person\/cce3d40284d729c98742af771668678b\",\"name\":\"Staszelis Rafal\",\"image\":{\"@type\":\"ImageObject\",\"inLanguage\":\"hu\",\"@id\":\"https:\/\/vasasbasket.hu\/#\/schema\/person\/image\/\",\"url\":\"https:\/\/secure.gravatar.com\/avatar\/dd648a2eae6e2ec122d87922ad625d8e10c16f8a8b4c7ab41bd9614806a230bb?s=96&d=mm&r=g\",\"contentUrl\":\"https:\/\/secure.gravatar.com\/avatar\/dd648a2eae6e2ec122d87922ad625d8e10c16f8a8b4c7ab41bd9614806a230bb?s=96&d=mm&r=g\",\"caption\":\"Staszelis Rafal\"},\"url\":\"https:\/\/vasasbasket.hu\/index.php\/author\/rafi\/\"}]}<\/script>\n<!-- \/ Yoast SEO plugin. -->","yoast_head_json":{"title":"Kupameccsel kezdj\u00fck az \u00e9vet - Vasas n\u0151i kos\u00e1rlabda","robots":{"index":"index","follow":"follow","max-snippet":"max-snippet:-1","max-image-preview":"max-image-preview:large","max-video-preview":"max-video-preview:-1"},"canonical":"https:\/\/vasasbasket.hu\/index.php\/kupameccsel-kezdjuk-az-evet\/","og_locale":"hu_HU","og_type":"article","og_title":"Kupameccsel kezdj\u00fck az \u00e9vet - Vasas n\u0151i kos\u00e1rlabda","og_description":"Vas\u00e1rnap rendezik a Killik L\u00e1szl\u00f3 N\u0151i Magyar Kupa negyedd\u00f6nt\u0151it, melyen a Vasas Akad\u00e9mia a TFSE-MTK egy\u00fcttes\u00e9t fogadja hazai p\u00e1ly\u00e1n. Nenad Markovic csapata hossz\u00fa id\u0151 ut\u00e1n \u00fajra teljes, \u00edgy izgalmas m\u00e9rk\u0151z\u00e9sre sz\u00e1m\u00edthatunk Pasar\u00e9ten a szezonnyit\u00f3n. 2025 r\u00f6gt\u00f6n sz\u00e9p nosztalgikus eml\u00e9keket id\u00e9z, hiszen programf\u00fczet\u00fcnk a Killik L\u00e1szl\u00f3 N\u0151i Magyar Kup\u00e1val kezd\u0151dik az \u00faj\u00e9vben, amin tavaly l\u00e1nyaink \u00f3ri\u00e1si...","og_url":"https:\/\/vasasbasket.hu\/index.php\/kupameccsel-kezdjuk-az-evet\/","og_site_name":"Vasas n\u0151i kos\u00e1rlabda","article_publisher":"https:\/\/www.facebook.com\/vasaswbasket\/","article_published_time":"2025-01-04T16:37:02+00:00","og_image":[{"width":2500,"height":1667,"url":"https:\/\/vasasbasket.hu\/wp-content\/uploads\/2025\/01\/20241012_IF_00010.jpg","type":"image\/jpeg"}],"author":"Staszelis Rafal","twitter_card":"summary_large_image","twitter_misc":{"Szerz\u0151:":"Staszelis Rafal","Becs\u00fclt olvas\u00e1si id\u0151":"2 perc"},"schema":{"@context":"https:\/\/schema.org","@graph":[{"@type":"Article","@id":"https:\/\/vasasbasket.hu\/index.php\/kupameccsel-kezdjuk-az-evet\/#article","isPartOf":{"@id":"https:\/\/vasasbasket.hu\/index.php\/kupameccsel-kezdjuk-az-evet\/"},"author":{"name":"Staszelis Rafal","@id":"https:\/\/vasasbasket.hu\/#\/schema\/person\/cce3d40284d729c98742af771668678b"},"headline":"Kupameccsel kezdj\u00fck az \u00e9vet","datePublished":"2025-01-04T16:37:02+00:00","mainEntityOfPage":{"@id":"https:\/\/vasasbasket.hu\/index.php\/kupameccsel-kezdjuk-az-evet\/"},"wordCount":396,"publisher":{"@id":"https:\/\/vasasbasket.hu\/#organization"},"image":{"@id":"https:\/\/vasasbasket.hu\/index.php\/kupameccsel-kezdjuk-az-evet\/#primaryimage"},"thumbnailUrl":"https:\/\/vasasbasket.hu\/wp-content\/uploads\/2025\/01\/20241012_IF_00010.jpg","articleSection":["\u00d6sszes H\u00edr"],"inLanguage":"hu"},{"@type":"WebPage","@id":"https:\/\/vasasbasket.hu\/index.php\/kupameccsel-kezdjuk-az-evet\/","url":"https:\/\/vasasbasket.hu\/index.php\/kupameccsel-kezdjuk-az-evet\/","name":"Kupameccsel kezdj\u00fck az \u00e9vet - Vasas n\u0151i kos\u00e1rlabda","isPartOf":{"@id":"https:\/\/vasasbasket.hu\/#website"},"primaryImageOfPage":{"@id":"https:\/\/vasasbasket.hu\/index.php\/kupameccsel-kezdjuk-az-evet\/#primaryimage"},"image":{"@id":"https:\/\/vasasbasket.hu\/index.php\/kupameccsel-kezdjuk-az-evet\/#primaryimage"},"thumbnailUrl":"https:\/\/vasasbasket.hu\/wp-content\/uploads\/2025\/01\/20241012_IF_00010.jpg","datePublished":"2025-01-04T16:37:02+00:00","breadcrumb":{"@id":"https:\/\/vasasbasket.hu\/index.php\/kupameccsel-kezdjuk-az-evet\/#breadcrumb"},"inLanguage":"hu","potentialAction":[{"@type":"ReadAction","target":["https:\/\/vasasbasket.hu\/index.php\/kupameccsel-kezdjuk-az-evet\/"]}]},{"@type":"ImageObject","inLanguage":"hu","@id":"https:\/\/vasasbasket.hu\/index.php\/kupameccsel-kezdjuk-az-evet\/#primaryimage","url":"https:\/\/vasasbasket.hu\/wp-content\/uploads\/2025\/01\/20241012_IF_00010.jpg","contentUrl":"https:\/\/vasasbasket.hu\/wp-content\/uploads\/2025\/01\/20241012_IF_00010.jpg","width":2500,"height":1667},{"@type":"BreadcrumbList","@id":"https:\/\/vasasbasket.hu\/index.php\/kupameccsel-kezdjuk-az-evet\/#breadcrumb","itemListElement":[{"@type":"ListItem","position":1,"name":"Kezd\u0151lap","item":"https:\/\/vasasbasket.hu\/"},{"@type":"ListItem","position":2,"name":"Kupameccsel kezdj\u00fck az \u00e9vet"}]},{"@type":"WebSite","@id":"https:\/\/vasasbasket.hu\/#website","url":"https:\/\/vasasbasket.hu\/","name":"Vasas n\u0151i kos\u00e1rlabda","description":"Vasas Basket N\u0151i","publisher":{"@id":"https:\/\/vasasbasket.hu\/#organization"},"potentialAction":[{"@type":"SearchAction","target":{"@type":"EntryPoint","urlTemplate":"https:\/\/vasasbasket.hu\/?s={search_term_string}"},"query-input":{"@type":"PropertyValueSpecification","valueRequired":true,"valueName":"search_term_string"}}],"inLanguage":"hu"},{"@type":"Organization","@id":"https:\/\/vasasbasket.hu\/#organization","name":"Vasas n\u0151i kos\u00e1rlabda","url":"https:\/\/vasasbasket.hu\/","logo":{"@type":"ImageObject","inLanguage":"hu","@id":"https:\/\/vasasbasket.hu\/#\/schema\/logo\/image\/","url":"https:\/\/vasasbasket.hu\/wp-content\/uploads\/2017\/03\/vasas_cimer_1200.jpg","contentUrl":"https:\/\/vasasbasket.hu\/wp-content\/uploads\/2017\/03\/vasas_cimer_1200.jpg","width":1200,"height":1200,"caption":"Vasas n\u0151i kos\u00e1rlabda"},"image":{"@id":"https:\/\/vasasbasket.hu\/#\/schema\/logo\/image\/"},"sameAs":["https:\/\/www.facebook.com\/vasaswbasket\/"]},{"@type":"Person","@id":"https:\/\/vasasbasket.hu\/#\/schema\/person\/cce3d40284d729c98742af771668678b","name":"Staszelis Rafal","image":{"@type":"ImageObject","inLanguage":"hu","@id":"https:\/\/vasasbasket.hu\/#\/schema\/person\/image\/","url":"https:\/\/secure.gravatar.com\/avatar\/dd648a2eae6e2ec122d87922ad625d8e10c16f8a8b4c7ab41bd9614806a230bb?s=96&d=mm&r=g","contentUrl":"https:\/\/secure.gravatar.com\/avatar\/dd648a2eae6e2ec122d87922ad625d8e10c16f8a8b4c7ab41bd9614806a230bb?s=96&d=mm&r=g","caption":"Staszelis Rafal"},"url":"https:\/\/vasasbasket.hu\/index.php\/author\/rafi\/"}]}},"_links":{"self":[{"href":"https:\/\/vasasbasket.hu\/index.php\/wp-json\/wp\/v2\/posts\/14608","targetHints":{"allow":["GET"]}}],"collection":[{"href":"https:\/\/vasasbasket.hu\/index.php\/wp-json\/wp\/v2\/posts"}],"about":[{"href":"https:\/\/vasasbasket.hu\/index.php\/wp-json\/wp\/v2\/types\/post"}],"author":[{"embeddable":true,"href":"https:\/\/vasasbasket.hu\/index.php\/wp-json\/wp\/v2\/users\/3"}],"replies":[{"embeddable":true,"href":"https:\/\/vasasbasket.hu\/index.php\/wp-json\/wp\/v2\/comments?post=14608"}],"version-history":[{"count":1,"href":"https:\/\/vasasbasket.hu\/index.php\/wp-json\/wp\/v2\/posts\/14608\/revisions"}],"predecessor-version":[{"id":14610,"href":"https:\/\/vasasbasket.hu\/index.php\/wp-json\/wp\/v2\/posts\/14608\/revisions\/14610"}],"wp:featuredmedia":[{"embeddable":true,"href":"https:\/\/vasasbasket.hu\/index.php\/wp-json\/wp\/v2\/media\/14609"}],"wp:attachment":[{"href":"https:\/\/vasasbasket.hu\/index.php\/wp-json\/wp\/v2\/media?parent=14608"}],"wp:term":[{"taxonomy":"category","embeddable":true,"href":"https:\/\/vasasbasket.hu\/index.php\/wp-json\/wp\/v2\/categories?post=14608"},{"taxonomy":"post_tag","embeddable":true,"href":"https:\/\/vasasbasket.hu\/index.php\/wp-json\/wp\/v2\/tags?post=14608"}],"curies":[{"name":"wp","href":"https:\/\/api.w.org\/{rel}","templated":true}]}}