{"id":14537,"date":"2024-12-14T20:32:00","date_gmt":"2024-12-14T20:32:00","guid":{"rendered":"https:\/\/vasasbasket.hu\/?p=14537"},"modified":"2024-12-14T21:01:14","modified_gmt":"2024-12-14T21:01:14","slug":"magabiztos-jatekkal-megvan-a-hetedik-gyozelmunk","status":"publish","type":"post","link":"https:\/\/vasasbasket.hu\/index.php\/magabiztos-jatekkal-megvan-a-hetedik-gyozelmunk\/","title":{"rendered":"Magabiztos j\u00e1t\u00e9kkal megvan a hetedik gy\u0151zelm\u00fcnk"},"content":{"rendered":"<p><strong>Kiv\u00e1l\u00f3an teljes\u00edtett a Vasas Akad\u00e9mia a Tippmix N\u0151i NBI\/A bajnoks\u00e1g 12. fordul\u00f3j\u00e1n a D\u00e1vid Korn\u00e9l KA ellen. Nenad Markovic tan\u00edtv\u00e1nyai remek energi\u00e1val, magabiztosan j\u00e1tszottak, ami egy k\u00f6zel h\u00fasz pontos, 83-64-es gy\u0151zelmet eredm\u00e9nyezett.<\/strong><\/p>\n<p>Moln\u00e1r-Bud\u00e1csik Dorka bokas\u00e9r\u00fcl\u00e9s miatt nem tudott p\u00e1ly\u00e1ra l\u00e9pni, n\u00e9lk\u00fcl\u00f6zni kellett teh\u00e1t a csapatkapit\u00e1nyt, visszat\u00e9rt azonban Mad\u00e1r Eszti, aki \u00edgy r\u00f6gt\u00f6n a kezd\u0151ben kapott helyet. Az els\u0151 bedob\u00e1ssal m\u00e9g nem indult el a tal\u00e1lkoz\u00f3, tartott labda miatt ugyanis a mieink\u00e9n\u00e9l Szerencs\u00e9s Tami ugorhatott a kezd\u0151 k\u00f6rb\u0151l. Amerikai pontv\u00e1lt\u00e1st l\u00e1thattunk, a vend\u00e9gek tal\u00e1ltak be el\u0151sz\u00f6r Strong r\u00e9v\u00e9n, amire Dom Davis tudott v\u00e1laszolni hazai oldalon. J\u00f3l bekezdett az ellenf\u00e9l l\u00e9gi\u00f3sa, aki a k\u00f6vetkez\u0151 t\u00e1mad\u00e1s sor\u00e1n is eredm\u00e9nyes tudott lenni. Mindk\u00e9t egy\u00fcttes agressz\u00edv let\u00e1mad\u00e1ssal zavarta az ellenfelet, ami az els\u0151 percekben tal\u00e1n a DKKA-nak siker\u00fclt jobban. Tak\u00e1cs kett\u0151 plusz egy akci\u00f3j\u00e1t k\u00f6vet\u0151en 2-7 \u00e1llt az eredm\u00e9nyjelz\u0151n, Dom David egy labdaszerz\u00e9st k\u00f6vet\u0151en tudott jav\u00edtani, \u00e1m Mad\u00e1r Eszti r\u00f6vid id\u0151 alatt k\u00e9t szem\u00e9lyi hib\u00e1t is \u00f6sszegy\u0171jt\u00f6tt. Marisa k\u00e9t b\u00fcntet\u0151j\u00e9t k\u00f6vet\u0151en hat pontra n\u0151tt a k\u00fcl\u00f6nbs\u00e9g, Salamon Zs\u00f3fi tudott jav\u00edtani egy \u00fajabb Vasas labdaszerz\u00e9sb\u0151l. T\u00f6bb kihagyott h\u00e1rompontos ut\u00e1n J\u00e1hni Zs\u00f3fi v\u00e9gre eredm\u00e9nyes tudott lenni, ezzel a tal\u00e1lattal egy pontra z\u00e1rk\u00f3ztunk. Tak\u00e1cs b\u00fcntet\u0151it k\u00f6vet\u0151en a cserek\u00e9nt \u00e9rkez\u0151 K\u00e1d\u00e1r Orsi sz\u00e1ll be j\u00f3l a j\u00e1t\u00e9kba, r\u00f6gt\u00f6n egy faultot harcol ki, r\u00e1ad\u00e1sul mindk\u00e9t b\u00fcntet\u0151t be is dobta fiatal center\u00fcnk. Dom Davis dupl\u00e1j\u00e1val pedig a vezet\u00e9st is siker\u00fclt \u00e1tvenn\u00fcnk, a kezdeti neh\u00e9zs\u00e9gek ut\u00e1n magukra tal\u00e1ltak a l\u00e1nyok. Nenad Markovic pedig vakon b\u00edzott tan\u00edtv\u00e1nyaiba, a n\u00e9gy csapathiba ellen\u00e9re maradt az eg\u00e9sz p\u00e1ly\u00e1s let\u00e1mad\u00e1s. Ir\u00e1ny\u00edt\u00f3nk \u00fajabb labd\u00e1t szerzett, ez\u00fattal egy sz\u00e9p ind\u00edt\u00e1st k\u00f6vet\u0151en Szerencs\u00e9s Tami fejezte be az akci\u00f3t. 15-12-n\u00e9l k\u00e9rt id\u0151t a DKKA, de a vend\u00e9gek hull\u00e1mv\u00f6lgy\u00e9t a r\u00f6vid kupaktan\u00e1cs sem tudta megszak\u00edtani. Dom \u00e9s Tami csapd\u00e1zta be ellenfel\u00e9t, majd J\u00e1hni Zs\u00f3fi \u00e9rt\u00e9kes\u00edtett h\u00e1rompontost. Lend\u00fcletbe j\u00f6tt\u00fcnk, ir\u00e1ny\u00edt\u00f3nk faulttal egy\u00fctt dobott be egy par\u00e1d\u00e9s ziccert, r\u00e1ad\u00e1sul a plusz egyet is hozz\u00e1 sz\u00e1molhattuk. Strong igyekezett rendezni a feh\u00e9rv\u00e1ri sorokat, de J\u00e1hni r\u00f6gt\u00f6n v\u00e1laszolt a dupl\u00e1j\u00e1ra, majd Borka Boricic is b\u00e1mulatos kett\u0151 plusz egy akci\u00f3t mutatott be. A remek negyedet Mad\u00e1r Kata koron\u00e1zta e egy tripl\u00e1val, Bork\u00e1t\u00f3l \u00e9rkezett a remek assziszt, a Vasas pedig 13 pontos el\u0151nnyel z\u00e1rta az els\u0151 t\u00edz percet.<\/p>\n<p><img loading=\"lazy\" decoding=\"async\" class=\" wp-image-14540 aligncenter\" src=\"https:\/\/vasasbasket.hu\/wp-content\/uploads\/2024\/12\/AS-100.jpg\" alt=\"\" width=\"1299\" height=\"866\" srcset=\"https:\/\/vasasbasket.hu\/wp-content\/uploads\/2024\/12\/AS-100.jpg 2500w, https:\/\/vasasbasket.hu\/wp-content\/uploads\/2024\/12\/AS-100-300x200.jpg 300w, https:\/\/vasasbasket.hu\/wp-content\/uploads\/2024\/12\/AS-100-1024x683.jpg 1024w, https:\/\/vasasbasket.hu\/wp-content\/uploads\/2024\/12\/AS-100-768x512.jpg 768w, https:\/\/vasasbasket.hu\/wp-content\/uploads\/2024\/12\/AS-100-1536x1024.jpg 1536w, https:\/\/vasasbasket.hu\/wp-content\/uploads\/2024\/12\/AS-100-2048x1366.jpg 2048w, https:\/\/vasasbasket.hu\/wp-content\/uploads\/2024\/12\/AS-100-128x85.jpg 128w, https:\/\/vasasbasket.hu\/wp-content\/uploads\/2024\/12\/AS-100-32x21.jpg 32w, https:\/\/vasasbasket.hu\/wp-content\/uploads\/2024\/12\/AS-100-360x240.jpg 360w, https:\/\/vasasbasket.hu\/wp-content\/uploads\/2024\/12\/AS-100-98x65.jpg 98w, https:\/\/vasasbasket.hu\/wp-content\/uploads\/2024\/12\/AS-100-570x380.jpg 570w, https:\/\/vasasbasket.hu\/wp-content\/uploads\/2024\/12\/AS-100-440x293.jpg 440w\" sizes=\"auto, (max-width: 1299px) 100vw, 1299px\" \/><\/p>\n<p>Kapkodott a DKKA a folytat\u00e1sban, k\u00e9t j\u00f3l kidolgozott helyzet\u00fck is kimaradt, m\u00edg a t\u00faloldalon Mad\u00e1r Kata megint eredm\u00e9nyes volt a h\u00e1rompontos vonalon t\u00falr\u00f3l. Heged\u0171s k\u00e9t b\u00fcntet\u0151j\u00e9t k\u00f6vet\u0151en Boros Berta villant meg ism\u00e9t, el\u0151bbi asszisztja ut\u00e1n ez\u00fattal egy\u00e9ni akci\u00f3b\u00f3l tal\u00e1lt be. \u00d6ssze\u00e1llt a j\u00e1t\u00e9kunk, de \u00edgy is becs\u00faszott egy szokatlan hiba. Bedob\u00e1sb\u00f3l adtuk el a labd\u00e1t, amit Strong b\u00fcntetett meg egy dupl\u00e1val. A kisebb s\u00farl\u00f3d\u00e1sok ellen\u00e9re t\u00e1mad\u00e1sban \u00e9s v\u00e9dekez\u00e9sben is remek\u00fcl k\u00fczd\u00f6tt\u00fcnk, Nenad Markovic azonban finom\u00edt\u00e1s c\u00e9lj\u00e1b\u00f3l id\u0151t k\u00e9rt n\u00e9gy perc j\u00e1t\u00e9k ut\u00e1n. Mad\u00e1r Eszti szok\u00e1sos, t\u00e1mad\u00f3lepattan\u00f3 ut\u00e1ni lesipusk\u00e1s p\u00f6cij\u00e9vel t\u00e9rt\u00fcnk vissza a p\u00e1ly\u00e1ra, majd egy sikeres feh\u00e9rv\u00e1ri let\u00e1mad\u00e1st l\u00e1thattunk Laufer befejez\u00e9ssel. A vend\u00e9gek h\u00faz\u00f3embere Dom Davis-en k\u00f6vetett el faultot, amit vezet\u0151edz\u0151nk sportszer\u0171tlennek l\u00e1tott \u00e9s megv\u00e9t\u00f3zott. Visszan\u00e9zt\u00e9k a j\u00e1t\u00e9kvezet\u0151k, m\u00f3dosult az \u00edt\u00e9let, de a sikeres b\u00fcntet\u0151ket k\u00f6vet\u0151en elmaradt a r\u00e1ad\u00e1s l\u00e1nyainkt\u00f3l. Helyette a v\u00e9dekez\u00e9st dics\u00e9rhett\u00fck, Szerencs\u00e9s Tami sokadj\u00e1ra bizony\u00edtotta kvalit\u00e1s\u00e1t, majd J\u00e1hni Zs\u00f3fi tudott eredm\u00e9nyes lenni m\u00e1sodik sz\u00e1nd\u00e9kb\u00f3l. 41-27-re m\u00f3dosult az eredm\u00e9ny, a DKKA pedig id\u0151t k\u00e9rt. Dom Davis ellen f\u00fajnak faultot a j\u00e1t\u00e9kvezet\u0151k, amivel ir\u00e1ny\u00edt\u00f3nk nem \u00e9rtett egyet, Strong azonban k\u00f6sz\u00f6nte a k\u00e9t b\u00fcntet\u0151t, nem hib\u00e1zott. Amerikai l\u00e9gi\u00f3sunk cser\u00e9be a t\u00faloldalon egy utols\u00f3 m\u00e1sodperces tripl\u00e1val reag\u00e1lt. A f\u00e9lid\u0151 el\u0151tti percekben egy kicsit kiengedt\u00fcnk, \u00edgy a vend\u00e9gek t\u00edz pontra tudtak z\u00e1rk\u00f3zni, \u00e1m Nenad Markovic id\u0151k\u00e9r\u00e9s\u00e9t k\u00f6vet\u0151en Mad\u00e1r Kata h\u00e1rompontos\u00e1t tapsolhatta meg a k\u00f6z\u00f6ns\u00e9g, majd Gelei Karola blokkj\u00e1t is tapsvihar k\u00eds\u00e9rte. 47-36-os el\u0151nnyel z\u00e1rult az els\u0151 k\u00e9t negyed, a legjobb dob\u00f3k Strong (16), Dom Davis (14), J\u00e1hni Zs\u00f3fi (10) voltak.<\/p>\n<p><img loading=\"lazy\" decoding=\"async\" class=\"wp-image-14541 aligncenter\" src=\"https:\/\/vasasbasket.hu\/wp-content\/uploads\/2024\/12\/AS-104.jpg\" alt=\"\" width=\"1300\" height=\"867\" srcset=\"https:\/\/vasasbasket.hu\/wp-content\/uploads\/2024\/12\/AS-104.jpg 2500w, https:\/\/vasasbasket.hu\/wp-content\/uploads\/2024\/12\/AS-104-300x200.jpg 300w, https:\/\/vasasbasket.hu\/wp-content\/uploads\/2024\/12\/AS-104-1024x683.jpg 1024w, https:\/\/vasasbasket.hu\/wp-content\/uploads\/2024\/12\/AS-104-768x512.jpg 768w, https:\/\/vasasbasket.hu\/wp-content\/uploads\/2024\/12\/AS-104-1536x1024.jpg 1536w, https:\/\/vasasbasket.hu\/wp-content\/uploads\/2024\/12\/AS-104-2048x1366.jpg 2048w, https:\/\/vasasbasket.hu\/wp-content\/uploads\/2024\/12\/AS-104-128x85.jpg 128w, https:\/\/vasasbasket.hu\/wp-content\/uploads\/2024\/12\/AS-104-32x21.jpg 32w, https:\/\/vasasbasket.hu\/wp-content\/uploads\/2024\/12\/AS-104-360x240.jpg 360w, https:\/\/vasasbasket.hu\/wp-content\/uploads\/2024\/12\/AS-104-98x65.jpg 98w, https:\/\/vasasbasket.hu\/wp-content\/uploads\/2024\/12\/AS-104-570x380.jpg 570w, https:\/\/vasasbasket.hu\/wp-content\/uploads\/2024\/12\/AS-104-440x293.jpg 440w\" sizes=\"auto, (max-width: 1300px) 100vw, 1300px\" \/><\/p>\n<p>Dom Davis \u00fajabb l\u00e1tv\u00e1nyos kett\u0151 plusz egy akci\u00f3j\u00e1val folytattuk a k\u00fczdelmet, Szerencs\u00e9s Tami vez\u00e9rlet\u00e9vel pedig v\u00e9delm\u00fcnket is dics\u00e9ret illette. Labdaszerz\u00e9ssel \u00e9s Varga dupl\u00e1val reag\u00e1lt ellenfel\u00fcnk, majd Strong tal\u00e1lat\u00e1val \u00fajra t\u00edz pontra felj\u00f6tt a DKKA. Szerencs\u00e9s Tami ez\u00fattal el\u0151l is villant, egyed\u00fcl k\u00fczd\u00f6tte be a labd\u00e1t egy bet\u00f6r\u00e9st k\u00f6vet\u0151en, h\u00e1tul azonban sportszer\u0171tlent f\u00fajtak Dom Davis ellen, aki Heged\u0171st akarta meg\u00e1ll\u00edtani egy taktikai faulttal. N\u00e9gypontos akci\u00f3t hoztak ki a vend\u00e9gek a kapott lehet\u0151s\u00e9gb\u0151l, \u00e9s bek\u00f6sz\u00f6ntek t\u00edz al\u00e1. Nem tartott azonban sok\u00e1ig a feh\u00e9rv\u00e1riak \u00f6r\u00f6me, ir\u00e1ny\u00edt\u00f3nk ugyanis r\u00f6gt\u00f6n egy dupl\u00e1val jav\u00edtotta el\u0151bbi hib\u00e1j\u00e1t. A folytat\u00e1sban egy kicsit visszaesett az energia \u00e9s a sz\u00ednvonal, mindk\u00e9t oldalon hi\u00e1nyoztak a pontok \u00e9s a j\u00f3 megold\u00e1sok. Mad\u00e1r Eszti sikeres b\u00fcntet\u0151i szak\u00edtott\u00e1k meg a csendet, majd J\u00e1hni Zs\u00f3fi is sikeresen teljes\u00edtette ugyan ezt. Ekkor Tak\u00e1cs is megr\u00e1zta mag\u00e1t, a DKKA pontgy\u00e1rt\u00e1sa is megindult, Dom Davis azonban egy k\u00edm\u00e9letlen tripl\u00e1val jelezte, hogy ennek a tal\u00e1lkoz\u00f3nak egyf\u00e9lek\u00e9pp lehet v\u00e9ge. J\u00f6tt is a vend\u00e9g id\u0151k\u00e9r\u00e9s, n\u00e9mileg \u00f6sszeszedte mag\u00e1t ellenfel\u00fcnk, de J\u00e1hni Zs\u00f3fi \u00e9s Szerencs\u00e9s Tami pontjaival tartani tudtuk a k\u00fcl\u00f6nbs\u00e9get.<\/p>\n<p><img loading=\"lazy\" decoding=\"async\" class=\" wp-image-14539 aligncenter\" src=\"https:\/\/vasasbasket.hu\/wp-content\/uploads\/2024\/12\/AS-099.jpg\" alt=\"\" width=\"1299\" height=\"866\" srcset=\"https:\/\/vasasbasket.hu\/wp-content\/uploads\/2024\/12\/AS-099.jpg 2500w, https:\/\/vasasbasket.hu\/wp-content\/uploads\/2024\/12\/AS-099-300x200.jpg 300w, https:\/\/vasasbasket.hu\/wp-content\/uploads\/2024\/12\/AS-099-1024x683.jpg 1024w, https:\/\/vasasbasket.hu\/wp-content\/uploads\/2024\/12\/AS-099-768x512.jpg 768w, https:\/\/vasasbasket.hu\/wp-content\/uploads\/2024\/12\/AS-099-1536x1024.jpg 1536w, https:\/\/vasasbasket.hu\/wp-content\/uploads\/2024\/12\/AS-099-2048x1366.jpg 2048w, https:\/\/vasasbasket.hu\/wp-content\/uploads\/2024\/12\/AS-099-128x85.jpg 128w, https:\/\/vasasbasket.hu\/wp-content\/uploads\/2024\/12\/AS-099-32x21.jpg 32w, https:\/\/vasasbasket.hu\/wp-content\/uploads\/2024\/12\/AS-099-360x240.jpg 360w, https:\/\/vasasbasket.hu\/wp-content\/uploads\/2024\/12\/AS-099-98x65.jpg 98w, https:\/\/vasasbasket.hu\/wp-content\/uploads\/2024\/12\/AS-099-570x380.jpg 570w, https:\/\/vasasbasket.hu\/wp-content\/uploads\/2024\/12\/AS-099-440x293.jpg 440w\" sizes=\"auto, (max-width: 1299px) 100vw, 1299px\" \/><\/p>\n<p>Laufer h\u00e1rompontosa alapozta meg a v\u00e9gj\u00e1t\u00e9kot, \u00e1m Mad\u00e1r Eszti 4 ponttal v\u00e1laszolt hazai oldalon. El\u0151bb k\u00fczdelmes, m\u00e1sodik es\u00e9lyb\u0151l szerzett kos\u00e1rral, majd Boros Berta passz\u00e1b\u00f3l tudott eredm\u00e9nyes lenni. Z\u00e1rk\u00f3z\u00e1s helyett teh\u00e1t tov\u00e1bb n\u0151t a k\u00fcl\u00f6nbs\u00e9g, \u00edgy feh\u00e9rv\u00e1ri id\u0151k\u00e9r\u00e9s k\u00f6vetkezett. Kiv\u00e9dt\u00fck ellenfel\u00fcnk t\u00e1mad\u00e1s\u00e1t, J\u00e1hni Zs\u00f3fi h\u00e1rompontos\u00e1val pedig val\u00f3sz\u00edn\u0171leg a m\u00e9rk\u0151z\u00e9s is eld\u0151lt. Laufer m\u00e9g nem adta fel, de minden pr\u00f3b\u00e1lkoz\u00e1sra volt v\u00e1laszunk, r\u00e1ad\u00e1sul Dom Davis nemcsak hat\u00e9konyan, de nagy kedvvel is j\u00e1tszott. A folytat\u00e1sban egy kicsit sz\u00e9tny\u00edlt a p\u00e1lya, a kialakult k\u00e1osz pedig a DKKA-nak kedvezett. Laufer ez\u00fattal h\u00e1rompontosb\u00f3l volt eredm\u00e9nyes, mi pedig j\u00f3 p\u00e1rszor elcs\u00fasztunk v\u00e9dekez\u00e9sben. Szerencs\u00e9re nem tudta maxim\u00e1lisan kihaszn\u00e1lni hib\u00e1inkat a vend\u00e9g egy\u00fcttes, hull\u00e1mv\u00f6lgy\u00fcnket pedig K\u00e1d\u00e1r Orsi szak\u00edtotta meg egy j\u00f3 helyezked\u00e9s ut\u00e1ni ziccerrel. H\u00e1rom perccel a tal\u00e1lkoz\u00f3 v\u00e9ge el\u0151tt m\u00e9g id\u0151t k\u00e9rt a DKKA, tov\u00e1bbra is Laufer dob\u00e1saiban b\u00edznak a feh\u00e9rv\u00e1riak, de a rutinos j\u00e1t\u00e9kos nem tal\u00e1lt be. Helyette a mi pontgy\u00e1rt\u00f3nk, Dom Davis jeleskedett ism\u00e9t. J\u00f3 v\u00e9dekez\u00e9st k\u00f6vet\u0151en K\u00e1d\u00e1r Orsi dobhatott tiszta ziccert, majd ism\u00e9t fiatal center\u00fcnk tudott eredm\u00e9nyes lenni. H\u00fasz pont f\u00f6l\u00e9 n\u0151tt a k\u00fcl\u00f6nbs\u00e9g, Tak\u00e1cs azonban az utols\u00f3 m\u00e1sodpercekben behozta h\u00fasz al\u00e1 csapat\u00e1t. Meg\u00e9rdemelt, magabiztos gy\u0151zelmet aratott a Vasas Akad\u00e9mia, amely az els\u0151 p\u00e1r perc bizonytalans\u00e1ga ut\u00e1n t\u00f6retlen\u00fcl \u00e9s nagyobb hiba n\u00e9lk\u00fcl menetelt el\u0151re a v\u00e9gs\u0151 dudasz\u00f3ig.<\/p>\n<p><em>Nem sz\u00e1m\u00edtottunk k\u00f6nny\u0171 meccsre, tudtuk, hogy negyven percen kereszt\u00fcl koncentr\u00e1ltan kell j\u00e1tszanunk. T\u00f6bbsz\u00f6r is el\u0151fordult, hogy ellenfel\u00fcnk k\u00f6zelebb tudott z\u00e1rk\u00f3zni, de a l\u00e1nyok v\u00e9gig f\u00f3kuszban maradtak \u00e9s megtartott\u00e1k az el\u0151nyt. Tov\u00e1bb\u00e1 j\u00e1r az\u00e9rt is a gratul\u00e1ci\u00f3, mert j\u00f3l kezelt\u00fck, hogy csapatkapit\u00e1nyunk \u00e9s els\u0151sz\u00e1m\u00fa center\u00fcnk, Moln\u00e1r-Bud\u00e1csik Dorka n\u00e9lk\u00fcl l\u00e9pt\u00fcnk p\u00e1ly\u00e1ra, az \u0151t helyettes\u00edt\u0151 Salamon Zs\u00f3fi pedig alig h\u00e1rom perc alatt s\u00e9r\u00fclt le. Mindenki, aki j\u00e1t\u00e9klehet\u0151s\u00e9get kapott maxim\u00e1lisan teljes\u00edtette a t\u0151le elv\u00e1rtakat. \u00d6r\u00fcl\u00f6k a gy\u0151zelemnek, k\u00e9sz\u00fcl\u00fcnk a k\u00f6vetkez\u0151, BEAC elleni meccsre<\/em> &#8211; nyilatkozott a m\u00e9rk\u0151z\u00e9s v\u00e9g\u00e9n Nenad Markovic, a Vasas Akad\u00e9mia vezet\u0151edz\u0151je.<\/p>\n<p><strong>Vasas Akad\u00e9mia &#8211; D\u00e1vid Korn\u00e9l KA 83-64<\/strong> (29-16, 18-20, 19-16, 17-12)<\/p>\n<p><img loading=\"lazy\" decoding=\"async\" class=\" wp-image-14544 aligncenter\" src=\"https:\/\/vasasbasket.hu\/wp-content\/uploads\/2024\/12\/Kepernyokep-2024-12-14-212223.png\" alt=\"\" width=\"800\" height=\"764\" srcset=\"https:\/\/vasasbasket.hu\/wp-content\/uploads\/2024\/12\/Kepernyokep-2024-12-14-212223.png 847w, https:\/\/vasasbasket.hu\/wp-content\/uploads\/2024\/12\/Kepernyokep-2024-12-14-212223-300x287.png 300w, https:\/\/vasasbasket.hu\/wp-content\/uploads\/2024\/12\/Kepernyokep-2024-12-14-212223-768x734.png 768w, https:\/\/vasasbasket.hu\/wp-content\/uploads\/2024\/12\/Kepernyokep-2024-12-14-212223-128x122.png 128w, https:\/\/vasasbasket.hu\/wp-content\/uploads\/2024\/12\/Kepernyokep-2024-12-14-212223-32x32.png 32w, https:\/\/vasasbasket.hu\/wp-content\/uploads\/2024\/12\/Kepernyokep-2024-12-14-212223-98x94.png 98w, https:\/\/vasasbasket.hu\/wp-content\/uploads\/2024\/12\/Kepernyokep-2024-12-14-212223-570x544.png 570w, https:\/\/vasasbasket.hu\/wp-content\/uploads\/2024\/12\/Kepernyokep-2024-12-14-212223-440x420.png 440w\" sizes=\"auto, (max-width: 800px) 100vw, 800px\" \/><\/p>\n<p><strong>Fot\u00f3: Kov\u00e1cs Tam\u00e1s<\/strong><\/p>\n","protected":false},"excerpt":{"rendered":"<p>Kiv\u00e1l\u00f3an teljes\u00edtett a Vasas Akad\u00e9mia a Tippmix N\u0151i NBI\/A bajnoks\u00e1g 12. fordul\u00f3j\u00e1n a D\u00e1vid Korn\u00e9l KA ellen. Nenad Markovic tan\u00edtv\u00e1nyai remek energi\u00e1val, magabiztosan j\u00e1tszottak, ami egy k\u00f6zel h\u00fasz pontos, 83-64-es gy\u0151zelmet eredm\u00e9nyezett. Moln\u00e1r-Bud\u00e1csik Dorka bokas\u00e9r\u00fcl\u00e9s miatt nem tudott p\u00e1ly\u00e1ra l\u00e9pni, n\u00e9lk\u00fcl\u00f6zni kellett teh\u00e1t a csapatkapit\u00e1nyt, visszat\u00e9rt azonban Mad\u00e1r Eszti, aki \u00edgy r\u00f6gt\u00f6n a kezd\u0151ben kapott&#8230;<\/p>\n","protected":false},"author":3,"featured_media":14542,"comment_status":"closed","ping_status":"closed","sticky":false,"template":"","format":"standard","meta":{"footnotes":""},"categories":[49,52,92],"tags":[],"class_list":["post-14537","post","type-post","status-publish","format-standard","has-post-thumbnail","hentry","category-nb1","category-serdulo","category-hirek"],"yoast_head":"<!-- This site is optimized with the Yoast SEO plugin v26.0 - https:\/\/yoast.com\/wordpress\/plugins\/seo\/ -->\n<title>Magabiztos j\u00e1t\u00e9kkal megvan a hetedik gy\u0151zelm\u00fcnk - Vasas n\u0151i kos\u00e1rlabda<\/title>\n<meta name=\"robots\" content=\"index, follow, max-snippet:-1, max-image-preview:large, max-video-preview:-1\" \/>\n<link rel=\"canonical\" href=\"https:\/\/vasasbasket.hu\/index.php\/magabiztos-jatekkal-megvan-a-hetedik-gyozelmunk\/\" \/>\n<meta property=\"og:locale\" content=\"hu_HU\" \/>\n<meta property=\"og:type\" content=\"article\" \/>\n<meta property=\"og:title\" content=\"Magabiztos j\u00e1t\u00e9kkal megvan a hetedik gy\u0151zelm\u00fcnk - Vasas n\u0151i kos\u00e1rlabda\" \/>\n<meta property=\"og:description\" content=\"Kiv\u00e1l\u00f3an teljes\u00edtett a Vasas Akad\u00e9mia a Tippmix N\u0151i NBI\/A bajnoks\u00e1g 12. fordul\u00f3j\u00e1n a D\u00e1vid Korn\u00e9l KA ellen. Nenad Markovic tan\u00edtv\u00e1nyai remek energi\u00e1val, magabiztosan j\u00e1tszottak, ami egy k\u00f6zel h\u00fasz pontos, 83-64-es gy\u0151zelmet eredm\u00e9nyezett. Moln\u00e1r-Bud\u00e1csik Dorka bokas\u00e9r\u00fcl\u00e9s miatt nem tudott p\u00e1ly\u00e1ra l\u00e9pni, n\u00e9lk\u00fcl\u00f6zni kellett teh\u00e1t a csapatkapit\u00e1nyt, visszat\u00e9rt azonban Mad\u00e1r Eszti, aki \u00edgy r\u00f6gt\u00f6n a kezd\u0151ben kapott...\" \/>\n<meta property=\"og:url\" content=\"https:\/\/vasasbasket.hu\/index.php\/magabiztos-jatekkal-megvan-a-hetedik-gyozelmunk\/\" \/>\n<meta property=\"og:site_name\" content=\"Vasas n\u0151i kos\u00e1rlabda\" \/>\n<meta property=\"article:publisher\" content=\"https:\/\/www.facebook.com\/vasaswbasket\/\" \/>\n<meta property=\"article:published_time\" content=\"2024-12-14T20:32:00+00:00\" \/>\n<meta property=\"article:modified_time\" content=\"2024-12-14T21:01:14+00:00\" \/>\n<meta property=\"og:image\" content=\"https:\/\/vasasbasket.hu\/wp-content\/uploads\/2024\/12\/AS-108.jpg\" \/>\n\t<meta property=\"og:image:width\" content=\"2500\" \/>\n\t<meta property=\"og:image:height\" content=\"1667\" \/>\n\t<meta property=\"og:image:type\" content=\"image\/jpeg\" \/>\n<meta name=\"author\" content=\"Staszelis Rafal\" \/>\n<meta name=\"twitter:card\" content=\"summary_large_image\" \/>\n<meta name=\"twitter:label1\" content=\"Szerz\u0151:\" \/>\n\t<meta name=\"twitter:data1\" content=\"Staszelis Rafal\" \/>\n\t<meta name=\"twitter:label2\" content=\"Becs\u00fclt olvas\u00e1si id\u0151\" \/>\n\t<meta name=\"twitter:data2\" content=\"7 perc\" \/>\n<script type=\"application\/ld+json\" class=\"yoast-schema-graph\">{\"@context\":\"https:\/\/schema.org\",\"@graph\":[{\"@type\":\"Article\",\"@id\":\"https:\/\/vasasbasket.hu\/index.php\/magabiztos-jatekkal-megvan-a-hetedik-gyozelmunk\/#article\",\"isPartOf\":{\"@id\":\"https:\/\/vasasbasket.hu\/index.php\/magabiztos-jatekkal-megvan-a-hetedik-gyozelmunk\/\"},\"author\":{\"name\":\"Staszelis Rafal\",\"@id\":\"https:\/\/vasasbasket.hu\/#\/schema\/person\/cce3d40284d729c98742af771668678b\"},\"headline\":\"Magabiztos j\u00e1t\u00e9kkal megvan a hetedik gy\u0151zelm\u00fcnk\",\"datePublished\":\"2024-12-14T20:32:00+00:00\",\"dateModified\":\"2024-12-14T21:01:14+00:00\",\"mainEntityOfPage\":{\"@id\":\"https:\/\/vasasbasket.hu\/index.php\/magabiztos-jatekkal-megvan-a-hetedik-gyozelmunk\/\"},\"wordCount\":1752,\"publisher\":{\"@id\":\"https:\/\/vasasbasket.hu\/#organization\"},\"image\":{\"@id\":\"https:\/\/vasasbasket.hu\/index.php\/magabiztos-jatekkal-megvan-a-hetedik-gyozelmunk\/#primaryimage\"},\"thumbnailUrl\":\"https:\/\/vasasbasket.hu\/wp-content\/uploads\/2024\/12\/AS-108.jpg\",\"articleSection\":[\"NB1\/A\",\"Serd\u00fcl\u0151\",\"\u00d6sszes H\u00edr\"],\"inLanguage\":\"hu\"},{\"@type\":\"WebPage\",\"@id\":\"https:\/\/vasasbasket.hu\/index.php\/magabiztos-jatekkal-megvan-a-hetedik-gyozelmunk\/\",\"url\":\"https:\/\/vasasbasket.hu\/index.php\/magabiztos-jatekkal-megvan-a-hetedik-gyozelmunk\/\",\"name\":\"Magabiztos j\u00e1t\u00e9kkal megvan a hetedik gy\u0151zelm\u00fcnk - Vasas n\u0151i kos\u00e1rlabda\",\"isPartOf\":{\"@id\":\"https:\/\/vasasbasket.hu\/#website\"},\"primaryImageOfPage\":{\"@id\":\"https:\/\/vasasbasket.hu\/index.php\/magabiztos-jatekkal-megvan-a-hetedik-gyozelmunk\/#primaryimage\"},\"image\":{\"@id\":\"https:\/\/vasasbasket.hu\/index.php\/magabiztos-jatekkal-megvan-a-hetedik-gyozelmunk\/#primaryimage\"},\"thumbnailUrl\":\"https:\/\/vasasbasket.hu\/wp-content\/uploads\/2024\/12\/AS-108.jpg\",\"datePublished\":\"2024-12-14T20:32:00+00:00\",\"dateModified\":\"2024-12-14T21:01:14+00:00\",\"breadcrumb\":{\"@id\":\"https:\/\/vasasbasket.hu\/index.php\/magabiztos-jatekkal-megvan-a-hetedik-gyozelmunk\/#breadcrumb\"},\"inLanguage\":\"hu\",\"potentialAction\":[{\"@type\":\"ReadAction\",\"target\":[\"https:\/\/vasasbasket.hu\/index.php\/magabiztos-jatekkal-megvan-a-hetedik-gyozelmunk\/\"]}]},{\"@type\":\"ImageObject\",\"inLanguage\":\"hu\",\"@id\":\"https:\/\/vasasbasket.hu\/index.php\/magabiztos-jatekkal-megvan-a-hetedik-gyozelmunk\/#primaryimage\",\"url\":\"https:\/\/vasasbasket.hu\/wp-content\/uploads\/2024\/12\/AS-108.jpg\",\"contentUrl\":\"https:\/\/vasasbasket.hu\/wp-content\/uploads\/2024\/12\/AS-108.jpg\",\"width\":2500,\"height\":1667},{\"@type\":\"BreadcrumbList\",\"@id\":\"https:\/\/vasasbasket.hu\/index.php\/magabiztos-jatekkal-megvan-a-hetedik-gyozelmunk\/#breadcrumb\",\"itemListElement\":[{\"@type\":\"ListItem\",\"position\":1,\"name\":\"Kezd\u0151lap\",\"item\":\"https:\/\/vasasbasket.hu\/\"},{\"@type\":\"ListItem\",\"position\":2,\"name\":\"Magabiztos j\u00e1t\u00e9kkal megvan a hetedik gy\u0151zelm\u00fcnk\"}]},{\"@type\":\"WebSite\",\"@id\":\"https:\/\/vasasbasket.hu\/#website\",\"url\":\"https:\/\/vasasbasket.hu\/\",\"name\":\"Vasas n\u0151i kos\u00e1rlabda\",\"description\":\"Vasas Basket N\u0151i\",\"publisher\":{\"@id\":\"https:\/\/vasasbasket.hu\/#organization\"},\"potentialAction\":[{\"@type\":\"SearchAction\",\"target\":{\"@type\":\"EntryPoint\",\"urlTemplate\":\"https:\/\/vasasbasket.hu\/?s={search_term_string}\"},\"query-input\":{\"@type\":\"PropertyValueSpecification\",\"valueRequired\":true,\"valueName\":\"search_term_string\"}}],\"inLanguage\":\"hu\"},{\"@type\":\"Organization\",\"@id\":\"https:\/\/vasasbasket.hu\/#organization\",\"name\":\"Vasas n\u0151i kos\u00e1rlabda\",\"url\":\"https:\/\/vasasbasket.hu\/\",\"logo\":{\"@type\":\"ImageObject\",\"inLanguage\":\"hu\",\"@id\":\"https:\/\/vasasbasket.hu\/#\/schema\/logo\/image\/\",\"url\":\"https:\/\/vasasbasket.hu\/wp-content\/uploads\/2017\/03\/vasas_cimer_1200.jpg\",\"contentUrl\":\"https:\/\/vasasbasket.hu\/wp-content\/uploads\/2017\/03\/vasas_cimer_1200.jpg\",\"width\":1200,\"height\":1200,\"caption\":\"Vasas n\u0151i kos\u00e1rlabda\"},\"image\":{\"@id\":\"https:\/\/vasasbasket.hu\/#\/schema\/logo\/image\/\"},\"sameAs\":[\"https:\/\/www.facebook.com\/vasaswbasket\/\"]},{\"@type\":\"Person\",\"@id\":\"https:\/\/vasasbasket.hu\/#\/schema\/person\/cce3d40284d729c98742af771668678b\",\"name\":\"Staszelis Rafal\",\"image\":{\"@type\":\"ImageObject\",\"inLanguage\":\"hu\",\"@id\":\"https:\/\/vasasbasket.hu\/#\/schema\/person\/image\/\",\"url\":\"https:\/\/secure.gravatar.com\/avatar\/dd648a2eae6e2ec122d87922ad625d8e10c16f8a8b4c7ab41bd9614806a230bb?s=96&d=mm&r=g\",\"contentUrl\":\"https:\/\/secure.gravatar.com\/avatar\/dd648a2eae6e2ec122d87922ad625d8e10c16f8a8b4c7ab41bd9614806a230bb?s=96&d=mm&r=g\",\"caption\":\"Staszelis Rafal\"},\"url\":\"https:\/\/vasasbasket.hu\/index.php\/author\/rafi\/\"}]}<\/script>\n<!-- \/ Yoast SEO plugin. -->","yoast_head_json":{"title":"Magabiztos j\u00e1t\u00e9kkal megvan a hetedik gy\u0151zelm\u00fcnk - Vasas n\u0151i kos\u00e1rlabda","robots":{"index":"index","follow":"follow","max-snippet":"max-snippet:-1","max-image-preview":"max-image-preview:large","max-video-preview":"max-video-preview:-1"},"canonical":"https:\/\/vasasbasket.hu\/index.php\/magabiztos-jatekkal-megvan-a-hetedik-gyozelmunk\/","og_locale":"hu_HU","og_type":"article","og_title":"Magabiztos j\u00e1t\u00e9kkal megvan a hetedik gy\u0151zelm\u00fcnk - Vasas n\u0151i kos\u00e1rlabda","og_description":"Kiv\u00e1l\u00f3an teljes\u00edtett a Vasas Akad\u00e9mia a Tippmix N\u0151i NBI\/A bajnoks\u00e1g 12. fordul\u00f3j\u00e1n a D\u00e1vid Korn\u00e9l KA ellen. Nenad Markovic tan\u00edtv\u00e1nyai remek energi\u00e1val, magabiztosan j\u00e1tszottak, ami egy k\u00f6zel h\u00fasz pontos, 83-64-es gy\u0151zelmet eredm\u00e9nyezett. Moln\u00e1r-Bud\u00e1csik Dorka bokas\u00e9r\u00fcl\u00e9s miatt nem tudott p\u00e1ly\u00e1ra l\u00e9pni, n\u00e9lk\u00fcl\u00f6zni kellett teh\u00e1t a csapatkapit\u00e1nyt, visszat\u00e9rt azonban Mad\u00e1r Eszti, aki \u00edgy r\u00f6gt\u00f6n a kezd\u0151ben kapott...","og_url":"https:\/\/vasasbasket.hu\/index.php\/magabiztos-jatekkal-megvan-a-hetedik-gyozelmunk\/","og_site_name":"Vasas n\u0151i kos\u00e1rlabda","article_publisher":"https:\/\/www.facebook.com\/vasaswbasket\/","article_published_time":"2024-12-14T20:32:00+00:00","article_modified_time":"2024-12-14T21:01:14+00:00","og_image":[{"width":2500,"height":1667,"url":"https:\/\/vasasbasket.hu\/wp-content\/uploads\/2024\/12\/AS-108.jpg","type":"image\/jpeg"}],"author":"Staszelis Rafal","twitter_card":"summary_large_image","twitter_misc":{"Szerz\u0151:":"Staszelis Rafal","Becs\u00fclt olvas\u00e1si id\u0151":"7 perc"},"schema":{"@context":"https:\/\/schema.org","@graph":[{"@type":"Article","@id":"https:\/\/vasasbasket.hu\/index.php\/magabiztos-jatekkal-megvan-a-hetedik-gyozelmunk\/#article","isPartOf":{"@id":"https:\/\/vasasbasket.hu\/index.php\/magabiztos-jatekkal-megvan-a-hetedik-gyozelmunk\/"},"author":{"name":"Staszelis Rafal","@id":"https:\/\/vasasbasket.hu\/#\/schema\/person\/cce3d40284d729c98742af771668678b"},"headline":"Magabiztos j\u00e1t\u00e9kkal megvan a hetedik gy\u0151zelm\u00fcnk","datePublished":"2024-12-14T20:32:00+00:00","dateModified":"2024-12-14T21:01:14+00:00","mainEntityOfPage":{"@id":"https:\/\/vasasbasket.hu\/index.php\/magabiztos-jatekkal-megvan-a-hetedik-gyozelmunk\/"},"wordCount":1752,"publisher":{"@id":"https:\/\/vasasbasket.hu\/#organization"},"image":{"@id":"https:\/\/vasasbasket.hu\/index.php\/magabiztos-jatekkal-megvan-a-hetedik-gyozelmunk\/#primaryimage"},"thumbnailUrl":"https:\/\/vasasbasket.hu\/wp-content\/uploads\/2024\/12\/AS-108.jpg","articleSection":["NB1\/A","Serd\u00fcl\u0151","\u00d6sszes H\u00edr"],"inLanguage":"hu"},{"@type":"WebPage","@id":"https:\/\/vasasbasket.hu\/index.php\/magabiztos-jatekkal-megvan-a-hetedik-gyozelmunk\/","url":"https:\/\/vasasbasket.hu\/index.php\/magabiztos-jatekkal-megvan-a-hetedik-gyozelmunk\/","name":"Magabiztos j\u00e1t\u00e9kkal megvan a hetedik gy\u0151zelm\u00fcnk - Vasas n\u0151i kos\u00e1rlabda","isPartOf":{"@id":"https:\/\/vasasbasket.hu\/#website"},"primaryImageOfPage":{"@id":"https:\/\/vasasbasket.hu\/index.php\/magabiztos-jatekkal-megvan-a-hetedik-gyozelmunk\/#primaryimage"},"image":{"@id":"https:\/\/vasasbasket.hu\/index.php\/magabiztos-jatekkal-megvan-a-hetedik-gyozelmunk\/#primaryimage"},"thumbnailUrl":"https:\/\/vasasbasket.hu\/wp-content\/uploads\/2024\/12\/AS-108.jpg","datePublished":"2024-12-14T20:32:00+00:00","dateModified":"2024-12-14T21:01:14+00:00","breadcrumb":{"@id":"https:\/\/vasasbasket.hu\/index.php\/magabiztos-jatekkal-megvan-a-hetedik-gyozelmunk\/#breadcrumb"},"inLanguage":"hu","potentialAction":[{"@type":"ReadAction","target":["https:\/\/vasasbasket.hu\/index.php\/magabiztos-jatekkal-megvan-a-hetedik-gyozelmunk\/"]}]},{"@type":"ImageObject","inLanguage":"hu","@id":"https:\/\/vasasbasket.hu\/index.php\/magabiztos-jatekkal-megvan-a-hetedik-gyozelmunk\/#primaryimage","url":"https:\/\/vasasbasket.hu\/wp-content\/uploads\/2024\/12\/AS-108.jpg","contentUrl":"https:\/\/vasasbasket.hu\/wp-content\/uploads\/2024\/12\/AS-108.jpg","width":2500,"height":1667},{"@type":"BreadcrumbList","@id":"https:\/\/vasasbasket.hu\/index.php\/magabiztos-jatekkal-megvan-a-hetedik-gyozelmunk\/#breadcrumb","itemListElement":[{"@type":"ListItem","position":1,"name":"Kezd\u0151lap","item":"https:\/\/vasasbasket.hu\/"},{"@type":"ListItem","position":2,"name":"Magabiztos j\u00e1t\u00e9kkal megvan a hetedik gy\u0151zelm\u00fcnk"}]},{"@type":"WebSite","@id":"https:\/\/vasasbasket.hu\/#website","url":"https:\/\/vasasbasket.hu\/","name":"Vasas n\u0151i kos\u00e1rlabda","description":"Vasas Basket N\u0151i","publisher":{"@id":"https:\/\/vasasbasket.hu\/#organization"},"potentialAction":[{"@type":"SearchAction","target":{"@type":"EntryPoint","urlTemplate":"https:\/\/vasasbasket.hu\/?s={search_term_string}"},"query-input":{"@type":"PropertyValueSpecification","valueRequired":true,"valueName":"search_term_string"}}],"inLanguage":"hu"},{"@type":"Organization","@id":"https:\/\/vasasbasket.hu\/#organization","name":"Vasas n\u0151i kos\u00e1rlabda","url":"https:\/\/vasasbasket.hu\/","logo":{"@type":"ImageObject","inLanguage":"hu","@id":"https:\/\/vasasbasket.hu\/#\/schema\/logo\/image\/","url":"https:\/\/vasasbasket.hu\/wp-content\/uploads\/2017\/03\/vasas_cimer_1200.jpg","contentUrl":"https:\/\/vasasbasket.hu\/wp-content\/uploads\/2017\/03\/vasas_cimer_1200.jpg","width":1200,"height":1200,"caption":"Vasas n\u0151i kos\u00e1rlabda"},"image":{"@id":"https:\/\/vasasbasket.hu\/#\/schema\/logo\/image\/"},"sameAs":["https:\/\/www.facebook.com\/vasaswbasket\/"]},{"@type":"Person","@id":"https:\/\/vasasbasket.hu\/#\/schema\/person\/cce3d40284d729c98742af771668678b","name":"Staszelis Rafal","image":{"@type":"ImageObject","inLanguage":"hu","@id":"https:\/\/vasasbasket.hu\/#\/schema\/person\/image\/","url":"https:\/\/secure.gravatar.com\/avatar\/dd648a2eae6e2ec122d87922ad625d8e10c16f8a8b4c7ab41bd9614806a230bb?s=96&d=mm&r=g","contentUrl":"https:\/\/secure.gravatar.com\/avatar\/dd648a2eae6e2ec122d87922ad625d8e10c16f8a8b4c7ab41bd9614806a230bb?s=96&d=mm&r=g","caption":"Staszelis Rafal"},"url":"https:\/\/vasasbasket.hu\/index.php\/author\/rafi\/"}]}},"_links":{"self":[{"href":"https:\/\/vasasbasket.hu\/index.php\/wp-json\/wp\/v2\/posts\/14537","targetHints":{"allow":["GET"]}}],"collection":[{"href":"https:\/\/vasasbasket.hu\/index.php\/wp-json\/wp\/v2\/posts"}],"about":[{"href":"https:\/\/vasasbasket.hu\/index.php\/wp-json\/wp\/v2\/types\/post"}],"author":[{"embeddable":true,"href":"https:\/\/vasasbasket.hu\/index.php\/wp-json\/wp\/v2\/users\/3"}],"replies":[{"embeddable":true,"href":"https:\/\/vasasbasket.hu\/index.php\/wp-json\/wp\/v2\/comments?post=14537"}],"version-history":[{"count":3,"href":"https:\/\/vasasbasket.hu\/index.php\/wp-json\/wp\/v2\/posts\/14537\/revisions"}],"predecessor-version":[{"id":14547,"href":"https:\/\/vasasbasket.hu\/index.php\/wp-json\/wp\/v2\/posts\/14537\/revisions\/14547"}],"wp:featuredmedia":[{"embeddable":true,"href":"https:\/\/vasasbasket.hu\/index.php\/wp-json\/wp\/v2\/media\/14542"}],"wp:attachment":[{"href":"https:\/\/vasasbasket.hu\/index.php\/wp-json\/wp\/v2\/media?parent=14537"}],"wp:term":[{"taxonomy":"category","embeddable":true,"href":"https:\/\/vasasbasket.hu\/index.php\/wp-json\/wp\/v2\/categories?post=14537"},{"taxonomy":"post_tag","embeddable":true,"href":"https:\/\/vasasbasket.hu\/index.php\/wp-json\/wp\/v2\/tags?post=14537"}],"curies":[{"name":"wp","href":"https:\/\/api.w.org\/{rel}","templated":true}]}}